{"id":35681,"date":"2026-04-15T12:03:20","date_gmt":"2026-04-15T15:03:20","guid":{"rendered":"https:\/\/www.sportchaco.com.ar\/?p=35681"},"modified":"2026-04-15T12:04:31","modified_gmt":"2026-04-15T15:04:31","slug":"agustin-marchesin-se-rompio-los-ligamentos","status":"publish","type":"post","link":"https:\/\/www.sportchaco.com.ar\/?p=35681","title":{"rendered":"Agust\u00edn Marches\u00edn se rompi\u00f3 los ligamentos"},"content":{"rendered":"<div class=\"nota__heading\">\n<h1 class=\"nota__heading__title\"><span style=\"font-size: 16px; font-weight: 400;\">\u00a015 de abril de 2026<\/span><\/h1>\n<\/div>\n<div class=\"nota__main-media\">\n<div class=\"nota__main-media__legend\"><\/div>\n<\/div>\n<div class=\"nota__body\">\n<div class=\"container\">\n<div class=\"row\">\n<div class=\"eg-grid eg-grid--content\">\n<div class=\"eg-cell__1-1\">\n<div class=\"col-xs-24 col-sm-4 eg-social eg-social--vert\">\n<h2 class=\"addthis_sharing_toolbox nota_body_social\"><\/h2>\n<\/div>\n<\/div>\n<div class=\"eg-cell__2-1\">\n<h2 data-path-to-node=\"0\"><span style=\"color: #000000;\"><a style=\"color: #000000;\" href=\"https:\/\/www.elgrafico.com.ar\/articulo\/conmebol-libertadores\/99214\/me-rompi-la-rodilla-la-lesion-de-marchesin-y-que-dijo-el-medico-de-boca\">Lo que deb\u00eda ser una noche de celebraci\u00f3n en\u00a0<b data-index-in-node=\"45\" data-path-to-node=\"1\">La Bombonera<\/b>\u00a0termin\u00f3 convirti\u00e9ndose en una pesadilla para todo el mundo\u00a0<b data-index-in-node=\"117\" data-path-to-node=\"1\">Boca<\/b>.\u00a0<\/a>En el marco del duelo ante\u00a0<b data-index-in-node=\"150\" data-path-to-node=\"1\">Barcelona de Ecuador<\/b>, apenas hab\u00edan transcurrido nueve minutos de juego cuando el estadio qued\u00f3 en absoluto silencio.<\/span><\/h2>\n<p>&nbsp;<\/p>\n<p data-path-to-node=\"0\"><b data-index-in-node=\"268\" data-path-to-node=\"1\">Agust\u00edn Marches\u00edn<\/b>, quien recientemente hab\u00eda recuperado la titularidad, sufri\u00f3 una impactante lesi\u00f3n en su rodilla derecha que lo oblig\u00f3 a abandonar el campo de juego entre l\u00e1grimas.<\/p>\n<div class=\"twitter-tweet twitter-tweet-rendered\"><iframe id=\"twitter-widget-0\" class=\"\" title=\"X Post\" src=\"https:\/\/platform.twitter.com\/embed\/Tweet.html?dnt=false&amp;embedId=twitter-widget-0&amp;features=eyJ0ZndfdGltZWxpbmVfbGlzdCI6eyJidWNrZXQiOltdLCJ2ZXJzaW9uIjpudWxsfSwidGZ3X2ZvbGxvd2VyX2NvdW50X3N1bnNldCI6eyJidWNrZXQiOnRydWUsInZlcnNpb24iOm51bGx9LCJ0ZndfdHdlZXRfZWRpdF9iYWNrZW5kIjp7ImJ1Y2tldCI6Im9uIiwidmVyc2lvbiI6bnVsbH0sInRmd19yZWZzcmNfc2Vzc2lvbiI6eyJidWNrZXQiOiJvbiIsInZlcnNpb24iOm51bGx9LCJ0ZndfZm9zbnJfc29mdF9pbnRlcnZlbnRpb25zX2VuYWJsZWQiOnsiYnVja2V0Ijoib24iLCJ2ZXJzaW9uIjpudWxsfSwidGZ3X21peGVkX21lZGlhXzE1ODk3Ijp7ImJ1Y2tldCI6InRyZWF0bWVudCIsInZlcnNpb24iOm51bGx9LCJ0ZndfZXhwZXJpbWVudHNfY29va2llX2V4cGlyYXRpb24iOnsiYnVja2V0IjoxMjA5NjAwLCJ2ZXJzaW9uIjpudWxsfSwidGZ3X3Nob3dfYmlyZHdhdGNoX3Bpdm90c19lbmFibGVkIjp7ImJ1Y2tldCI6Im9uIiwidmVyc2lvbiI6bnVsbH0sInRmd19kdXBsaWNhdGVfc2NyaWJlc190b19zZXR0aW5ncyI6eyJidWNrZXQiOiJvbiIsInZlcnNpb24iOm51bGx9LCJ0ZndfdXNlX3Byb2ZpbGVfaW1hZ2Vfc2hhcGVfZW5hYmxlZCI6eyJidWNrZXQiOiJvbiIsInZlcnNpb24iOm51bGx9LCJ0ZndfdmlkZW9faGxzX2R5bmFtaWNfbWFuaWZlc3RzXzE1MDgyIjp7ImJ1Y2tldCI6InRydWVfYml0cmF0ZSIsInZlcnNpb24iOm51bGx9LCJ0ZndfbGVnYWN5X3RpbWVsaW5lX3N1bnNldCI6eyJidWNrZXQiOnRydWUsInZlcnNpb24iOm51bGx9LCJ0ZndfdHdlZXRfZWRpdF9mcm9udGVuZCI6eyJidWNrZXQiOiJvbiIsInZlcnNpb24iOm51bGx9fQ%3D%3D&amp;frame=false&amp;hideCard=false&amp;hideThread=false&amp;id=2044416001660334177&amp;lang=es&amp;origin=https%3A%2F%2Fwww.elgrafico.com.ar%2Farticulo%2Fconmebol-libertadores%2F99221%2Fse-confirmo-la-grave-lesion-de-agustin-marchesin&amp;sessionId=fac592f0de72a82eb90cc90a4a47034f608f21e6&amp;siteScreenName=elgraficoweb&amp;theme=light&amp;widgetsVersion=2615f7e52b7e0%3A1702314776716&amp;width=550px\" frameborder=\"0\" scrolling=\"no\" allowfullscreen=\"allowfullscreen\" data-tweet-id=\"2044416001660334177\" data-mce-fragment=\"1\"><\/iframe><\/div>\n<p>&nbsp;<\/p>\n<p data-path-to-node=\"2\">El infortunio ocurri\u00f3 de manera solitaria: al arquero\u00a0<b data-index-in-node=\"54\" data-path-to-node=\"2\">se le trab\u00f3 la pierna<\/b>\u00a0mientras intentaba cubrir su palo en una jugada de rutina. Los gestos de dolor y la inmediata solicitud de cambio preve\u00edan lo peor. Seg\u00fan revelaron sus propios compa\u00f1eros tras el encuentro, el futbolista ya sospechaba la gravedad del diagn\u00f3stico en el mismo c\u00e9sped, repitiendo con angustia una frase que cal\u00f3 hondo en el plantel:\u00a0<b data-index-in-node=\"406\" data-path-to-node=\"2\">\u00abMe romp\u00ed la rodilla\u00bb<\/b>.<\/p>\n<div class=\"nota__main-media\"><\/div>\n<h2 class=\"nota__inner-title\">Un diagn\u00f3stico que sacude los planes de Boca<\/h2>\n<p>&nbsp;<\/p>\n<p data-path-to-node=\"5\">Tras el pitazo final, la preocupaci\u00f3n se traslad\u00f3 a los micr\u00f3fonos. El entrenador\u00a0<b data-index-in-node=\"82\" data-path-to-node=\"5\">Claudio \u00dabeda<\/b>\u00a0fue cauto pero pesimista al admitir que las sensaciones no eran buenas, mientras que el referente\u00a0<b data-index-in-node=\"194\" data-path-to-node=\"5\">Leandro Paredes<\/b>\u00a0fue mucho m\u00e1s contundente. El mediocampista confes\u00f3 que, si bien restan estudios m\u00e9dicos oficiales, el doctor del club les adelant\u00f3 en la intimidad del vestuario que se trata de una\u00a0<b data-index-in-node=\"392\" data-path-to-node=\"5\">rotura de ligamentos cruzados anteriores. Fuente El Gr\u00e1fico<\/b><\/p>\n<div class=\"twitter-tweet twitter-tweet-rendered\"><img loading=\"lazy\" decoding=\"async\" class=\"alignnone size-medium wp-image-35683 aligncenter\" src=\"https:\/\/www.sportchaco.com.ar\/wp-content\/uploads\/2026\/04\/WhatsApp-Image-2026-04-15-at-11.19.47-240x300.jpeg\" alt=\"\" width=\"240\" height=\"300\" srcset=\"https:\/\/www.sportchaco.com.ar\/wp-content\/uploads\/2026\/04\/WhatsApp-Image-2026-04-15-at-11.19.47-240x300.jpeg 240w, https:\/\/www.sportchaco.com.ar\/wp-content\/uploads\/2026\/04\/WhatsApp-Image-2026-04-15-at-11.19.47-819x1024.jpeg 819w, https:\/\/www.sportchaco.com.ar\/wp-content\/uploads\/2026\/04\/WhatsApp-Image-2026-04-15-at-11.19.47-768x960.jpeg 768w, https:\/\/www.sportchaco.com.ar\/wp-content\/uploads\/2026\/04\/WhatsApp-Image-2026-04-15-at-11.19.47.jpeg 1080w\" sizes=\"auto, (max-width: 240px) 100vw, 240px\" \/><\/div>\n<\/div>\n<\/div>\n<\/div>\n<\/div>\n<\/div>\n","protected":false},"excerpt":{"rendered":"<p>\u00a015 de abril de 2026 Lo que deb\u00eda ser una noche de celebraci\u00f3n en\u00a0La Bombonera\u00a0termin\u00f3 convirti\u00e9ndose en una pesadilla para todo el mundo\u00a0Boca.\u00a0En el marco del duelo ante\u00a0Barcelona de Ecuador, apenas hab\u00edan transcurrido nueve minutos de juego cuando el estadio qued\u00f3 en absoluto silencio. &nbsp; Agust\u00edn Marches\u00edn, quien recientemente hab\u00eda recuperado la titularidad, sufri\u00f3 una &hellip;<\/p>\n","protected":false},"author":2,"featured_media":35682,"comment_status":"open","ping_status":"open","sticky":false,"template":"","format":"standard","meta":{"footnotes":""},"categories":[47],"tags":[],"class_list":["post-35681","post","type-post","status-publish","format-standard","has-post-thumbnail","hentry","category-nacionales"],"_links":{"self":[{"href":"https:\/\/www.sportchaco.com.ar\/index.php?rest_route=\/wp\/v2\/posts\/35681","targetHints":{"allow":["GET"]}}],"collection":[{"href":"https:\/\/www.sportchaco.com.ar\/index.php?rest_route=\/wp\/v2\/posts"}],"about":[{"href":"https:\/\/www.sportchaco.com.ar\/index.php?rest_route=\/wp\/v2\/types\/post"}],"author":[{"embeddable":true,"href":"https:\/\/www.sportchaco.com.ar\/index.php?rest_route=\/wp\/v2\/users\/2"}],"replies":[{"embeddable":true,"href":"https:\/\/www.sportchaco.com.ar\/index.php?rest_route=%2Fwp%2Fv2%2Fcomments&post=35681"}],"version-history":[{"count":3,"href":"https:\/\/www.sportchaco.com.ar\/index.php?rest_route=\/wp\/v2\/posts\/35681\/revisions"}],"predecessor-version":[{"id":35686,"href":"https:\/\/www.sportchaco.com.ar\/index.php?rest_route=\/wp\/v2\/posts\/35681\/revisions\/35686"}],"wp:featuredmedia":[{"embeddable":true,"href":"https:\/\/www.sportchaco.com.ar\/index.php?rest_route=\/wp\/v2\/media\/35682"}],"wp:attachment":[{"href":"https:\/\/www.sportchaco.com.ar\/index.php?rest_route=%2Fwp%2Fv2%2Fmedia&parent=35681"}],"wp:term":[{"taxonomy":"category","embeddable":true,"href":"https:\/\/www.sportchaco.com.ar\/index.php?rest_route=%2Fwp%2Fv2%2Fcategories&post=35681"},{"taxonomy":"post_tag","embeddable":true,"href":"https:\/\/www.sportchaco.com.ar\/index.php?rest_route=%2Fwp%2Fv2%2Ftags&post=35681"}],"curies":[{"name":"wp","href":"https:\/\/api.w.org\/{rel}","templated":true}]}}