{"id":35688,"date":"2026-04-15T12:21:27","date_gmt":"2026-04-15T15:21:27","guid":{"rendered":"https:\/\/www.sportchaco.com.ar\/?p=35688"},"modified":"2026-04-15T12:21:49","modified_gmt":"2026-04-15T15:21:49","slug":"eduardo-coudet-mete-mano-en-el-equipo-para-recibir-a-carabobo","status":"publish","type":"post","link":"https:\/\/www.sportchaco.com.ar\/?p=35688","title":{"rendered":"Eduardo Coudet mete mano en el equipo para recibir a Carabobo"},"content":{"rendered":"<div class=\"nota__heading\">\n<h3 class=\"nota__heading__subtitle\"><span style=\"color: #000000;\">Con el foco puesto en el Supercl\u00e1sico del pr\u00f3ximo domingo, River Plate se prepara para afrontar su segundo compromiso en la Copa Sudamericana. <a style=\"color: #000000;\" href=\"https:\/\/www.elgrafico.com.ar\/categoria\/1121\/conmebol-sudamericana\">Con el foco puesto en el\u00a0<b data-index-in-node=\"25\" data-path-to-node=\"1\">Supercl\u00e1sico<\/b>\u00a0del pr\u00f3ximo domingo,\u00a0<b data-index-in-node=\"59\" data-path-to-node=\"1\">River Plate<\/b>\u00a0se prepara para afrontar su segundo compromiso en la\u00a0<b data-index-in-node=\"124\" data-path-to-node=\"1\">Copa Sudamericana<\/b>.<\/a>\u00a0Este mi\u00e9rcoles, desde las 21:30, el conjunto de N\u00fa\u00f1ez recibir\u00e1 a\u00a0<b data-index-in-node=\"208\" data-path-to-node=\"1\">Carabobo<\/b>\u00a0en el Monumental, y el entrenador\u00a0<b data-index-in-node=\"251\" data-path-to-node=\"1\">Eduardo Coudet<\/b>\u00a0ha decidido implementar una\u00a0<b data-index-in-node=\"294\" data-path-to-node=\"1\">rotaci\u00f3n masiva<\/b>\u00a0en la alineaci\u00f3n titular para preservar a sus figuras clave de cara al duelo contra Boca Juniors.<\/span><\/h3>\n<p style=\"text-align: center;\">\n<\/div>\n<div class=\"nota__body\">\n<div class=\"container\">\n<div class=\"row\">\n<div class=\"eg-grid eg-grid--content\">\n<div class=\"eg-cell__2-1\">\n<p data-path-to-node=\"2\">En el arco no habr\u00e1 sorpresas, ya que\u00a0<b data-index-in-node=\"38\" data-path-to-node=\"2\">Santiago Beltr\u00e1n<\/b>\u00a0seguir\u00e1 como el due\u00f1o de los tres palos. El juvenil llega con la confianza por las nubes tras alcanzar su\u00a0<b data-index-in-node=\"161\" data-path-to-node=\"2\">novena valla invicta<\/b>\u00a0en el reciente triunfo ante Racing, consolid\u00e1ndose como una de las grandes apariciones de la era del Chacho.<\/p>\n<p>&nbsp;<\/p>\n<p data-path-to-node=\"2\">La \u00faltima l\u00ednea presentar\u00e1 modificaciones significativas respecto al equipo que viene de ganar en el Cilindro. En los laterales se mantendr\u00e1n\u00a0<b data-index-in-node=\"142\" data-path-to-node=\"5\">Fabricio Bustos<\/b>\u00a0y\u00a0<b data-index-in-node=\"160\" data-path-to-node=\"5\">Mat\u00edas Vi\u00f1a<\/b>, quienes ya compartieron banda en el debut copero en la altura de Bolivia. Sin embargo, la zaga central se renueva:\u00a0<b data-index-in-node=\"288\" data-path-to-node=\"5\">Lucas Mart\u00ednez Quarta tendr\u00e1 descanso<\/b>\u00a0y su lugar ser\u00e1 ocupado por\u00a0<b data-index-in-node=\"354\" data-path-to-node=\"5\">Lautaro Rivero<\/b>, quien vuelve a la actividad tras cumplir una sanci\u00f3n por amarillas.<\/p>\n<p data-path-to-node=\"6\">La mayor novedad radica en la presencia de\u00a0<b data-index-in-node=\"43\" data-path-to-node=\"6\">Germ\u00e1n Pezzella<\/b>. El experimentado defensor central y campe\u00f3n del mundo parece haberle ganado la pulseada al juvenil Tob\u00edas Ram\u00edrez para aportar el liderazgo necesario en un partido internacional que, aunque River parte como favorito, requiere m\u00e1xima concentraci\u00f3n.<\/p>\n<p data-path-to-node=\"6\">El sector medio del campo ser\u00e1 el que m\u00e1s cambios experimente. Coudet apostar\u00e1 por un cuarteto con buen pie y marca para dominar a un Carabobo que llega motivado tras vencer a Bragantino. Los elegidos para manejar los hilos del Millonario ser\u00e1n\u00a0<b data-index-in-node=\"245\" data-path-to-node=\"9\">Kevin Casta\u00f1o, Fausto Vera, Juan Cruz Meza y el talentoso Juan Fernando Quintero<\/b>, quien buscar\u00e1 ser el eje creativo del equipo.<\/p>\n<p>&nbsp;<\/p>\n<p data-path-to-node=\"10\">Para la zona de definici\u00f3n, el Chacho se inclinar\u00eda por una dupla joven y explosiva conformada por\u00a0<b data-index-in-node=\"99\" data-path-to-node=\"10\">Ian Subiabre y Joaqu\u00edn Freitas<\/b>, d\u00e1ndole descanso a los delanteros habituales para que lleguen al cien por ciento al domingo.<\/p>\n<p data-path-to-node=\"10\">El partido contar\u00e1 con el arbitraje de\u00a0<b data-index-in-node=\"39\" data-path-to-node=\"13\">Kevin Ortega<\/b>\u00a0y ser\u00e1 transmitido por las se\u00f1ales de\u00a0<b data-index-in-node=\"90\" data-path-to-node=\"13\">ESPN y DSports<\/b>. En un Monumental que promete estar colmado, River buscar\u00e1 los tres puntos para acomodarse en lo m\u00e1s alto del Grupo H. Fuente El Gr\u00e1fico<\/p>\n<h2 class=\"nota__inner-title\">LA PROBABLE FORMACI\u00d3N DE RIVER<\/h2>\n<p>&nbsp;<\/p>\n<p data-path-to-node=\"14\">La probable formaci\u00f3n del Millonario para saltar a la cancha ser\u00eda con:\u00a0<b data-index-in-node=\"72\" data-path-to-node=\"14\">Santiago Beltr\u00e1n; Fabricio Bustos, Germ\u00e1n Pezzella, Lautaro Rivero, Mat\u00edas Vi\u00f1a; Kevin Casta\u00f1o, Fausto Vera, Juan Cruz Meza, Juan Fernando Quintero; Ian Subiabre y Joaqu\u00edn Freitas.<\/b><\/p>\n<div class=\"twitter-tweet twitter-tweet-rendered\"><img loading=\"lazy\" decoding=\"async\" class=\"alignnone size-medium wp-image-35683 aligncenter\" src=\"https:\/\/www.sportchaco.com.ar\/wp-content\/uploads\/2026\/04\/WhatsApp-Image-2026-04-15-at-11.19.47-240x300.jpeg\" alt=\"\" width=\"240\" height=\"300\" srcset=\"https:\/\/www.sportchaco.com.ar\/wp-content\/uploads\/2026\/04\/WhatsApp-Image-2026-04-15-at-11.19.47-240x300.jpeg 240w, https:\/\/www.sportchaco.com.ar\/wp-content\/uploads\/2026\/04\/WhatsApp-Image-2026-04-15-at-11.19.47-819x1024.jpeg 819w, https:\/\/www.sportchaco.com.ar\/wp-content\/uploads\/2026\/04\/WhatsApp-Image-2026-04-15-at-11.19.47-768x960.jpeg 768w, https:\/\/www.sportchaco.com.ar\/wp-content\/uploads\/2026\/04\/WhatsApp-Image-2026-04-15-at-11.19.47.jpeg 1080w\" sizes=\"auto, (max-width: 240px) 100vw, 240px\" \/><\/div>\n<p>&nbsp;<\/p>\n<p data-path-to-node=\"14\">\n<\/div>\n<\/div>\n<\/div>\n<\/div>\n<\/div>\n","protected":false},"excerpt":{"rendered":"<p>Con el foco puesto en el Supercl\u00e1sico del pr\u00f3ximo domingo, River Plate se prepara para afrontar su segundo compromiso en la Copa Sudamericana. Con el foco puesto en el\u00a0Supercl\u00e1sico\u00a0del pr\u00f3ximo domingo,\u00a0River Plate\u00a0se prepara para afrontar su segundo compromiso en la\u00a0Copa Sudamericana.\u00a0Este mi\u00e9rcoles, desde las 21:30, el conjunto de N\u00fa\u00f1ez recibir\u00e1 a\u00a0Carabobo\u00a0en el Monumental, y el &hellip;<\/p>\n","protected":false},"author":2,"featured_media":35689,"comment_status":"open","ping_status":"open","sticky":false,"template":"","format":"standard","meta":{"footnotes":""},"categories":[47],"tags":[],"class_list":["post-35688","post","type-post","status-publish","format-standard","has-post-thumbnail","hentry","category-nacionales"],"_links":{"self":[{"href":"https:\/\/www.sportchaco.com.ar\/index.php?rest_route=\/wp\/v2\/posts\/35688","targetHints":{"allow":["GET"]}}],"collection":[{"href":"https:\/\/www.sportchaco.com.ar\/index.php?rest_route=\/wp\/v2\/posts"}],"about":[{"href":"https:\/\/www.sportchaco.com.ar\/index.php?rest_route=\/wp\/v2\/types\/post"}],"author":[{"embeddable":true,"href":"https:\/\/www.sportchaco.com.ar\/index.php?rest_route=\/wp\/v2\/users\/2"}],"replies":[{"embeddable":true,"href":"https:\/\/www.sportchaco.com.ar\/index.php?rest_route=%2Fwp%2Fv2%2Fcomments&post=35688"}],"version-history":[{"count":2,"href":"https:\/\/www.sportchaco.com.ar\/index.php?rest_route=\/wp\/v2\/posts\/35688\/revisions"}],"predecessor-version":[{"id":35691,"href":"https:\/\/www.sportchaco.com.ar\/index.php?rest_route=\/wp\/v2\/posts\/35688\/revisions\/35691"}],"wp:featuredmedia":[{"embeddable":true,"href":"https:\/\/www.sportchaco.com.ar\/index.php?rest_route=\/wp\/v2\/media\/35689"}],"wp:attachment":[{"href":"https:\/\/www.sportchaco.com.ar\/index.php?rest_route=%2Fwp%2Fv2%2Fmedia&parent=35688"}],"wp:term":[{"taxonomy":"category","embeddable":true,"href":"https:\/\/www.sportchaco.com.ar\/index.php?rest_route=%2Fwp%2Fv2%2Fcategories&post=35688"},{"taxonomy":"post_tag","embeddable":true,"href":"https:\/\/www.sportchaco.com.ar\/index.php?rest_route=%2Fwp%2Fv2%2Ftags&post=35688"}],"curies":[{"name":"wp","href":"https:\/\/api.w.org\/{rel}","templated":true}]}}