{"id":3569,"date":"2023-12-09T12:54:42","date_gmt":"2023-12-09T15:54:42","guid":{"rendered":"https:\/\/www.sportchaco.com.ar\/?p=3569"},"modified":"2023-12-09T12:54:42","modified_gmt":"2023-12-09T15:54:42","slug":"for-ever-trabaja-en-la-conformacion-del-plantel-2024","status":"publish","type":"post","link":"https:\/\/www.sportchaco.com.ar\/?p=3569","title":{"rendered":"For Ever trabaja en la conformaci\u00f3n del plantel 2024"},"content":{"rendered":"<p>Si bien todav\u00eda no hay formato confirmado y mucho menos una fecha de inicio de la competencia oficial, For Ever se mueve en el mercado y contin\u00faa negociando y armando el plantel que competir\u00e1 en la temporada 2024 de la Primera Nacional de F\u00fatbol.<\/p>\n<p>La idea de los dirigentes y del flamante entrenador Diego Osella es tener la gran mayor\u00eda de plantel el mi\u00e9rcoles 3 de enero, cuando los jugadores inicien la pretemporada, ya que se estima que el certamen comenzar\u00e1 a mediados de febrero.<\/p>\n<p>En este marco, en las \u00faltimas horas se confirmaron algunas salidas, tales son el caso del delantero Mat\u00edas Romero, que no lleg\u00f3 a un acuerdo econ\u00f3mico con el club y todo hace indicar que dejar\u00e1 For Ever.<\/p>\n<p>Por otro lado, el arquero Luciano \u00abPipi\u00bb Silva se despidi\u00f3 de la instituci\u00f3n y ya arregl\u00f3 condiciones con Trist\u00e1n Su\u00e1rez.<\/p>\n<p>Otro que dijo adi\u00f3s, como se preve\u00eda, fue el zaguero Gino Barbieri, que tiene ofertas del exterior, y el que tampoco seguir\u00e1 es el delantero Gonzalo R\u00edos, que no era prioridad en su puesto.<\/p>\n<p>El que s\u00ed arregl\u00f3 y continuar\u00e1 es el zaguero David Valdez, que se recupera de una rotura de ligamentos y ya estar\u00eda 10 puntos para el inicio del campeonato.<\/p>\n<p>En las pr\u00f3ximas horas seguir\u00e1n las reuniones para tratar de sellar las continuidades y que puedan firmar Gast\u00f3n Canuto,Juan Galetto, Yair Mar\u00edn, Javier Bayk, Alan Sombra, entre otros. La idea tambi\u00e9n es poder renovar los pr\u00e9stamos de Brian Nievas (Patronato) y Jonathan Dellarossa (Instituto).<\/p>\n<p>El que volvi\u00f3 de su pr\u00e9stamo en Mitre y ser\u00e1 analizado pro Osella es el volante derecho Marcos Gim\u00e9nez, y en cuanto a Gast\u00f3n Novero, que estuvo a pr\u00e9stamo en Patronato, la intenci\u00f3n del media punta ser\u00eda no continuar en el club chaque\u00f1o, pero antes deber\u00e1 negociar su rescisi\u00f3n ya que tiene un a\u00f1o m\u00e1s de contrato.<\/p>\n<p>En cuanto a los refuerzos, se estima que en las pr\u00f3ximas horas habr\u00e1 novedades. Arribar\u00e1n al club m\u00e1s de 10 jugadores: un arquero; un lateral derecho; dos o tres centrales; dos laterales izquierdos; tres o cuatro volantes; tres o cuatro delanteros.<\/p>\n<p>&nbsp;<\/p>\n<h2>EL PLANTEL ACTUAL<\/h2>\n<p><strong>Arqueros<\/strong><\/p>\n<p>Gast\u00f3n Canuto<\/p>\n<p>Leandro Ledesma (tiene que volver de Juventud de Tirol)<\/p>\n<p><strong>Defensores<\/strong><\/p>\n<p>Juan Galetto<\/p>\n<p>David Valdez<\/p>\n<p>Yair Mar\u00edn<\/p>\n<p>Ricardo Garay Lima<\/p>\n<p>Marcos Fissore<\/p>\n<p>Dami\u00e1n Garc\u00eda<\/p>\n<p><strong>Volantes<\/strong><\/p>\n<p>Javier Iritier<\/p>\n<p>Marcos Gim\u00e9nez (regres\u00f3 de su pr\u00e9stamo en Mitre)<\/p>\n<p>Brian Nievas<\/p>\n<p>Mateo Maccari (hab\u00eda rescindido, pero acord\u00f3 su regreso con la vuelta de Osella)<\/p>\n<p>Javier Bayk<\/p>\n<p>Alan Sombra<\/p>\n<p>Santiago Valenzuela<\/p>\n<p>H\u00e9ctor Zabala<\/p>\n<p><strong>Delanteros<\/strong><\/p>\n<p>Jonathan Dellarossa<\/p>\n<p>Alejandro Aquino<\/p>\n<p>&nbsp;<\/p>\n<h2>SE IR\u00cdAN<\/h2>\n<p>Diego S\u00e1nchez Paredes<\/p>\n<p>Cristian Ibarra<\/p>\n<p>&nbsp;<\/p>\n<h2>SE FUERON<\/h2>\n<p><strong>Arquero<\/strong><\/p>\n<p>Luciano Silva (Trist\u00e1n Su\u00e1rez)<\/p>\n<p><strong>Defensores<\/strong><\/p>\n<p>Lucas Fern\u00e1ndez<\/p>\n<p>Facundo Monteseir\u00edn<\/p>\n<p>Ignacio Abraham<\/p>\n<p>Gino Barbieri.<\/p>\n<p>Emir Faccioli<\/p>\n<p><strong>Volantes<\/strong><\/p>\n<p>Nicol\u00e1s Ju\u00e1rez (Sarmiento de La Banda)<\/p>\n<p>Enzo Bruno (Guaran\u00ed A. Franco)<\/p>\n<p>Emiliano Bogado<\/p>\n<p>Emanuel D\u00edaz<\/p>\n<p>Claudio Villagra<\/p>\n<p>Leandro Allende<\/p>\n<p><strong>Delanteros<\/strong><\/p>\n<p>Nicol\u00e1s Silva<\/p>\n<p>Gonzalo R\u00edos<\/p>\n<p>Mat\u00edas Romero<\/p>\n","protected":false},"excerpt":{"rendered":"<p>Si bien todav\u00eda no hay formato confirmado y mucho menos una fecha de inicio de la competencia oficial, For Ever se mueve en el mercado y contin\u00faa negociando y armando el plantel que competir\u00e1 en la temporada 2024 de la Primera Nacional de F\u00fatbol. La idea de los dirigentes y del flamante entrenador Diego Osella &hellip;<\/p>\n","protected":false},"author":3,"featured_media":2572,"comment_status":"open","ping_status":"open","sticky":false,"template":"","format":"standard","meta":{"footnotes":""},"categories":[5],"tags":[],"class_list":["post-3569","post","type-post","status-publish","format-standard","has-post-thumbnail","hentry","category-futbol"],"_links":{"self":[{"href":"https:\/\/www.sportchaco.com.ar\/index.php?rest_route=\/wp\/v2\/posts\/3569","targetHints":{"allow":["GET"]}}],"collection":[{"href":"https:\/\/www.sportchaco.com.ar\/index.php?rest_route=\/wp\/v2\/posts"}],"about":[{"href":"https:\/\/www.sportchaco.com.ar\/index.php?rest_route=\/wp\/v2\/types\/post"}],"author":[{"embeddable":true,"href":"https:\/\/www.sportchaco.com.ar\/index.php?rest_route=\/wp\/v2\/users\/3"}],"replies":[{"embeddable":true,"href":"https:\/\/www.sportchaco.com.ar\/index.php?rest_route=%2Fwp%2Fv2%2Fcomments&post=3569"}],"version-history":[{"count":1,"href":"https:\/\/www.sportchaco.com.ar\/index.php?rest_route=\/wp\/v2\/posts\/3569\/revisions"}],"predecessor-version":[{"id":3570,"href":"https:\/\/www.sportchaco.com.ar\/index.php?rest_route=\/wp\/v2\/posts\/3569\/revisions\/3570"}],"wp:featuredmedia":[{"embeddable":true,"href":"https:\/\/www.sportchaco.com.ar\/index.php?rest_route=\/wp\/v2\/media\/2572"}],"wp:attachment":[{"href":"https:\/\/www.sportchaco.com.ar\/index.php?rest_route=%2Fwp%2Fv2%2Fmedia&parent=3569"}],"wp:term":[{"taxonomy":"category","embeddable":true,"href":"https:\/\/www.sportchaco.com.ar\/index.php?rest_route=%2Fwp%2Fv2%2Fcategories&post=3569"},{"taxonomy":"post_tag","embeddable":true,"href":"https:\/\/www.sportchaco.com.ar\/index.php?rest_route=%2Fwp%2Fv2%2Ftags&post=3569"}],"curies":[{"name":"wp","href":"https:\/\/api.w.org\/{rel}","templated":true}]}}