{"id":3584,"date":"2023-12-11T00:01:46","date_gmt":"2023-12-11T03:01:46","guid":{"rendered":"https:\/\/www.sportchaco.com.ar\/?p=3584"},"modified":"2023-12-10T00:42:51","modified_gmt":"2023-12-10T03:42:51","slug":"efemerides-del-11-de-diciembre","status":"publish","type":"post","link":"https:\/\/www.sportchaco.com.ar\/?p=3584","title":{"rendered":"Efem\u00e9rides del 11 de diciembre"},"content":{"rendered":"<p><strong>Estas son las efem\u00e9rides de un 11 de diciembre, del libro \u00ab100 a\u00f1os de historia del deporte en el Chaco\u00bb, del periodista Luis Dar\u00edo Molodezky.<\/strong><\/p>\n<p><img decoding=\"async\" src=\"https:\/\/www.sportchaco.com.ar\/wp-content\/uploads\/2023\/11\/Luis-D-SP-199x300.jpg\" \/><\/p>\n<p><strong>11 de diciembre<\/strong><\/p>\n<p><strong>1922 \/<\/strong> En un gran esfuerzo, For Ever se presenta ante el<br \/>\npoderoso conjunto de Uni\u00f3n, de Santa Fe, perdiendo 4 a 1. El negro<br \/>\nform\u00f3 con R. R\u00edos; A. M\u00fcller y M. A. Talenti; R. Palamedi, L. S.<br \/>\nMonge, C. M\u00fcller, J. Almeida Huerta, Molina, A. E. Fern\u00e1ndez<br \/>\nRuiz, D\u00fao y B. Almeida. Arbitro: Larrain Bermejo.<\/p>\n<p><strong>1955 \/<\/strong> Chaco se retira del XXIII Campeonato Argentino<br \/>\nde B\u00e1squetbol, que se realiza en Tucum\u00e1n, al ser intervenida<br \/>\nla Federaci\u00f3n de Mendoza por la Confederaci\u00f3n Argentina de<br \/>\nDeportes (Comit\u00e9 Ol\u00edmpico). Lo hizo, junto con otros quince equipos<br \/>\nprovinciales intervinientes, cuando se encontraba realizando<br \/>\nuna gran actuaci\u00f3n.<\/p>\n<p><strong>1955 \/<\/strong> En la \u00faltima fecha del campeonato de Primera divisi\u00f3n de la AFA, Ferrocarril Oeste golea a Rosario Central por 4 a 1, con tres goles de Nelson Mart\u00ednez. El partido se jug\u00f3 en el estadio de Caballito.<\/p>\n<p><strong>1959 \/<\/strong> El Aero Club Chaco y el gobierno provincial, firman un convenio para la constituci\u00f3n de la empresa mixta \u00abAerochaco\u00bb. Firman por la parte estatal el gobernador Anselmo Duca y el ministro Julio Kesselman, y por el sector privado, Ambrosio J. Pujal, H\u00e9ctor Pi\u00f1ero y Jaime H. He\u00f1\u00edn.<\/p>\n<p><strong>1978 \/<\/strong> La Federaci\u00f3n Regional 7 de Automovilismo,<br \/>\nproclam\u00f3 a los campeones del a\u00f1o del Zonal. En la Clase A campe\u00f3n<br \/>\nOscar Alfredo Capitanich y subcampe\u00f3n Jos\u00e9 Mar\u00eda Cao. En<br \/>\nla B Armando Mauricio Franco y Carlos Ram\u00f3n Reiche; en la C<br \/>\nJorge Daniel Mehechen y Rodolfo Trendel; en la D Enrique Urrutia<br \/>\ny Jorge Daniel Mehechen. En la F\u00f3rmula Chaque\u00f1a N\u00e9stor Rovere<br \/>\ny Rodolfo Galo Bergallo.<\/p>\n<p><strong>1986 \/<\/strong> Cosecha logra su primer t\u00edtulo oficial de la<br \/>\nAsociaci\u00f3n de B\u00e1squetbol de Resistencia, al vencer a Villa San Mart\u00edn<br \/>\npor 102-90, con un cuestionado arbitraje de Hugo G\u00f3mez y<br \/>\nPablo Burich. El equipo dirigido por Ra\u00fal Stegelman, tuvo en su<br \/>\nplantel a Roberto Catarozzi, Vel\u00e1zquez Ibalo, Steve Washington,<br \/>\nHugo Montes y Marcus Adams.<\/p>\n<p><strong>2004 \/<\/strong> Fallece tragicamente el ex futbolista de For<br \/>\nEver, Talleres, V\u00e9lez, Boca y la Selecci\u00f3n Argentina Jos\u00e9 Luis<br \/>\nCucciuffo, al dispararse accidentalmente un arma de fuego, mientras<br \/>\ncazaba en Carmen de Patagones, Buenos Aires.<\/p>\n<p><strong>2004 \/<\/strong> El piloto de motociclismo Ramiro Gandola,<br \/>\nes consagrado deportista del a\u00f1o por el C\u00edrculo de Periodistas Deportivos<br \/>\ndel Chaco, durante la Fiesta Anual realizada en el Club<br \/>\nSarmiento. La n\u00f3mina de atletas distinguidos es: ajedrez Julio S.<br \/>\nMoreno Kaenel, \u00e1rbitro Miguel Maz\u00f3n, atletismo Damaris Solange<br \/>\nGalarza, artes marciales Mat\u00edas Bernardi, automovilismo Sebasti\u00e1n<br \/>\nL\u00f3pez Pablos, b\u00e1squetbol Dar\u00edo Vega, bochas Ceferino Saucedo,<br \/>\nboxeo Jose Ganchito G\u00f3mez, canotaje Mar\u00eda Fernanda Lauro, caza<br \/>\nFabi\u00e1n Vrobel, ciclismo Talia Ayel\u00e9n Aguirre, dirigente Roberto<br \/>\nDellamea, equitaci\u00f3n Daniel Seifert, fisicoculturismo Dar\u00edo Pa\u00fal<br \/>\nR\u00edos, f\u00fatbol Christian N\u00fa\u00f1ez, f\u00fatbol femenino Vanina Franco, gimnasia<br \/>\nart\u00edstica Mariano G\u00f3mez Lucuix, golf Anah\u00ed Vega Fern\u00e1ndez<br \/>\nVarela, handball Roberto Oscar Ortiz, hockey Ariel Medvedeff,<br \/>\nhomenaje C\u00e9sar Acu\u00f1a, karting Ariel Dufek, marat\u00f3n Jos\u00e9 Antonio<br \/>\nMuchutti, motociclismo Ramiro Gandola, nataci\u00f3n Mariano<br \/>\nNiveiro, p\u00e1del Daniel y Miguel Codina, pelota Marcelo y Mariano<br \/>\nMar\u00edn, pesca Marcela Rossi, rugby Sonia Viviana Garat, socio honorario<br \/>\nCarlos Cacho Silva, tenis Agust\u00edn Velotti, tenis de mesa<br \/>\nAna Codina, tiro Emilio Heredia, Triatl\u00f3n Franco Artico Denier,<br \/>\nvoleibol Roc\u00edo Rivas, mountain bike Rodrigo Zamudio, yoga art\u00edstico<br \/>\nEmilia Rearte. Homenaje a la trayectoria deportiva en f\u00fatbol<br \/>\nRodolfo Moreno.<\/p>\n<p><strong>2006 \/<\/strong> Daniel Codina recibe el premio como Jugador<br \/>\ndel A\u00f1o por parte de Ajupa, mientras que se consagraron los<br \/>\ncampeones de las distintas categor\u00edas en el circuito \/ En Menores B<br \/>\nJuan Soto; menores A: Santiago Furg\u00f3n y Gast\u00f3n Cintas; veteranos<br \/>\n5\u00aa: Felipe Larrea; veteranos 4\u00aa: Jorge Pagano; damas 5\u00aa: Mirta<br \/>\nC\u00edmbaro Carolina Oviedo; caballeros 6\u00aa: Diego Catrevoux; caballeros<br \/>\n5\u00aa: Leandro Viera; caballeros 4\u00aa: Leo Bea.<\/p>\n<p><strong>2009 \/<\/strong> El joven Franco Stupaczuk recibe el premio<br \/>\nToba como el destacado del 2009 en deportes, por la Uni\u00f3n de<br \/>\nPeriodistas Deportivos del Chaco. El padelista de Juan Jos\u00e9 Castelli<br \/>\nlogr\u00f3 el t\u00edtulo en el Mundial de la categor\u00eda Sub-14, a nivel de selecciones,<br \/>\njunto Mart\u00edn Dinenno, torneo disputado en Sevilla, Espa\u00f1a.<\/p>\n<p>&nbsp;<\/p>\n<p><em>Foto: Ramiro Gandola<\/em><\/p>\n","protected":false},"excerpt":{"rendered":"<p>Estas son las efem\u00e9rides de un 11 de diciembre, del libro \u00ab100 a\u00f1os de historia del deporte en el Chaco\u00bb, del periodista Luis Dar\u00edo Molodezky. 11 de diciembre 1922 \/ En un gran esfuerzo, For Ever se presenta ante el poderoso conjunto de Uni\u00f3n, de Santa Fe, perdiendo 4 a 1. El negro form\u00f3 con &hellip;<\/p>\n","protected":false},"author":3,"featured_media":3585,"comment_status":"open","ping_status":"open","sticky":false,"template":"","format":"standard","meta":{"footnotes":""},"categories":[4,45],"tags":[],"class_list":["post-3584","post","type-post","status-publish","format-standard","has-post-thumbnail","hentry","category-efemerides","category-efemerides-dia-por-dia"],"_links":{"self":[{"href":"https:\/\/www.sportchaco.com.ar\/index.php?rest_route=\/wp\/v2\/posts\/3584","targetHints":{"allow":["GET"]}}],"collection":[{"href":"https:\/\/www.sportchaco.com.ar\/index.php?rest_route=\/wp\/v2\/posts"}],"about":[{"href":"https:\/\/www.sportchaco.com.ar\/index.php?rest_route=\/wp\/v2\/types\/post"}],"author":[{"embeddable":true,"href":"https:\/\/www.sportchaco.com.ar\/index.php?rest_route=\/wp\/v2\/users\/3"}],"replies":[{"embeddable":true,"href":"https:\/\/www.sportchaco.com.ar\/index.php?rest_route=%2Fwp%2Fv2%2Fcomments&post=3584"}],"version-history":[{"count":1,"href":"https:\/\/www.sportchaco.com.ar\/index.php?rest_route=\/wp\/v2\/posts\/3584\/revisions"}],"predecessor-version":[{"id":3586,"href":"https:\/\/www.sportchaco.com.ar\/index.php?rest_route=\/wp\/v2\/posts\/3584\/revisions\/3586"}],"wp:featuredmedia":[{"embeddable":true,"href":"https:\/\/www.sportchaco.com.ar\/index.php?rest_route=\/wp\/v2\/media\/3585"}],"wp:attachment":[{"href":"https:\/\/www.sportchaco.com.ar\/index.php?rest_route=%2Fwp%2Fv2%2Fmedia&parent=3584"}],"wp:term":[{"taxonomy":"category","embeddable":true,"href":"https:\/\/www.sportchaco.com.ar\/index.php?rest_route=%2Fwp%2Fv2%2Fcategories&post=3584"},{"taxonomy":"post_tag","embeddable":true,"href":"https:\/\/www.sportchaco.com.ar\/index.php?rest_route=%2Fwp%2Fv2%2Ftags&post=3584"}],"curies":[{"name":"wp","href":"https:\/\/api.w.org\/{rel}","templated":true}]}}