{"id":3600,"date":"2023-12-10T11:22:08","date_gmt":"2023-12-10T14:22:08","guid":{"rendered":"https:\/\/www.sportchaco.com.ar\/?p=3600"},"modified":"2023-12-10T11:22:09","modified_gmt":"2023-12-10T14:22:09","slug":"demichelis-se-siente-fuerte-en-river","status":"publish","type":"post","link":"https:\/\/www.sportchaco.com.ar\/?p=3600","title":{"rendered":"Demichelis se siente fuerte en River"},"content":{"rendered":"<p id=\"titulo_cable\" class=\"title\">\n<div id=\"div_cuerpo\" class=\"content cable-content\">\nEn la conferencia de prensa posterior al partido, que se disput\u00f3 en el estadio Mario Alberto Kempes de C\u00f3rdoba, el entrenador enfrent\u00f3 preguntas sobre los cuestionamientos recibidos tras los resultados del segundo semestre del a\u00f1o y acept\u00f3 que eso \u00abest\u00e1 instalado\u00bb en la sociedad futbol\u00edstica.<\/p>\n<p>\u00abNo me sub\u00ed al escal\u00f3n del \u00e9xito cuando hab\u00edamos ganado el primer torneo ni me confund\u00ed para perder mis ideales, mi humildad y mis ra\u00edces porque se de donde vengo&#8230; Tampoco me voy a dejar hundir por el mundo externo\u00bb, aclar\u00f3.<\/p>\n<p>River, al mando del ex defensor del seleccionado argentino, fue un brillante campe\u00f3n de la Liga Profesional en el primer semestre, pero en el segundo su equipo baj\u00f3 el rendimiento y qued\u00f3 eliminado de la Copa Libertadores (octavos de final), la Copa de la Liga (semifinales) y la Copa Argentina (16vos. de final), en los dos primeros casos por penales.<\/p>\n<p>\u00abNo leo (las cr\u00edticas), soy inmensamente feliz y lo ser\u00e9 hasta el \u00faltimo d\u00eda que sea el entrenador de River. Me siento con la total fortaleza y entereza para agarrar el auto, ir al River Camp, pararme enfrente del grupo y hacer entrenamientos\u00bb, asegur\u00f3.<\/p>\n<p>\u00abSi me dejo influenciar todo el tiempo por el qu\u00e9 dir\u00e1n es dif\u00edcil de trabajar en un lugar donde hay cantidades de opiniones y est\u00e1 bien: somos un pa\u00eds muy pasional con respecto al f\u00fatbol y a todos nos gusta de alg\u00fan modo opinar\u00bb, entendi\u00f3.<\/p>\n<p>Al buscar explicaciones sobre el rendimiento de River en el segundo semestre, Demichelis expuso: \u00abHago mis an\u00e1lisis con la gente con lo tengo que hacer, intento escuchar pero sigo sintiendo con las fuerzas para lo que viene. Los cuestionamiento no los puedo responder con certeza\u00bb.<\/p>\n<p>\u00abLogramos en seguida en siete meses algo que no era f\u00e1cil\u00bb, record\u00f3 en relaci\u00f3n al primer t\u00edtulo de la era post Marcelo Gallardo. \u00abHay que ajustar detalles. Hoy creo que hicimos un muy buen partido hoy pero eso no le sirve a la gente. Hay que ganar, gustar y golear\u00bb, asumi\u00f3.<\/p>\n<p>\u00abEst\u00e1 claro que 2023 no fue el a\u00f1o de River en los penales\u00bb, lament\u00f3 tras la definici\u00f3n en la que su equipo fall\u00f3 los cuatro disparos ensayados, tres atajados por Jorge Broun (Enzo D\u00edaz, Agust\u00edn Palavecino y Gonzalo Mart\u00ednez) y el restante desviado (Manuel Lanzini).<\/p>\n<p>\u00abNunca quisimos llegar a los penales, lamentablemente no pudimos convertir. Los penales son una parte de la definici\u00f3n, la escenograf\u00eda de un entrenamiento, por m\u00e1s de que se pateen mil penales a la semana, no tiene nada que ver con la escenograf\u00eda de hoy. Incluso los chicos que les ha tocado errar, que han tenido la personalidad y actitud para aceptar rematar, son muy buenos pateadores. Hay que felicitar es al arquero de Rosario Central\u00bb, reconoci\u00f3.<\/p>\n<p>\u00abEstoy muy dolido como el resto del plantel, como el mundo riverplatense. De nada sirven seguramente las explicaciones. Creo que hicimos un muy pero muy buen primer tiempo, neutralizando a un equipo que es seguramente de los mejores contragolpeadores del f\u00fatbol argentino, fuimos protagonistas, dominantes e intentamos hacer m\u00e1s r\u00e1pido el juego\u00bb, repas\u00f3 sobre el desarrollo del juego.<\/p>\n<p>\u00abPero nos falt\u00f3 certeza, nos falt\u00f3 el gol, no pudimos convertir. Estoy dolido como todos los jugadores y como todo el mundo riverplatense\u00bb, concluy\u00f3 Demichelis, cuyo tendr\u00e1 una nueva oportunidad de ganar un t\u00edtulo antes de fin de a\u00f1o.<\/p>\n<p>River disputar\u00e1 el Trofeo de Campeones el viernes 22 de diciembre en Santiago del Estero ante Platense o Rosario Central, que definir\u00e1n la Copa de la Liga el s\u00e1bado pr\u00f3ximo en esa misma provincia.<\/p><\/div>\n","protected":false},"excerpt":{"rendered":"<p>En la conferencia de prensa posterior al partido, que se disput\u00f3 en el estadio Mario Alberto Kempes de C\u00f3rdoba, el entrenador enfrent\u00f3 preguntas sobre los cuestionamientos recibidos tras los resultados del segundo semestre del a\u00f1o y acept\u00f3 que eso \u00abest\u00e1 instalado\u00bb en la sociedad futbol\u00edstica. \u00abNo me sub\u00ed al escal\u00f3n del \u00e9xito cuando hab\u00edamos ganado &hellip;<\/p>\n","protected":false},"author":2,"featured_media":3601,"comment_status":"open","ping_status":"open","sticky":false,"template":"","format":"standard","meta":{"footnotes":""},"categories":[1],"tags":[],"class_list":["post-3600","post","type-post","status-publish","format-standard","has-post-thumbnail","hentry","category-fotos-del-recuerdo"],"_links":{"self":[{"href":"https:\/\/www.sportchaco.com.ar\/index.php?rest_route=\/wp\/v2\/posts\/3600","targetHints":{"allow":["GET"]}}],"collection":[{"href":"https:\/\/www.sportchaco.com.ar\/index.php?rest_route=\/wp\/v2\/posts"}],"about":[{"href":"https:\/\/www.sportchaco.com.ar\/index.php?rest_route=\/wp\/v2\/types\/post"}],"author":[{"embeddable":true,"href":"https:\/\/www.sportchaco.com.ar\/index.php?rest_route=\/wp\/v2\/users\/2"}],"replies":[{"embeddable":true,"href":"https:\/\/www.sportchaco.com.ar\/index.php?rest_route=%2Fwp%2Fv2%2Fcomments&post=3600"}],"version-history":[{"count":1,"href":"https:\/\/www.sportchaco.com.ar\/index.php?rest_route=\/wp\/v2\/posts\/3600\/revisions"}],"predecessor-version":[{"id":3602,"href":"https:\/\/www.sportchaco.com.ar\/index.php?rest_route=\/wp\/v2\/posts\/3600\/revisions\/3602"}],"wp:featuredmedia":[{"embeddable":true,"href":"https:\/\/www.sportchaco.com.ar\/index.php?rest_route=\/wp\/v2\/media\/3601"}],"wp:attachment":[{"href":"https:\/\/www.sportchaco.com.ar\/index.php?rest_route=%2Fwp%2Fv2%2Fmedia&parent=3600"}],"wp:term":[{"taxonomy":"category","embeddable":true,"href":"https:\/\/www.sportchaco.com.ar\/index.php?rest_route=%2Fwp%2Fv2%2Fcategories&post=3600"},{"taxonomy":"post_tag","embeddable":true,"href":"https:\/\/www.sportchaco.com.ar\/index.php?rest_route=%2Fwp%2Fv2%2Ftags&post=3600"}],"curies":[{"name":"wp","href":"https:\/\/api.w.org\/{rel}","templated":true}]}}