{"id":3606,"date":"2023-12-10T14:31:19","date_gmt":"2023-12-10T17:31:19","guid":{"rendered":"https:\/\/www.sportchaco.com.ar\/?p=3606"},"modified":"2023-12-19T12:52:14","modified_gmt":"2023-12-19T15:52:14","slug":"superbike-argentino-salom-el-campeon-2023-hicimos-un-carreron","status":"publish","type":"post","link":"https:\/\/www.sportchaco.com.ar\/?p=3606","title":{"rendered":"Superbike Argentino: Salom, el campe\u00f3n 2023: \u00abHicimos un carrer\u00f3n"},"content":{"rendered":"<p>Superbike Argentino: Salom, el campe\u00f3n 2023: \u00abHicimos un carrer\u00f3<\/p>\n<hr \/>\n<ol>\n<li>por Martin Pace<\/li>\n<li><\/li>\n<li><main id=\"main\">\n<div class=\"main-container\">\n<div class=\"body-content\">\n<div class=\"container\">\n<div class=\"row\">\n<article class=\"post col-12 col-lg-8\">\n<section class=\"border-bottom border-gray pb-3 mb-3\"><strong>aut\u00f3dromo Oscar y Juan G\u00e1lvez,<\/strong>\u00a0de Buenos Aires, fue testigo en horas del mediod\u00eda de este domingo de la final del\u00a0<strong>Superbike Argentino,<\/strong>\u00a0correspondiente al Gran Premio Coronaci\u00f3n de la temporada 2023.La carrera se puso en marcha con<strong>\u00a0Sebasti\u00e1n Salom<\/strong>\u00a0como l\u00edder, quien logr\u00f3 adelantarse sobre el resto tras una veloz salida en los primeros metros. No obstante, el chaque\u00f1o no fue el \u00fanico piloto que tuvo un buen comienzo, debido a que\u00a0<strong>Agust\u00edn Donatti\u00a0<\/strong>parti\u00f3 desde el 11\u00b0 lugar y r\u00e1pidamente se situ\u00f3 2\u00b0.La traves\u00eda del rafaelino en la competencia iba a mejorar a\u00fan m\u00e1s puesto que, antes de que se complete el primer giro, super\u00f3 a Salom y se adue\u00f1\u00f3 de la\u00a0<strong>posici\u00f3n de privilegio.<\/strong><\/p>\n<p>A partir de all\u00ed, tanto<strong>\u00a0Donatti\u00a0<\/strong>como\u00a0<strong>Salom<\/strong>\u00a0se cortaron solos y comenzaron a protagonizar un apasionante duelo en la lucha por el liderazgo. Al llegar al sexto de once giros, el rafaelino segu\u00eda siendo el l\u00edder de la competencia, con una leve diferencia sobre el chaque\u00f1o.<\/p>\n<p>&nbsp;<\/p>\n<p><a href=\"http:\/\/admin.carburando.com\/images\/uploads\/6574c8cba908b056052971.png\"><img decoding=\"async\" src=\"http:\/\/admin.carburando.com\/images\/uploads\/6574c8cba908b056052971.png\" alt=\"\" \/><\/a><\/p>\n<p>En la octava vuelta,<strong>\u00a0Salom\u00a0<\/strong>aprovech\u00f3 el buen ritmo que ven\u00eda sosteniendo previamente y, gracias a una buena maniobra, salt\u00f3 al\u00a0<strong>primer lugar.<\/strong>\u00a0Posteriormente, el oriundo de Resistencia estir\u00f3 la diferencia y, gracias a la victoria, termin\u00f3 consagr\u00e1ndose<strong>\u00a0campe\u00f3n,\u00a0<\/strong>poni\u00e9ndole\u00a0fin a una racha de 10 a\u00f1os sin t\u00edtulos para\u00a0<strong>Honda.<\/strong>\u00a0En tanto, segundo fue Donatti mientras que tercero culmin\u00f3 Alberto Ca\u00f1adas.<\/p>\n<\/section>\n<section class=\"border-bottom border-gray pb-3 mb-3\">\n<div class=\"w-sm-50 mx-auto\">\n<form id=\"newsletter-subscription\">\n<h4 class=\"nexsletter-title h6 small\"><\/h4>\n<div class=\"d-sm-flex justify-content-between form-group\"><input id=\"email\" class=\"form-control\" autocomplete=\"off\" name=\"email\" required=\"\" type=\"email\" value=\"\" placeholder=\"E-mail\" \/><button class=\"btn btn-secondary btn-block d-md-inline-block w-sm-auto w-100 small text-uppercase\" type=\"submit\">SUSCRIBIRME<\/button><\/div>\n<div class=\"form-message\"><\/div>\n<\/form>\n<\/div>\n<\/section>\n<footer class=\"mb-5\">\n<div class=\"metadata line-height-clear text-dark\">\n<address class=\"author mb-0 h6\"><span style=\"font-size: 24px; font-weight: bold;\">\u00a0<\/span><\/address>\n<\/div>\n<\/footer>\n<\/article>\n<\/div>\n<\/div>\n<\/div>\n<\/div>\n<p>&nbsp;<\/p>\n<p><\/main><\/li>\n<\/ol>\n","protected":false},"excerpt":{"rendered":"<p>Superbike Argentino: Salom, el campe\u00f3n 2023: \u00abHicimos un carrer\u00f3 por Martin Pace aut\u00f3dromo Oscar y Juan G\u00e1lvez,\u00a0de Buenos Aires, fue testigo en horas del mediod\u00eda de este domingo de la final del\u00a0Superbike Argentino,\u00a0correspondiente al Gran Premio Coronaci\u00f3n de la temporada 2023.La carrera se puso en marcha con\u00a0Sebasti\u00e1n Salom\u00a0como l\u00edder, quien logr\u00f3 adelantarse sobre el resto &hellip;<\/p>\n","protected":false},"author":2,"featured_media":3607,"comment_status":"open","ping_status":"open","sticky":false,"template":"","format":"standard","meta":{"footnotes":""},"categories":[59],"tags":[],"class_list":["post-3606","post","type-post","status-publish","format-standard","has-post-thumbnail","hentry","category-motociclismo"],"_links":{"self":[{"href":"https:\/\/www.sportchaco.com.ar\/index.php?rest_route=\/wp\/v2\/posts\/3606","targetHints":{"allow":["GET"]}}],"collection":[{"href":"https:\/\/www.sportchaco.com.ar\/index.php?rest_route=\/wp\/v2\/posts"}],"about":[{"href":"https:\/\/www.sportchaco.com.ar\/index.php?rest_route=\/wp\/v2\/types\/post"}],"author":[{"embeddable":true,"href":"https:\/\/www.sportchaco.com.ar\/index.php?rest_route=\/wp\/v2\/users\/2"}],"replies":[{"embeddable":true,"href":"https:\/\/www.sportchaco.com.ar\/index.php?rest_route=%2Fwp%2Fv2%2Fcomments&post=3606"}],"version-history":[{"count":6,"href":"https:\/\/www.sportchaco.com.ar\/index.php?rest_route=\/wp\/v2\/posts\/3606\/revisions"}],"predecessor-version":[{"id":3849,"href":"https:\/\/www.sportchaco.com.ar\/index.php?rest_route=\/wp\/v2\/posts\/3606\/revisions\/3849"}],"wp:featuredmedia":[{"embeddable":true,"href":"https:\/\/www.sportchaco.com.ar\/index.php?rest_route=\/wp\/v2\/media\/3607"}],"wp:attachment":[{"href":"https:\/\/www.sportchaco.com.ar\/index.php?rest_route=%2Fwp%2Fv2%2Fmedia&parent=3606"}],"wp:term":[{"taxonomy":"category","embeddable":true,"href":"https:\/\/www.sportchaco.com.ar\/index.php?rest_route=%2Fwp%2Fv2%2Fcategories&post=3606"},{"taxonomy":"post_tag","embeddable":true,"href":"https:\/\/www.sportchaco.com.ar\/index.php?rest_route=%2Fwp%2Fv2%2Ftags&post=3606"}],"curies":[{"name":"wp","href":"https:\/\/api.w.org\/{rel}","templated":true}]}}