{"id":36118,"date":"2026-04-23T00:17:48","date_gmt":"2026-04-23T03:17:48","guid":{"rendered":"https:\/\/www.sportchaco.com.ar\/?p=36118"},"modified":"2026-04-23T00:19:19","modified_gmt":"2026-04-23T03:19:19","slug":"efemerides-del-23-de-abril-2","status":"publish","type":"post","link":"https:\/\/www.sportchaco.com.ar\/?p=36118","title":{"rendered":"Efem\u00e9rides del 23 de abril"},"content":{"rendered":"<div class=\"container fullwidth-entry-title-wrapper\">\n<div class=\"container-wrapper fullwidth-entry-title\">\n<header class=\"entry-header-outer\">\n<div class=\"entry-header\">\n<div class=\"single-post-meta post-meta clearfix\">\n<div class=\"tie-alignright\"><\/div>\n<\/div>\n<\/div>\n<\/header>\n<\/div>\n<\/div>\n<div id=\"content\" class=\"site-content container\">\n<div id=\"main-content-row\" class=\"tie-row main-content-row\">\n<div class=\"main-content tie-col-md-8 tie-col-xs-12\" role=\"main\">\n<article id=\"the-post\" class=\"container-wrapper post-content tie-standard\">\n<div class=\"featured-area\">\n<div class=\"featured-area-inner\"><\/div>\n<\/div>\n<div id=\"share-buttons-top\" class=\"share-buttons share-buttons-top\"><\/div>\n<div class=\"entry-content entry clearfix\">\n<div class=\"container fullwidth-entry-title-wrapper\">\n<div class=\"container-wrapper fullwidth-entry-title\">\n<header class=\"entry-header-outer\">\n<div class=\"entry-header\">\n<h1 class=\"post-title entry-title\"><\/h1>\n<\/div>\n<\/header>\n<\/div>\n<\/div>\n<div id=\"content\" class=\"site-content container\">\n<div id=\"main-content-row\" class=\"tie-row main-content-row\">\n<div class=\"main-content tie-col-md-8 tie-col-xs-12\" role=\"main\">\n<article id=\"the-post\" class=\"container-wrapper post-content tie-standard\">\n<div class=\"featured-area\">\n<div class=\"featured-area-inner\"><\/div>\n<\/div>\n<div class=\"entry-content entry clearfix\">\n<h4><strong>Esta es la Efem\u00e9rides del Deporte en el Chaco de un 23 de abril del periodista Luis Dar\u00edo Molodezky.<\/strong><\/h4>\n<p>&nbsp;<\/p>\n<p><img loading=\"lazy\" decoding=\"async\" class=\"aligncenter\" src=\"https:\/\/scontent.fcnq2-2.fna.fbcdn.net\/v\/t39.30808-6\/679626426_3886933138283044_1702757993910902980_n.jpg?_nc_cat=104&amp;ccb=1-7&amp;_nc_sid=13d280&amp;_nc_ohc=s9WJRuXOskEQ7kNvwH7eZ47&amp;_nc_oc=AdqEfVKNBiewaUpGI3iXI4SIDAetpFLAzJ9Bf5y8_XbAhbsj6OjGNbXm3lCQGiiSDPA&amp;_nc_zt=23&amp;_nc_ht=scontent.fcnq2-2.fna&amp;_nc_gid=5N3NIGGm77yNMPK-BaqyFA&amp;_nc_ss=7a3a8&amp;oh=00_Af0AgPurBBzqiNanVIcZIfpaOHPxAXWEvKbJfXCiCdb6TA&amp;oe=69EED852\" alt=\"Puede ser una imagen de una o varias personas y texto\" width=\"490\" height=\"303\" \/><\/p>\n<p><em><strong>Luis Dar\u00edo Molodezky con Marcos Cima y Ram\u00f3n Gonz\u00e1lez arriba, y el Chino Benitez, Della Savia, Adolfo Pedrnera y Se\u00f1ora abajo. Fiesta de la Iga de Veteranos.<\/strong><\/em><\/p>\n<p><strong>1920\u00a0<\/strong>\/ Nace en Vera, Santa Fe, destacado jugador, \u00e1rbitro y dirigente del b\u00e1squetbol argentino N\u00e9stor Jorge Fornari. Como entrenador cre\u00f3 Escuelas de B\u00e1squetbol en Don Bosco, Hind\u00fa y Regatas. Organiz\u00f3 en la d\u00e9cada del 50 los juegos infantiles y juveniles Evita en el Chaco. Fue secretario de la Federaci\u00f3n Chaque\u00f1a, junto a Eduardo Siri y Hern\u00e1n Gim\u00e9nez. En Buenos Aires fue directivo de la CABB manejando durante muchos a\u00f1os la comisi\u00f3n t\u00e9cnica.<\/p>\n<p><strong>1944 \/\u00a0<\/strong>Nace en Resistencia Hugo Ra\u00fal Carballo quien se destac\u00f3 en el arco de Gimnasia La Plata,\u00a0 R\u00edver Plate, y Universidad de Chile, donde tambi\u00e9n fue t\u00e9cnico y manager. Realiz\u00f3 de inferiores a primera en Regional de Villa Libertad. A los 18 visti\u00f3 por primera vez la casaca de la Selecci\u00f3n Chaque\u00f1a de F\u00fatbol. A los 20 a\u00f1os fue convocado como refuerzo por Sarmiento, para disputar un amistoso con el Santos de Pel\u00e9, partido en el que le ataj\u00f3 un penal a Pepe y en el que el famoso equipo no pudo triunfar, empatando 1 a 1. Cumpli\u00f3 el servicio militar en La Plata y con un permiso especial actu\u00f3 en Gimnasia, donde se destac\u00f3 y fue adquirido por 1.300.000 pesos. Pas\u00f3 a River Plate alternando con Amadeo Carrizo, Hugo Gatti y Perico P\u00e9rez. Tras un a\u00f1o en Atlanta, fue adquirido por Universidad de Chile, donde fue titular por una d\u00e9cada. Preso de un c\u00e1ncer falleci\u00f3 el 29 de septiembre de 1998.<\/p>\n<p><strong>1954 \/<\/strong> Se presenta en el Anfiteatro Todaro el \u00abmaestro\u201d Alfredo Esteban Prada, venciendo por KO2 al porte\u00f1o H\u00e9ctor Fern\u00e1ndez. Prada hab\u00eda sido campe\u00f3n argentino y sudamericano. Recordadas son sus \u00e9picos cruces con el Mono Gatica. Retirado del boxeo se grandu\u00f3 como odont\u00f3logo y tuvo emprendmientoscomerciales.<\/p>\n<p><strong>1960 \/<\/strong>\u00a0Se inaugura el nuevo pol\u00edgono del Tiro Federal de Resistencia con la presencia del gobernador Anselmo Zoilo Duca y el comandante del 11\u00b0 Destacamento, coronel Horacio Scasso. Bendice las instalaciones el reverendo Padre Ricardo Zalazar. En 1964, el Ej\u00e9rcito Argentino construy\u00f3 las instalaciones suficientes para completar lo que despu\u00e9s fue la instituci\u00f3n del nordeste, ya que fue considerado la instalaci\u00f3n de tiro m\u00e1s segura del pa\u00eds. Adem\u00e1s, el edificio que construy\u00f3 el Ej\u00e9rcito estaba pensado que funcione como hospital en caso de conflicto armado con pa\u00edses lim\u00edtrofes. Uno de los art\u00edculos de ese comodato dec\u00eda que si no se practicaba el deporte las tierras volv\u00edan a la provincia. Aquel espectacular edificio comenz\u00f3 a sufrir con una llamativa y misteriosa destrucci\u00f3n a partir del a\u00f1o 2001. Primero un incendio, con aparentes visos de intencionalidad, luego el saqueo de aberturas y tejas que cubr\u00edan los 1500 metros cuadrados de techo. \u00a0A continuaci\u00f3n, la demolici\u00f3n total del edificio sin atender los numerosos pedidos de recupero. Se robaron todo hasta los ladrillos y escombros. Hoy es un espacio de recreaci\u00f3n publica y un magn\u00edfico parque, pero lamentablemente no era el objetivo, ni el uso que deb\u00eda tener. En su Frente hab\u00eda una frase reluciente que dec\u00eda: \u201cAqu\u00ed se aprende a defender a la Patria\u201d simplemente quedo como un deseo ya olvidado.<\/p>\n<p><strong>2007\u00a0<\/strong>\/ Por iniciativa del C\u00edrculo de Periodistas Deportivos del Chaco, realiza una disertaci\u00f3n el doctor N\u00e9stor Lentini, m\u00e9dico especialista en medicina del deporte, y con una una destacada trayectoria. El Sal\u00f3n Azul de Casa de Gobierno presenta un lleno completo y se desarrollaron temas como nutrici\u00f3n, drogadicci\u00f3n, hipertensi\u00f3n, obesidad y entrenamiento deportivo.<\/p>\n<p><strong>Foto del Tiro Federal Resistencia, que ya no existe m\u00e1s.\u00a0<\/strong><\/p>\n<\/div>\n<\/article>\n<\/div>\n<\/div>\n<\/div>\n<\/div>\n<\/article>\n<\/div>\n<\/div>\n<\/div>\n<p>&nbsp;<\/p>\n","protected":false},"excerpt":{"rendered":"<p>Esta es la Efem\u00e9rides del Deporte en el Chaco de un 23 de abril del periodista Luis Dar\u00edo Molodezky. &nbsp; Luis Dar\u00edo Molodezky con Marcos Cima y Ram\u00f3n Gonz\u00e1lez arriba, y el Chino Benitez, Della Savia, Adolfo Pedrnera y Se\u00f1ora abajo. Fiesta de la Iga de Veteranos. 1920\u00a0\/ Nace en Vera, Santa Fe, destacado jugador, &hellip;<\/p>\n","protected":false},"author":2,"featured_media":36126,"comment_status":"open","ping_status":"open","sticky":false,"template":"","format":"standard","meta":{"footnotes":""},"categories":[45],"tags":[],"class_list":["post-36118","post","type-post","status-publish","format-standard","has-post-thumbnail","hentry","category-efemerides-dia-por-dia"],"_links":{"self":[{"href":"https:\/\/www.sportchaco.com.ar\/index.php?rest_route=\/wp\/v2\/posts\/36118","targetHints":{"allow":["GET"]}}],"collection":[{"href":"https:\/\/www.sportchaco.com.ar\/index.php?rest_route=\/wp\/v2\/posts"}],"about":[{"href":"https:\/\/www.sportchaco.com.ar\/index.php?rest_route=\/wp\/v2\/types\/post"}],"author":[{"embeddable":true,"href":"https:\/\/www.sportchaco.com.ar\/index.php?rest_route=\/wp\/v2\/users\/2"}],"replies":[{"embeddable":true,"href":"https:\/\/www.sportchaco.com.ar\/index.php?rest_route=%2Fwp%2Fv2%2Fcomments&post=36118"}],"version-history":[{"count":4,"href":"https:\/\/www.sportchaco.com.ar\/index.php?rest_route=\/wp\/v2\/posts\/36118\/revisions"}],"predecessor-version":[{"id":36153,"href":"https:\/\/www.sportchaco.com.ar\/index.php?rest_route=\/wp\/v2\/posts\/36118\/revisions\/36153"}],"wp:featuredmedia":[{"embeddable":true,"href":"https:\/\/www.sportchaco.com.ar\/index.php?rest_route=\/wp\/v2\/media\/36126"}],"wp:attachment":[{"href":"https:\/\/www.sportchaco.com.ar\/index.php?rest_route=%2Fwp%2Fv2%2Fmedia&parent=36118"}],"wp:term":[{"taxonomy":"category","embeddable":true,"href":"https:\/\/www.sportchaco.com.ar\/index.php?rest_route=%2Fwp%2Fv2%2Fcategories&post=36118"},{"taxonomy":"post_tag","embeddable":true,"href":"https:\/\/www.sportchaco.com.ar\/index.php?rest_route=%2Fwp%2Fv2%2Ftags&post=36118"}],"curies":[{"name":"wp","href":"https:\/\/api.w.org\/{rel}","templated":true}]}}