{"id":36273,"date":"2026-04-26T00:04:15","date_gmt":"2026-04-26T03:04:15","guid":{"rendered":"https:\/\/www.sportchaco.com.ar\/?p=36273"},"modified":"2026-04-25T12:05:36","modified_gmt":"2026-04-25T15:05:36","slug":"efemerides-del-26-de-abril-2","status":"publish","type":"post","link":"https:\/\/www.sportchaco.com.ar\/?p=36273","title":{"rendered":"Efem\u00e9rides del 26 de abril"},"content":{"rendered":"<div class=\"container fullwidth-entry-title-wrapper\">\n<div class=\"container-wrapper fullwidth-entry-title\">\n<header class=\"entry-header-outer\">\n<div class=\"entry-header\">\n<div class=\"single-post-meta post-meta clearfix\"><\/div>\n<\/div>\n<\/header>\n<\/div>\n<\/div>\n<div id=\"content\" class=\"site-content container\">\n<div id=\"main-content-row\" class=\"tie-row main-content-row\">\n<div class=\"main-content tie-col-md-8 tie-col-xs-12\" role=\"main\">\n<article id=\"the-post\" class=\"container-wrapper post-content tie-standard\">\n<div class=\"featured-area\">\n<div class=\"featured-area-inner\"><\/div>\n<\/div>\n<div class=\"entry-content entry clearfix\">\n<div class=\"container fullwidth-entry-title-wrapper\">\n<div class=\"container-wrapper fullwidth-entry-title\">\n<header class=\"entry-header-outer\">\n<div class=\"entry-header\">\n<h6 class=\"post-title entry-title\">FOTO PORTADA: <em><strong>El equipo blanco Horacio Ferreyra; Enrique Oliva; Luis Hoferek; Marcelo Sandoval. Marcelo Pl\u00e1ceres, Alejandro Rodr\u00edguez, Marcelo Verri, Hugo Barrientos, Alfredo C\u00e1ceres y Hugo Melli. D.T.: Sergio Ruberto.<\/strong><\/em><\/h6>\n<div class=\"single-post-meta post-meta clearfix\"><\/div>\n<\/div>\n<\/header>\n<\/div>\n<\/div>\n<div id=\"content\" class=\"site-content container\">\n<div id=\"main-content-row\" class=\"tie-row main-content-row\">\n<div class=\"main-content tie-col-md-8 tie-col-xs-12\" role=\"main\">\n<article id=\"the-post\" class=\"container-wrapper post-content tie-standard\">\n<div class=\"featured-area\">\n<div class=\"featured-area-inner\"><\/div>\n<\/div>\n<h3 class=\"entry-content entry clearfix\"><strong>Esta es la Efem\u00e9rides del Deporte en el Chaco de un 26 de abril del periodista Luis Dar\u00edo Molodezky.<\/strong><\/h3>\n<p>&nbsp;<\/p>\n<p><img loading=\"lazy\" decoding=\"async\" class=\"size-medium wp-image-35913 aligncenter\" src=\"https:\/\/www.sportchaco.com.ar\/wp-content\/uploads\/2026\/04\/Pato-Silva-con-Luis-300x201.jpg\" alt=\"\" width=\"300\" height=\"201\" srcset=\"https:\/\/www.sportchaco.com.ar\/wp-content\/uploads\/2026\/04\/Pato-Silva-con-Luis-300x201.jpg 300w, https:\/\/www.sportchaco.com.ar\/wp-content\/uploads\/2026\/04\/Pato-Silva-con-Luis-1024x686.jpg 1024w, https:\/\/www.sportchaco.com.ar\/wp-content\/uploads\/2026\/04\/Pato-Silva-con-Luis-768x515.jpg 768w, https:\/\/www.sportchaco.com.ar\/wp-content\/uploads\/2026\/04\/Pato-Silva-con-Luis.jpg 1189w\" sizes=\"auto, (max-width: 300px) 100vw, 300px\" \/><\/p>\n<p style=\"text-align: center;\"><em><strong> Luis Dar\u00edo Molodezky con el Pato Silva, intercambiando gorra y sombrero<\/strong><\/em><\/p>\n<p><strong>1935\u00a0\/<\/strong> Por iniciativa de Jes\u00fas Serrano, vicepresidente de la Federaci\u00f3n Atl\u00e9tica del Chaco, se realiza una transmisi\u00f3n radiotelef\u00f3nica desde Radio Rivadavia de Buenos Aires, que participa el atleta H\u00e9ctor Berra, dando consejos, y mandan sus saludos en la transmisi\u00f3n los futbolistas chaque\u00f1os que juegan en clubes de Buenos Aires Iturre, Castellano, Luis Men\u00e9ndez, Freschi y Valussi.<\/p>\n<p><strong>1983\u00a0\/<\/strong> El base de Uni\u00f3n Progresista de Villa \u00c1ngela Orlando Salinas, llega a un acuerdo y se incorpora al Deportivo San Andr\u00e9s.<\/p>\n<p><strong>1984\u00a0\/<\/strong> Llega el segundo norteamericano para Villa San Mart\u00edn. Se trata de Marvin Jackson, 24 a\u00f1os, 2.05 metros y es de origen tejano.<\/p>\n<p><strong>1994 \/<\/strong>\u00a0En Hind\u00fa Club se disput\u00f3 el Super Juego-Encuentro de las Estrellas. Fue \u00a0organizado en conjunto por Super Basquet y la Asociaci\u00f3n de Basquetbol de Resistencia (ABR),\u00a0presidida por Ricardo Siri. Los jugadores fueron seleccionados por el p\u00fablico tras el \u00e9xitoso Torneo de Verano de ese a\u00f1o. \u00a0Fiesta \u00fanica y nunca m\u00e1s repetida en Resistencia. Integraron el equipo blanco Horacio Ferreyra; Enrique Oliva; Luis Hoferek; Marcelo Sandoval. Marcelo Pl\u00e1ceres, Alejandro Rodr\u00edguez, Marcelo Verri, Hugo Barrientos, Alfredo C\u00e1ceres y Hugo Melli. D.T.: Sergio Ruberto. El rojo\u00a0 Gerardo Ayala, Javier Skibsky, Daniel Polich, Javier Corbal\u00e1n, Jorge Corbal\u00e1n. Gonzalo Molina, Javier Lagra\u00f1a, Alejandro Acosta, Juan L\u00f3pez R\u00edos, Luis Cequeira y Diego S\u00e1nchez. El concurso de triples fue ganado por Pablo S\u00e1nchez, en un mano a mano con su hermano Diego, Placeres y Marcelo Verri.<\/p>\n<p><img loading=\"lazy\" decoding=\"async\" class=\"attachment-jannah-image-post size-jannah-image-post wp-post-image aligncenter\" src=\"https:\/\/www.sportchaco.com.ar\/wp-content\/uploads\/2025\/04\/estrella-1.jpg\" sizes=\"auto, (max-width: 600px) 100vw, 600px\" srcset=\"https:\/\/www.sportchaco.com.ar\/wp-content\/uploads\/2025\/04\/estrella-1.jpg 600w, https:\/\/www.sportchaco.com.ar\/wp-content\/uploads\/2025\/04\/estrella-1-300x188.jpg 300w\" alt=\"\" width=\"600\" height=\"375\" data-main-img=\"1\" \/><\/p>\n<p><em><strong>\u00a0El equipo rojo integrado por Gerardo Ayala, Javier Skibsky, Daniel Polich, Javier Corbal\u00e1n, Jorge Corbal\u00e1n. Gonzalo Molina, Javier Lagra\u00f1a, Alejandro Acosta, Juan L\u00f3pez R\u00edos, Luis Cequeira y Diego S\u00e1nchez.\u00a0<\/strong><\/em><\/p>\n<p>&nbsp;<\/p>\n<div class=\"entry-content entry clearfix\">\n<p><strong>2008\u00a0\/<\/strong> A los 70 a\u00f1os fallece Roberto Am\u00edlcar Valussi, quien fuera un destacado deportista en varias disciplinas, aunque se destac\u00f3 en b\u00e1squetbol y f\u00fatbol. Fue un eximio n\u00famero 5 de For Ever y en el b\u00e1squet brill\u00f3 en Don Bosco junto a Mito Outeri\u00f1o, Huesito L\u00f3pez, Wilfredo Simoni, Niveiro y Cabrera. Tambi\u00e9n se luci\u00f3 en la Selecci\u00f3n de Chaco junto a Dosso, Corbal\u00e1n, Semino, Lutringer, Hugo Outeri\u00f1o y el propio Mito. Un caballero dentro de la cancha.<\/p>\n<p><strong>2022 \/\u00a0<\/strong>Fallece en Resistencia la profesora de Educaci\u00f3n F\u00edsica Haid\u00e9e Rosa Bompadre, fundadora junto a su esposo Pocholo Aguilar del Gimnasio Griego de Resistencia en 1962 frente al Villa San Mart\u00edn. En 1968 abri\u00f3 las puertas de su moderno gimnasio con natatorio en la calle Entre R\u00edos 566, donde fue la principal profesora. Fue madre de ocho hijos, que le dieron 21 nietos y cinco bisnietos.<\/p>\n<p>&nbsp;<\/p>\n<p><img loading=\"lazy\" decoding=\"async\" class=\"alignnone size-medium wp-image-8559\" src=\"https:\/\/www.sportchaco.com.ar\/wp-content\/uploads\/2024\/04\/Chaco-Dosso-300x179.jpg\" alt=\"\" width=\"300\" height=\"179\" \/><\/p>\n<p><strong>Roberto Valussi junto a Mito Outeri\u00f1o y Walter Dosso. Arriba completan Carlos Lutringer y Wilfredo Simoni.<\/strong><\/p>\n<p>&nbsp;<\/p>\n<\/div>\n<\/article>\n<\/div>\n<\/div>\n<\/div>\n<\/div>\n<\/article>\n<\/div>\n<\/div>\n<\/div>\n","protected":false},"excerpt":{"rendered":"<p>FOTO PORTADA: El equipo blanco Horacio Ferreyra; Enrique Oliva; Luis Hoferek; Marcelo Sandoval. Marcelo Pl\u00e1ceres, Alejandro Rodr\u00edguez, Marcelo Verri, Hugo Barrientos, Alfredo C\u00e1ceres y Hugo Melli. D.T.: Sergio Ruberto. Esta es la Efem\u00e9rides del Deporte en el Chaco de un 26 de abril del periodista Luis Dar\u00edo Molodezky. &nbsp; Luis Dar\u00edo Molodezky con el Pato &hellip;<\/p>\n","protected":false},"author":2,"featured_media":36274,"comment_status":"open","ping_status":"open","sticky":false,"template":"","format":"standard","meta":{"footnotes":""},"categories":[45],"tags":[],"class_list":["post-36273","post","type-post","status-publish","format-standard","has-post-thumbnail","hentry","category-efemerides-dia-por-dia"],"_links":{"self":[{"href":"https:\/\/www.sportchaco.com.ar\/index.php?rest_route=\/wp\/v2\/posts\/36273","targetHints":{"allow":["GET"]}}],"collection":[{"href":"https:\/\/www.sportchaco.com.ar\/index.php?rest_route=\/wp\/v2\/posts"}],"about":[{"href":"https:\/\/www.sportchaco.com.ar\/index.php?rest_route=\/wp\/v2\/types\/post"}],"author":[{"embeddable":true,"href":"https:\/\/www.sportchaco.com.ar\/index.php?rest_route=\/wp\/v2\/users\/2"}],"replies":[{"embeddable":true,"href":"https:\/\/www.sportchaco.com.ar\/index.php?rest_route=%2Fwp%2Fv2%2Fcomments&post=36273"}],"version-history":[{"count":3,"href":"https:\/\/www.sportchaco.com.ar\/index.php?rest_route=\/wp\/v2\/posts\/36273\/revisions"}],"predecessor-version":[{"id":36278,"href":"https:\/\/www.sportchaco.com.ar\/index.php?rest_route=\/wp\/v2\/posts\/36273\/revisions\/36278"}],"wp:featuredmedia":[{"embeddable":true,"href":"https:\/\/www.sportchaco.com.ar\/index.php?rest_route=\/wp\/v2\/media\/36274"}],"wp:attachment":[{"href":"https:\/\/www.sportchaco.com.ar\/index.php?rest_route=%2Fwp%2Fv2%2Fmedia&parent=36273"}],"wp:term":[{"taxonomy":"category","embeddable":true,"href":"https:\/\/www.sportchaco.com.ar\/index.php?rest_route=%2Fwp%2Fv2%2Fcategories&post=36273"},{"taxonomy":"post_tag","embeddable":true,"href":"https:\/\/www.sportchaco.com.ar\/index.php?rest_route=%2Fwp%2Fv2%2Ftags&post=36273"}],"curies":[{"name":"wp","href":"https:\/\/api.w.org\/{rel}","templated":true}]}}