{"id":36335,"date":"2026-04-26T10:59:10","date_gmt":"2026-04-26T13:59:10","guid":{"rendered":"https:\/\/www.sportchaco.com.ar\/?p=36335"},"modified":"2026-04-26T10:59:10","modified_gmt":"2026-04-26T13:59:10","slug":"motogp-gp-de-espana-alex-marquez-termina-la-racha-de-aprilia-marc-marquez-se-cae","status":"publish","type":"post","link":"https:\/\/www.sportchaco.com.ar\/?p=36335","title":{"rendered":"MotoGP GP de Espa\u00f1a: Alex M\u00e1rquez termina la racha de Aprilia, Marc Marquez se cae"},"content":{"rendered":"<div class=\"msnt-entity-header flex flex-col gap-3 t:gap-4 pb-6 pt-4 t:pb-8 t:pt-0  \">\n<div class=\"flex flex-col gap-2\">\n<h1 class=\"text-h1 font-primary font-primary-bold uppercase text-fg-on-color t:text-fg-default\"><span style=\"font-size: 16px; font-weight: 400;\">26 abr 2026<\/span><\/h1>\n<h2 class=\"text-article-description font-primary font-secondary-regular text-fg-on-color-soft t:text-fg-soft\">Alex Marquez domina en Jerez un a\u00f1o despu\u00e9s de su primera victoria, pero fue un d\u00eda agridulce para Ducati<\/h2>\n<\/div>\n<div class=\"flex flex-col gap-2\">\n<div class=\"msnt-author-toolbar  max-w-full flex flex-wrap justify-between gap-2 text-fg-on-color t:text-fg-default text-body-sm leading-none  \">\n<div class=\"contents t:flex items-center gap-2\">\n<div class=\"flex flex-wrap items-center justify-end\"><button class=\"msnt-icon-button group inline-flex uppercase items-center justify-center msnt-icon-button--no-fill msnt-icon-button--md cursor-pointer msnt-icon-button--rounded-default \" title=\"Favorito\" type=\"button\" data-auth-required=\"1\" data-url=\"https:\/\/pageinfo-k8s.motorsport.com\/favorite\/\" data-favorites-url=\"\/dashboard\/favorite-news\/\"><\/button><\/p>\n<div class=\"coral-count-wrapper \"><\/div>\n<\/div>\n<\/div>\n<\/div>\n<\/div>\n<\/div>\n<div class=\"ms-article_detail\">\n<div class=\"ms-entity-promo relative flex flex-col gap-1 mb-6\"><picture class=\"ms-item__picture ms-article__main-img border-t-4 border-accent-color-default\" data-large-img=\"https:\/\/cdn-8.motorsport.com\/images\/amp\/0ZqAB8b6\/s6\/alex-marquez-gresini-racing.jpg\" data-photo-id=\"72452417\" data-detail-url=\"\/all\/photos\/alex-marquez-gresini-racing-72452407\/72452417\/\"><source srcset=\"https:\/\/cdn-8.motorsport.com\/images\/amp\/0ZqAB8b6\/s200\/alex-marquez-gresini-racing.webp 200w, https:\/\/cdn-8.motorsport.com\/images\/amp\/0ZqAB8b6\/s300\/alex-marquez-gresini-racing.webp 300w, https:\/\/cdn-8.motorsport.com\/images\/amp\/0ZqAB8b6\/s400\/alex-marquez-gresini-racing.webp 400w, https:\/\/cdn-8.motorsport.com\/images\/amp\/0ZqAB8b6\/s500\/alex-marquez-gresini-racing.webp 500w, https:\/\/cdn-8.motorsport.com\/images\/amp\/0ZqAB8b6\/s600\/alex-marquez-gresini-racing.webp 600w, https:\/\/cdn-8.motorsport.com\/images\/amp\/0ZqAB8b6\/s700\/alex-marquez-gresini-racing.webp 700w, https:\/\/cdn-8.motorsport.com\/images\/amp\/0ZqAB8b6\/s800\/alex-marquez-gresini-racing.webp 800w, https:\/\/cdn-8.motorsport.com\/images\/amp\/0ZqAB8b6\/s900\/alex-marquez-gresini-racing.webp 900w, https:\/\/cdn-8.motorsport.com\/images\/amp\/0ZqAB8b6\/s1000\/alex-marquez-gresini-racing.webp 1000w, https:\/\/cdn-8.motorsport.com\/images\/amp\/0ZqAB8b6\/s1100\/alex-marquez-gresini-racing.webp 1100w, https:\/\/cdn-8.motorsport.com\/images\/amp\/0ZqAB8b6\/s1200\/alex-marquez-gresini-racing.webp 1200w\" type=\"image\/webp\" sizes=\"(min-width: 700px) 1000px, (min-width: 400px) and (max-width: 699px) 700px, (max-width: 399px) 400px\" \/><img loading=\"lazy\" decoding=\"async\" class=\"ms-item__img ms-item__img--3_2 \" src=\"https:\/\/cdn-8.motorsport.com\/images\/amp\/0ZqAB8b6\/s1000\/alex-marquez-gresini-racing.webp\" alt=\"Alex M\u00e1rquez, Gresini Racing\" width=\"1000\" height=\"666\" \/><\/picture><\/div>\n<div class=\"ms-article__main mb-dynamic\">\n<div class=\"ms-article__body\">\n<div id=\"ms-piano_article-precontent\" class=\"empty:contents\"><\/div>\n<div class=\"ms-article-content-wrapper my-dynamic\">\n<div class=\"ms-article-content msnt-styled-content\" data-position=\"embed\" data-series=\"motogp\" data-autoplay=\"0\" data-mute=\"0\">\n<p><a href=\"https:\/\/espanol.motorsport.com\/driver\/alex-marquez\/614195\/\" target=\"_blank\" rel=\"noopener\">Alex M\u00e1rquez<\/a>\u00a0consigui\u00f3 la primera victoria de\u00a0<a href=\"https:\/\/espanol.motorsport.com\/team\/ducati-team\/26036\/\" target=\"_blank\" rel=\"noopener\">Ducati<\/a>\u00a0en MotoGP de 2026 en el Gran Premio de Espa\u00f1a, pero el equipo oficial de la marca italiana sufri\u00f3 un doble abandono.<\/p>\n<p>T<span style=\"color: #000000;\">ras haber tenido dificultades para luchar en cabeza en las primeras carreras del a\u00f1o, el menor de los M\u00e1rquez se recuper\u00f3 con estilo en Jerez, logrando una dominante victoria desde la quinta posici\u00f3n de la parrilla.<\/span><\/p>\n<p><span style=\"color: #000000;\">El resultado lleg\u00f3 exactamente un a\u00f1o despu\u00e9s de su primera victoria en MotoGP en el mismo escenario, y casi seis meses despu\u00e9s de que lograra la \u00faltima victoria de Ducati en el Gran Premio de Malasia.<\/span><\/p>\n<p><span style=\"color: #000000;\"><a style=\"color: #000000;\" href=\"https:\/\/espanol.motorsport.com\/driver\/marco-bezzecchi\/622341\/\" target=\"_blank\" rel=\"noopener\">Marco\u00a0Bezzecchi<\/a>, con Aprilia, tuvo que conformarse con el segundo lugar despu\u00e9s de ganar los \u00faltimos cinco grandes premios consecutivos, mientras\u00a0<a style=\"color: #000000;\" href=\"https:\/\/espanol.motorsport.com\/driver\/fabio-di-giannantonio\/622262\/\" target=\"_blank\" rel=\"noopener\">Fabio di Giannantonio<\/a>\u00a0complet\u00f3 las posiciones de podio para\u00a0<a style=\"color: #000000;\" href=\"https:\/\/espanol.motorsport.com\/team\/team-vr46\/26967\/\" target=\"_blank\" rel=\"noopener\">VR46<\/a>.<\/span><\/p>\n<p><span style=\"color: #000000;\">Al inicio de la carrera,\u00a0<a style=\"color: #000000;\" href=\"https:\/\/espanol.motorsport.com\/driver\/marc-marquez\/463650\/\" target=\"_blank\" rel=\"noopener\">Marc M\u00e1rquez<\/a>\u00a0hizo una salida limpia desde la pole position, pero inmediatamente se vio bajo presi\u00f3n de Bezzecchi y Alex M\u00e1rquez, que ambos hicieron salidas rapid\u00edsimas desde la segunda fila para colocarse directamente detr\u00e1s de \u00e9l.<\/span><\/p>\n<p><span style=\"color: #000000;\">Alex M\u00e1rquez parec\u00eda el m\u00e1s r\u00e1pido del tr\u00edo y no perdi\u00f3 tiempo para adelantar a Bezzecchi, antes de empezar a presionar a su hermano mayor.<\/span><\/p>\n<p><span style=\"color: #000000;\">Reduciendo la diferencia al inicio de la vuelta 2, el piloto de\u00a0<a style=\"color: #000000;\" href=\"https:\/\/espanol.motorsport.com\/team\/gresini-moto2\/26348\/\" target=\"_blank\" rel=\"noopener\">Gresini<\/a>\u00a0hizo el movimiento decisivo en la curva 6, metiendo su moto por el interior para ponerse en cabeza.<\/span><\/p>\n<section class=\"\" contenteditable=\"false\" draggable=\"true\" data-widget=\"image\" data-width=\"1200\" data-height=\"800\" data-link=\"\" data-id=\"72452419\" data-title=\"Alex Marquez, Gresini Racing\" data-author=\"Pierre-Philippe Marcou \/ AFP via Getty Images\" data-custom=\"false\" data-src=\"\/\/cdn.motorsport.com\/images\/mgl\/0rVxzP70\/s8\/alex-marquez-gresini-racing.jpg\" data-show-title=\"true\" data-show-author=\"true\"><picture><\/picture><\/section>\n<p><span style=\"color: #000000;\">Con Alex M\u00e1rquez habiendo sido el piloto m\u00e1s r\u00e1pido durante todo el fin de semana en condiciones secas, un contraataque siempre parec\u00eda improbable, pero Marc M\u00e1rquez lo tir\u00f3 todo por la borda en la curva 11, perdiendo la delantera de su Ducati oficial.<\/span><\/p>\n<p><span style=\"color: #000000;\">Con el vigente campe\u00f3n del mundo fuera, Bezzecchi emergi\u00f3 como el rival m\u00e1s cercano de Alex M\u00e1rquez, con\u00a0<a style=\"color: #000000;\" href=\"https:\/\/espanol.motorsport.com\/driver\/jorge-martin\/621254\/\" target=\"_blank\" rel=\"noopener\">Jorge Mart\u00edn<\/a>\u00a0siguiendo a la pareja en tercera posici\u00f3n tras hacer una salida fulgurante desde la 10\u00aa posici\u00f3n de la parrilla.<\/span><\/p>\n<p>Pero di Giannantonio pronto se uni\u00f3 a la batalla, arrebat\u00e1ndole la tercera posici\u00f3n a Mart\u00edn en la vuelta 4 antes de alcanzar a Bezzecchi. El piloto de Aprilia logr\u00f3 responder al ritmo de di Giannantonio para mantener el statu quo, pero su batalla permiti\u00f3 a M\u00e1rquez escaparse en cabeza.<\/p>\n<p>A mitad de carrera, el espa\u00f1ol rodaba con dos segundos de ventaja, y termin\u00f3 viendo la bandera a cuadros con la misma diferencia para lograr su cuarta victoria de su carrera en la categor\u00eda reina.<\/p>\n<p>Aunque la racha de victorias de Bezzecchi lleg\u00f3 a su fin debido al dominante rendimiento de M\u00e1rquez, un segundo puesto le permiti\u00f3 consolidar su liderato al frente de la clasificaci\u00f3n.<\/p>\n<p>Mientras tanto, di Giannantonio termin\u00f3 con un s\u00f3lido tercer puesto para lograr su segundo podio en domingo en cuatro carreras, mientras Mart\u00edn sum\u00f3 una buena cantidad de puntos en cuarta posici\u00f3n.<\/p>\n<p>El d\u00fao de Trackhouse\u00a0<a href=\"https:\/\/espanol.motorsport.com\/driver\/ai-ogura\/471488\/\" target=\"_blank\" rel=\"noopener\">Ai Ogura<\/a>\u00a0y Ra\u00fal Fern\u00e1ndez ascendi\u00f3 desde las zonas bajas del top 12 hasta la quinta y sexta posici\u00f3n respectivamente, ambos adelantando a la\u00a0<a href=\"https:\/\/espanol.motorsport.com\/team\/team-lcr\/26238\/\" target=\"_blank\" rel=\"noopener\">LCR<\/a>\u00a0<a href=\"https:\/\/espanol.motorsport.com\/team\/repsol-honda-team\/26032\/\" target=\"_blank\" rel=\"noopener\">Honda<\/a>\u00a0de\u00a0<a href=\"https:\/\/espanol.motorsport.com\/driver\/johann-zarco-2\/471123\/\" target=\"_blank\" rel=\"noopener\">Johann Zarco<\/a>\u00a0al final de la carrera. El s\u00e9ptimo puesto, sin embargo, sigui\u00f3 siendo el mejor resultado del a\u00f1o para Honda.<\/p>\n<section class=\"\" contenteditable=\"false\" draggable=\"true\" data-widget=\"image\" data-width=\"1200\" data-height=\"800\" data-link=\"\" data-id=\"72444096\" data-title=\"Johann Zarco, Team LCR Honda\" data-author=\"Gold and Goose Photography \/ LAT Images \/ via Getty Images\" data-custom=\"false\" data-src=\"\/\/cdn.motorsport.com\/images\/mgl\/YBVoNdvY\/s8\/johann-zarco-team-lcr-honda.jpg\" data-show-title=\"true\" data-show-author=\"true\"><picture><\/picture><\/section>\n<p><a href=\"https:\/\/espanol.motorsport.com\/driver\/enea-bastianini\/621241\/\" target=\"_blank\" rel=\"noopener\">Enea Bastianini<\/a>, de Tech3, fue el piloto de\u00a0<a href=\"https:\/\/espanol.motorsport.com\/team\/red-bull-ktm-factory-racing-mxgp\/25724\/\" target=\"_blank\" rel=\"noopener\">KTM<\/a>\u00a0mejor clasificado en Jerez tras batirse en duelo con la estrella del equipo oficial\u00a0<a href=\"https:\/\/espanol.motorsport.com\/driver\/pedro-acosta\/840271\/\" target=\"_blank\" rel=\"noopener\">Pedro Acosta<\/a>, que finalmente cay\u00f3 a la 10\u00aa posici\u00f3n detr\u00e1s de\u00a0<a href=\"https:\/\/espanol.motorsport.com\/driver\/fermin-aldeguer\/945306\/\" target=\"_blank\" rel=\"noopener\">Fermin Aldeguer<\/a>, de Gresini.<\/p>\n<p><a href=\"https:\/\/espanol.motorsport.com\/driver\/pecco-bagnaia\/621255\/\" target=\"_blank\" rel=\"noopener\">Francesco Bagnaia<\/a>\u00a0rodaba por delante de Acosta en novena posici\u00f3n cuando de repente baj\u00f3 el ritmo en la vuelta 13 por lo que parec\u00eda ser una p\u00e9rdida de potencia. El dos veces campe\u00f3n de MotoGP llev\u00f3 la moto de vuelta a boxes, marcando un doble abandono para el Ducati oficial tras la ca\u00edda de M\u00e1rquez al principio de la carrera.<\/p>\n<p>El abandono de Bagnaia elev\u00f3 a\u00a0<a href=\"https:\/\/espanol.motorsport.com\/driver\/brad-binder\/621247\/\" target=\"_blank\" rel=\"noopener\">Brad Binder<\/a>\u00a0(KTM) y\u00a0<a href=\"https:\/\/espanol.motorsport.com\/driver\/franco-morbidelli\/621548\/\" target=\"_blank\" rel=\"noopener\">Franco Morbidelli<\/a>\u00a0(VR46) a la 11\u00aa y 12\u00aa posici\u00f3n, mientras\u00a0<a href=\"https:\/\/espanol.motorsport.com\/driver\/luca-marini\/621544\/\" target=\"_blank\" rel=\"noopener\">Luca Marini<\/a>\u00a0se recuper\u00f3 hasta la 13\u00aa posici\u00f3n con la Honda oficial despu\u00e9s de una mala vuelta inicial que lo dej\u00f3 en la 18\u00aa.<\/p>\n<p>El compa\u00f1ero de equipo de Marini,\u00a0<a href=\"https:\/\/espanol.motorsport.com\/driver\/joan-mir\/621670\/\" target=\"_blank\" rel=\"noopener\">Joan Mir<\/a>, tambi\u00e9n protagoniz\u00f3 una s\u00f3lida remontada despu\u00e9s de cumplir dos long lap penalties por una infracci\u00f3n en la FP2, terminando justo detr\u00e1s de la mejor\u00a0<a href=\"https:\/\/espanol.motorsport.com\/team\/yamaha-factory-racing\/26034\/\" target=\"_blank\" rel=\"noopener\">Yamaha<\/a>\u00a0de\u00a0<a href=\"https:\/\/espanol.motorsport.com\/driver\/fabio-quartararo\/621239\/\" target=\"_blank\" rel=\"noopener\">Fabio Quartararo<\/a>\u00a0en 15\u00aa posici\u00f3n.<\/p>\n<\/div>\n<\/div>\n<\/div>\n<\/div>\n<\/div>\n","protected":false},"excerpt":{"rendered":"<p>26 abr 2026 Alex Marquez domina en Jerez un a\u00f1o despu\u00e9s de su primera victoria, pero fue un d\u00eda agridulce para Ducati Alex M\u00e1rquez\u00a0consigui\u00f3 la primera victoria de\u00a0Ducati\u00a0en MotoGP de 2026 en el Gran Premio de Espa\u00f1a, pero el equipo oficial de la marca italiana sufri\u00f3 un doble abandono. Tras haber tenido dificultades para luchar &hellip;<\/p>\n","protected":false},"author":2,"featured_media":36336,"comment_status":"open","ping_status":"open","sticky":false,"template":"","format":"standard","meta":{"footnotes":""},"categories":[59],"tags":[],"class_list":["post-36335","post","type-post","status-publish","format-standard","has-post-thumbnail","hentry","category-motociclismo"],"_links":{"self":[{"href":"https:\/\/www.sportchaco.com.ar\/index.php?rest_route=\/wp\/v2\/posts\/36335","targetHints":{"allow":["GET"]}}],"collection":[{"href":"https:\/\/www.sportchaco.com.ar\/index.php?rest_route=\/wp\/v2\/posts"}],"about":[{"href":"https:\/\/www.sportchaco.com.ar\/index.php?rest_route=\/wp\/v2\/types\/post"}],"author":[{"embeddable":true,"href":"https:\/\/www.sportchaco.com.ar\/index.php?rest_route=\/wp\/v2\/users\/2"}],"replies":[{"embeddable":true,"href":"https:\/\/www.sportchaco.com.ar\/index.php?rest_route=%2Fwp%2Fv2%2Fcomments&post=36335"}],"version-history":[{"count":1,"href":"https:\/\/www.sportchaco.com.ar\/index.php?rest_route=\/wp\/v2\/posts\/36335\/revisions"}],"predecessor-version":[{"id":36337,"href":"https:\/\/www.sportchaco.com.ar\/index.php?rest_route=\/wp\/v2\/posts\/36335\/revisions\/36337"}],"wp:featuredmedia":[{"embeddable":true,"href":"https:\/\/www.sportchaco.com.ar\/index.php?rest_route=\/wp\/v2\/media\/36336"}],"wp:attachment":[{"href":"https:\/\/www.sportchaco.com.ar\/index.php?rest_route=%2Fwp%2Fv2%2Fmedia&parent=36335"}],"wp:term":[{"taxonomy":"category","embeddable":true,"href":"https:\/\/www.sportchaco.com.ar\/index.php?rest_route=%2Fwp%2Fv2%2Fcategories&post=36335"},{"taxonomy":"post_tag","embeddable":true,"href":"https:\/\/www.sportchaco.com.ar\/index.php?rest_route=%2Fwp%2Fv2%2Ftags&post=36335"}],"curies":[{"name":"wp","href":"https:\/\/api.w.org\/{rel}","templated":true}]}}