{"id":36359,"date":"2026-04-26T20:26:49","date_gmt":"2026-04-26T23:26:49","guid":{"rendered":"https:\/\/www.sportchaco.com.ar\/?p=36359"},"modified":"2026-04-26T20:27:27","modified_gmt":"2026-04-26T23:27:27","slug":"la-exhibicion-de-franco-colapinto-con-el-alpine-por-las-calles-de-buenos-aires","status":"publish","type":"post","link":"https:\/\/www.sportchaco.com.ar\/?p=36359","title":{"rendered":"La exhibici\u00f3n de Franco Colapinto con el Alpine por las calles de Buenos Aires"},"content":{"rendered":"<div class=\"c-stack b-single-chain\" data-style-direction=\"vertical\" data-style-justification=\"start\" data-style-alignment=\"unset\" data-style-inline=\"false\" data-style-wrap=\"nowrap\">\n<div class=\"c-stack b-single-chain__children-stack\" data-style-direction=\"vertical\" data-style-justification=\"start\" data-style-alignment=\"unset\" data-style-inline=\"false\" data-style-wrap=\"nowrap\">\n<h1 class=\"p12Heading h1 p12Header \">\u00a0Franco Colapinto con el Alpine, quien sue\u00f1a con el regreso de la F\u00f3rmula 1 al pa\u00eds, har\u00e1 su exhibici\u00f3n este domingo en Palermo con un Lotus que se us\u00f3 en la M\u00e1xima en 2012.<\/h1>\n<div class=\"p12-article-info\">\n<hr class=\"p12-divider p12-divider--horizontal \" aria-hidden=\"true\" \/>\n<div class=\"article-info-content\">\n<div class=\"right-content\">\n<div class=\"p12SocialIcons\">\n<div class=\"icon small \"><\/div>\n<\/div>\n<\/div>\n<\/div>\n<hr class=\"p12-divider p12-divider--horizontal \" aria-hidden=\"true\" \/>\n<\/div>\n<div class=\"p12-lead-art\">\n<div class=\"dailymotion \"><\/div>\n<\/div>\n<\/div>\n<\/div>\n<div class=\"article-content\">\n<article class=\"p12-article-body \">\n<p class=\"c-paragraph\">La actividad arranca a las 9 y el pilarense har\u00e1 cuatro salidas. Terminaba marzo en Jap\u00f3n, con el \u00faltimo Gran Premio que ofreci\u00f3 la F\u00f3rmula 1 antes de su pausa de abril, cuando\u00a0<b>Franco Colapinto<\/b>\u00a0palpit\u00f3 la posibilidad -entonces no confirmada- de una exhibici\u00f3n en su pa\u00eds con un auto de la M\u00e1xima. \u201cSer\u00eda incre\u00edble\u201d, se ilusionaba el piloto nacional del Gran Circo exactamente cinco d\u00edas antes de que el evento se oficializara. Ese sue\u00f1o del pilarense finalmente lleg\u00f3 y se har\u00e1 realidad\u00a0<b>este domingo, cuando en las calles de nuestro pa\u00eds vuelva a rugir el motor de un F\u00f3rmula 1, esta vez de la mano de\u00a0<\/b>joven de 22 a\u00f1os que alimenta la pasi\u00f3n fierrera con su tercera temporada en la M\u00e1xima y que atrajo al universo motor, con su calidad y su carisma, a nuevos fan\u00e1ticos.<\/p>\n<p><img decoding=\"async\" class=\"aligncenter\" src=\"https:\/\/encrypted-tbn0.gstatic.com\/images?q=tbn:ANd9GcT7U6jc9eknpKXSR5xPckPmgl5QFcM8MN4fRw&amp;s\" alt=\"Franco Colapinto brind\u00f3 una hist\u00f3rica y emotiva exhibici\u00f3n en Buenos Aires | El Gr\u00e1fico\" \/><\/p>\n<p class=\"c-paragraph\">El l<b>lamado \u201cFranco Colapinto Road Show\u201d comenzar\u00e1 este domingo a las nueve de la ma\u00f1ana,<\/b>\u00a0aunque se espera que miles de personas se acerquen mucho m\u00e1s temprano en b\u00fasqueda de su lugar.\u00a0<b>El piloto argentino estar\u00e1 al mando de un Lotus E20 impulsado por un motor Renault V8, que fue el monoplaza oficial en la temporada 2012 de aquel equipo que integraban el finland\u00e9s Kimi R\u00e4ikk\u00f6nen y el suizo-franc\u00e9s Romain Grosjean en la F\u00f3rmula 1.<\/b>\u00a0Este domingo, sin embargo, lucir\u00e1 los colores de Alpine, la escuder\u00eda anglofrancesa con la que el pilarense volvi\u00f3 a la M\u00e1xima el a\u00f1o pasado y se consolid\u00f3 como piloto titular este 2026.<b>\u00a0Las calles de Palermo recibir\u00e1n a Colapinto en un circuito de dos kil\u00f3metros que recorrer\u00e1 las Avenidas del Libertador y Sarmiento<\/b>.<\/p>\n<\/article>\n<\/div>\n<p>&nbsp;<\/p>\n<p><iframe loading=\"lazy\" title=\"\u00a1LA VUELTA DE FRANCO QUE QUEDAR\u00c1 EN LA HISTORIA DEL AUTOMOVILISMO ARGENTINO!\" width=\"500\" height=\"281\" src=\"https:\/\/www.youtube.com\/embed\/NetVD5bq_-o?feature=oembed\" frameborder=\"0\" allow=\"accelerometer; autoplay; clipboard-write; encrypted-media; gyroscope; picture-in-picture; web-share\" referrerpolicy=\"strict-origin-when-cross-origin\" allowfullscreen><\/iframe><\/p>\n<p>&nbsp;<\/p>\n<p><img decoding=\"async\" class=\"aligncenter\" src=\"https:\/\/www.sportchaco.com.ar\/wp-content\/uploads\/2026\/04\/Banner-testimonio-RES_120x200-copia-4.gif\" \/><\/p>\n","protected":false},"excerpt":{"rendered":"<p>\u00a0Franco Colapinto con el Alpine, quien sue\u00f1a con el regreso de la F\u00f3rmula 1 al pa\u00eds, har\u00e1 su exhibici\u00f3n este domingo en Palermo con un Lotus que se us\u00f3 en la M\u00e1xima en 2012. La actividad arranca a las 9 y el pilarense har\u00e1 cuatro salidas. Terminaba marzo en Jap\u00f3n, con el \u00faltimo Gran Premio &hellip;<\/p>\n","protected":false},"author":2,"featured_media":36360,"comment_status":"open","ping_status":"open","sticky":false,"template":"","format":"standard","meta":{"footnotes":""},"categories":[2],"tags":[],"class_list":["post-36359","post","type-post","status-publish","format-standard","has-post-thumbnail","hentry","category-automovilismo"],"_links":{"self":[{"href":"https:\/\/www.sportchaco.com.ar\/index.php?rest_route=\/wp\/v2\/posts\/36359","targetHints":{"allow":["GET"]}}],"collection":[{"href":"https:\/\/www.sportchaco.com.ar\/index.php?rest_route=\/wp\/v2\/posts"}],"about":[{"href":"https:\/\/www.sportchaco.com.ar\/index.php?rest_route=\/wp\/v2\/types\/post"}],"author":[{"embeddable":true,"href":"https:\/\/www.sportchaco.com.ar\/index.php?rest_route=\/wp\/v2\/users\/2"}],"replies":[{"embeddable":true,"href":"https:\/\/www.sportchaco.com.ar\/index.php?rest_route=%2Fwp%2Fv2%2Fcomments&post=36359"}],"version-history":[{"count":2,"href":"https:\/\/www.sportchaco.com.ar\/index.php?rest_route=\/wp\/v2\/posts\/36359\/revisions"}],"predecessor-version":[{"id":36362,"href":"https:\/\/www.sportchaco.com.ar\/index.php?rest_route=\/wp\/v2\/posts\/36359\/revisions\/36362"}],"wp:featuredmedia":[{"embeddable":true,"href":"https:\/\/www.sportchaco.com.ar\/index.php?rest_route=\/wp\/v2\/media\/36360"}],"wp:attachment":[{"href":"https:\/\/www.sportchaco.com.ar\/index.php?rest_route=%2Fwp%2Fv2%2Fmedia&parent=36359"}],"wp:term":[{"taxonomy":"category","embeddable":true,"href":"https:\/\/www.sportchaco.com.ar\/index.php?rest_route=%2Fwp%2Fv2%2Fcategories&post=36359"},{"taxonomy":"post_tag","embeddable":true,"href":"https:\/\/www.sportchaco.com.ar\/index.php?rest_route=%2Fwp%2Fv2%2Ftags&post=36359"}],"curies":[{"name":"wp","href":"https:\/\/api.w.org\/{rel}","templated":true}]}}