{"id":36515,"date":"2026-04-28T22:38:31","date_gmt":"2026-04-29T01:38:31","guid":{"rendered":"https:\/\/www.sportchaco.com.ar\/?p=36515"},"modified":"2026-04-28T22:38:31","modified_gmt":"2026-04-29T01:38:31","slug":"empate-que-abrio-la-fecha","status":"publish","type":"post","link":"https:\/\/www.sportchaco.com.ar\/?p=36515","title":{"rendered":"Empate que abri\u00f3 la fecha"},"content":{"rendered":"<p><strong>28-04-2026<\/strong><\/p>\n<p><img loading=\"lazy\" decoding=\"async\" class=\"aligncenter size-full wp-image-35185\" src=\"https:\/\/www.sportchaco.com.ar\/wp-content\/uploads\/2026\/04\/Copia-de-TRABAJO-BANNER-WEB_728x90-26-1.gif\" alt=\"\" width=\"726\" height=\"90\" \/><\/p>\n<p>Este martes por la noche, en el Pedro \u00abPoroto\u00bb \u00c1lvarez de Puerto Vilelas, se dio inicio a la 7\u00aa fecha del torneo Apertura \u00abHugo Saucedo\u00bb de la Liga Chaque\u00f1a de F\u00fatbol con el partido que llevaron adelante Defensores y Central Norte, l\u00edder de la zona \u00abB\u00bb.<\/p>\n<p>Fue 1 a 1 por los goles de Andr\u00e9s Maciel para el \u00abverde\u00bb y Gast\u00f3n Rivero para el \u00abferroviario\u00bb.<\/p>\n<p>Este mi\u00e9rcoles se jugar\u00e1 el partido pendiente de la 6\u00aa fecha entre For Ever y Villa Alvear que, finalmente, vuelve a la cancha del Centro de Empleados de Comercio. Y de ah\u00ed la actividad liguista se trasladar\u00e1 al fin de semana.<\/p>\n<p>En la zona \u00abA\u00bb, habr\u00e1 cuatro partidos el d\u00eda s\u00e1bado donde se destaca el partido entre el puntero y el escolta; Deportivo Luj\u00e1n recibir\u00e1 a Estudiantes en el \u00abClaudio Echeverri\u00bb de Villa R\u00edo Negro. El encuentro restante ir\u00e1 el domingo.<\/p>\n<p>Mientras que en la zona \u00abB\u00bb completar\u00e1 su grupo con tres partidos el d\u00eda s\u00e1bado y el restante el domingo.<\/p>\n<p><strong>TORNEO APERTURA \u00abHUGO SAUCEDO\u00bb<\/strong><br \/>\n<b>TODA LA 7\u00aa FECHA<br \/>\nZONA \u201cA\u201d<\/b><br \/>\n<b>S\u00e1bado 02-05<\/b><br \/>\nA las 16:30, San Mart\u00edn (MB) \u2013 Rcia. Central<br \/>\nA las 16:30, CUNE \u2013 Parque Patricios<br \/>\nA las 16:30, Deportivo Luj\u00e1n \u2013 Estudiantes<br \/>\nA las 16:30, Policiales \u2013 Sarmiento<\/p>\n<p><strong>Domingo 03-05<\/strong><br \/>\nA las 16:30, Central Ben\u00edtez \u2013 Don Orione<\/p>\n<p><strong>Libre:<\/strong>\u00a0Indepte. Tirol<\/p>\n<p><b>ZONA \u201cB\u00bb<br \/>\n<\/b><strong><b>Martes 28-04<\/b><br \/>\n<\/strong>Defensores 1 \u2013 Central Norte 1<\/p>\n<p><strong>Mi\u00e9rcoles 29-04<\/strong><br \/>\nA las 16:30, For Ever \u2013 Villa Alvear, en C. E. de Comercio <em>(pendiente 6\u00aa fecha)<\/em><\/p>\n<p><strong>S\u00e1bado 02-05<\/strong><br \/>\nA las 16:30, Regional \u2013 Juventud<br \/>\nA las 16:30, Fontana \u2013 For Ever<br \/>\nA las 16:30, Villa Alvear \u2013 Dep. G\u00fciraldes<\/p>\n<p><strong>Domingo 03-05<\/strong><br \/>\nA las 16:30, C. E. de Comercio \u2013 Dep. Itat\u00ed<\/p>\n<p><strong>Libre:\u00a0<\/strong>Bancarios<\/p>\n<p><strong>POSICIONES<\/strong><br \/>\n<strong>ZONA \u00abA\u00bb<\/strong><br \/>\nDep. Luj\u00e1n 15<br \/>\nEstudiantes 13<br \/>\nDon Orione 11<br \/>\nSan Mart\u00edn (MB) 10<br \/>\nRcia. Central 8<br \/>\nPoliciales 7<br \/>\nCUNE 7<br \/>\nIndep. Tirol 5<br \/>\nCentral Ben\u00edtez 5<br \/>\nSarmiento 3<br \/>\nParque Patricios 0<\/p>\n<p><strong>ZONA \u00abB\u00bb<\/strong><br \/>\nCentral Norte 17<br \/>\nFontana 11<br \/>\nDep. G\u00fciraldes 10<br \/>\nJuventud 10<br \/>\nVilla Alvear 10<br \/>\nDefensores 8<br \/>\nDep. Itat\u00ed 6<br \/>\nFor Ever 4<br \/>\nC. E. de Comercio 4<br \/>\nRegional 1<br \/>\nBancarios 1<\/p>\n<p><em><strong>Foto: Gentileza Erick Zalazar<\/strong><\/em><\/p>\n<p><img loading=\"lazy\" decoding=\"async\" class=\"aligncenter size-full wp-image-35201\" src=\"https:\/\/www.sportchaco.com.ar\/wp-content\/uploads\/2026\/04\/MERCADO-LIBRE_250x250-09.gif\" alt=\"\" width=\"417\" height=\"417\" \/><\/p>\n","protected":false},"excerpt":{"rendered":"<p>28-04-2026 Este martes por la noche, en el Pedro \u00abPoroto\u00bb \u00c1lvarez de Puerto Vilelas, se dio inicio a la 7\u00aa fecha del torneo Apertura \u00abHugo Saucedo\u00bb de la Liga Chaque\u00f1a de F\u00fatbol con el partido que llevaron adelante Defensores y Central Norte, l\u00edder de la zona \u00abB\u00bb. Fue 1 a 1 por los goles de &hellip;<\/p>\n","protected":false},"author":3,"featured_media":36518,"comment_status":"open","ping_status":"open","sticky":false,"template":"","format":"standard","meta":{"footnotes":""},"categories":[5],"tags":[],"class_list":["post-36515","post","type-post","status-publish","format-standard","has-post-thumbnail","hentry","category-futbol"],"_links":{"self":[{"href":"https:\/\/www.sportchaco.com.ar\/index.php?rest_route=\/wp\/v2\/posts\/36515","targetHints":{"allow":["GET"]}}],"collection":[{"href":"https:\/\/www.sportchaco.com.ar\/index.php?rest_route=\/wp\/v2\/posts"}],"about":[{"href":"https:\/\/www.sportchaco.com.ar\/index.php?rest_route=\/wp\/v2\/types\/post"}],"author":[{"embeddable":true,"href":"https:\/\/www.sportchaco.com.ar\/index.php?rest_route=\/wp\/v2\/users\/3"}],"replies":[{"embeddable":true,"href":"https:\/\/www.sportchaco.com.ar\/index.php?rest_route=%2Fwp%2Fv2%2Fcomments&post=36515"}],"version-history":[{"count":3,"href":"https:\/\/www.sportchaco.com.ar\/index.php?rest_route=\/wp\/v2\/posts\/36515\/revisions"}],"predecessor-version":[{"id":36519,"href":"https:\/\/www.sportchaco.com.ar\/index.php?rest_route=\/wp\/v2\/posts\/36515\/revisions\/36519"}],"wp:featuredmedia":[{"embeddable":true,"href":"https:\/\/www.sportchaco.com.ar\/index.php?rest_route=\/wp\/v2\/media\/36518"}],"wp:attachment":[{"href":"https:\/\/www.sportchaco.com.ar\/index.php?rest_route=%2Fwp%2Fv2%2Fmedia&parent=36515"}],"wp:term":[{"taxonomy":"category","embeddable":true,"href":"https:\/\/www.sportchaco.com.ar\/index.php?rest_route=%2Fwp%2Fv2%2Fcategories&post=36515"},{"taxonomy":"post_tag","embeddable":true,"href":"https:\/\/www.sportchaco.com.ar\/index.php?rest_route=%2Fwp%2Fv2%2Ftags&post=36515"}],"curies":[{"name":"wp","href":"https:\/\/api.w.org\/{rel}","templated":true}]}}