{"id":36535,"date":"2026-04-30T00:04:54","date_gmt":"2026-04-30T03:04:54","guid":{"rendered":"https:\/\/www.sportchaco.com.ar\/?p=36535"},"modified":"2026-04-29T10:53:26","modified_gmt":"2026-04-29T13:53:26","slug":"efemerides-del-30-de-abril-3","status":"publish","type":"post","link":"https:\/\/www.sportchaco.com.ar\/?p=36535","title":{"rendered":"Efem\u00e9rides del 30 de abril"},"content":{"rendered":"<div class=\"container fullwidth-entry-title-wrapper\">\n<div class=\"container-wrapper fullwidth-entry-title\">\n<header class=\"entry-header-outer\">\n<div class=\"entry-header\">\n<div class=\"single-post-meta post-meta clearfix\">\n<div class=\"tie-alignright\"><\/div>\n<\/div>\n<\/div>\n<\/header>\n<\/div>\n<\/div>\n<div id=\"content\" class=\"site-content container\">\n<div id=\"main-content-row\" class=\"tie-row main-content-row\">\n<div class=\"main-content tie-col-md-8 tie-col-xs-12\" role=\"main\">\n<article id=\"the-post\" class=\"container-wrapper post-content tie-standard\">\n<div class=\"featured-area\">\n<div class=\"featured-area-inner\"><\/div>\n<\/div>\n<div class=\"entry-content entry clearfix\">\n<div id=\"content\" class=\"site-content container\">\n<div id=\"main-content-row\" class=\"tie-row main-content-row\">\n<div class=\"main-content tie-col-md-8 tie-col-xs-12\" role=\"main\">\n<article id=\"the-post\" class=\"container-wrapper post-content tie-standard\">\n<div class=\"featured-area\">\n<div class=\"featured-area-inner\">\n<h4 class=\"single-featured-image\"><\/h4>\n<\/div>\n<\/div>\n<div class=\"entry-content entry clearfix\">\n<h4><strong>Esta es la Efem\u00e9rides del Deporte en el Chaco de un 30 de abril del periodista Luis Dar\u00edo Molodezky.<\/strong><\/h4>\n<\/div>\n<\/article>\n<p><img loading=\"lazy\" decoding=\"async\" class=\"alignnone size-full wp-image-36540 aligncenter\" src=\"https:\/\/www.sportchaco.com.ar\/wp-content\/uploads\/2026\/04\/Luis-con-ABaBenitez-2009-1-1.jpg\" alt=\"\" width=\"300\" height=\"225\" \/><\/p>\n<p style=\"text-align: center;\"><em><strong>Luis Dar\u00edo Molodezky con Ab\u00e1 Ben\u00edtez en el cumplea\u00f1os del Vasco Echezarreta<\/strong><\/em><\/p>\n<article id=\"the-post\" class=\"container-wrapper post-content tie-standard\">\n<div class=\"entry-content entry clearfix\">\n<p><strong>1930\u00a0<\/strong>\/ Nace en Obispo Trejo, C\u00f3rdoba, el extraordinario futbolista Nelson Mart\u00ednez, y desde los 3 a\u00f1os vivi\u00f3 en el<br \/>\nChaco. Se inici\u00f3 en Regional y jug\u00f3 desde los 17 a\u00f1os en primera. Tras un corto paso por Sarmiento fue transferido en 1953 a Ferro en 100 mil pesos, donde jug\u00f3 5 a\u00f1os. Luego tuvo un paso por All Boys. Volvi\u00f3 a Sarmiento donde se consagr\u00f3 campe\u00f3n en 1967. Jug\u00f3 oficialmente hasta los 41 a\u00f1os. Nunca dej\u00f3 de jugar con sus amigos. Fue DT del decano, Central Norte, Municipales, For Ever y fue campe\u00f3n en 1982 con Don Orione. Un talentoso volante, de exquisita pegada y elegancia. Falleci\u00f3 el 21 de agosto de 2021<\/p>\n<p><strong>1955\u00a0<\/strong>\/ Nace el Club El Dorado, que tiene su sede en la avenida Alberdi 1580 de la ciudad de Resistencia. Particip\u00f3 de la Liga Chaque\u00f1a y practica el deporte blanco, las Bochas.<\/p>\n<p><strong>1979\u00a0<\/strong>\/ Se inician los movimientos de tierras y corte de malezas, en la avenida Hernandarias al 1800, con miras a la construcci\u00f3n del estadio de Villa Alvear. El subcampeonato en el Preparaci\u00f3n de la Liga, le dio impulso al proyecto de una comisi\u00f3n presidida por Carlos Orlando Dip, vice \u00c1ngel Peralta, secretario<br \/>\nJos\u00e9 Aguirre, prosecretario Dardo Bustamante, tesorero Juan C. Franco y protesorero Mario G\u00f3mez.<\/p>\n<p><strong>1989\u00a0<\/strong>\/ Alberto Arancibia se consagra campe\u00f3n Interprovincial de Motociclismo, al imponerse en la costanera correntina en la categor\u00eda 200 c.c., escoltado por el local JulioS\u00e1nchez y el formose\u00f1o Carlos Britos. El torneo se desarroll\u00f3 bajo el nombre de Felipe Fages.<\/p>\n<p><strong>2006\u00a0<\/strong>\/ El saenzpe\u00f1ense Cristian Leyes se consagra campe\u00f3n del Argentino de Pista en categor\u00eda 91, que el pasado fin de semana se corri\u00f3 en Rafaela, provincia de Santa Fe. Leyes se queda con el t\u00edtulo en la especialidad 500 metros, empleando un tiempo de 36.46.<\/p>\n<p><strong>2006\u00a0<\/strong>\/ El chaque\u00f1o Miguel Fern\u00e1ndez (-4) y residente en Mar del Plata, se adue\u00f1a del Abierto del Nordeste, que se disput\u00f3 en el Chaco Golf Club. Fern\u00e1ndez super\u00f3 por la m\u00ednima diferencia a sus coterr\u00e1neos Jos\u00e9 C\u00f3ceres y Fabi\u00e1n G\u00f3mez.<\/p>\n<p><strong>2011\/<\/strong> En un accidente automovil\u00edstico a pocos kil\u00f3metros de Bell Ville, Cordoba, pierde la vida Enrique C\u00e1ndido Dionisi. \u00a0\u00abEl Gringo\u00bb fue un fierrero toda la vida, kartista, corredor de autos en pista y en caminos, ganador de la Vuelta del \u00a0Algod\u00f3n en el 76, campe\u00f3n de la ex F\u00f3rmula Chaque\u00f1a en el 80, fue presidente del Charata Auto Club, un hombre comprometido con la sociedad de Charata y con el hombre de campo y su colonia, lugar que lo vio nacer hace 73 a\u00f1os. \u00a0Fue pilar f en la vida del automovilismo del Chaco, que cuando dej\u00f3 el volante, no se qued\u00f3 en boxes sino que sigui\u00f3 aportando lo suyo a toda la juventud.<\/p>\n<p><img loading=\"lazy\" decoding=\"async\" class=\"alignnone size-medium wp-image-36541 aligncenter\" src=\"https:\/\/www.sportchaco.com.ar\/wp-content\/uploads\/2026\/04\/Dionisi-ia-238x300.png\" alt=\"\" width=\"238\" height=\"300\" \/><\/p>\n<p style=\"text-align: center;\"><strong>Foto de portada: Enrique C\u00e1ndido Dionisi<\/strong><\/p>\n<p><img decoding=\"async\" class=\"aligncenter\" src=\"https:\/\/www.sportchaco.com.ar\/wp-content\/uploads\/2026\/04\/Ahorros-de-Verano-BANNERS-WEB_250x250-08.gif\" \/><\/p>\n<\/div>\n<\/article>\n<\/div>\n<\/div>\n<\/div>\n<\/div>\n<\/article>\n<\/div>\n<\/div>\n<\/div>\n","protected":false},"excerpt":{"rendered":"<p>Esta es la Efem\u00e9rides del Deporte en el Chaco de un 30 de abril del periodista Luis Dar\u00edo Molodezky. Luis Dar\u00edo Molodezky con Ab\u00e1 Ben\u00edtez en el cumplea\u00f1os del Vasco Echezarreta 1930\u00a0\/ Nace en Obispo Trejo, C\u00f3rdoba, el extraordinario futbolista Nelson Mart\u00ednez, y desde los 3 a\u00f1os vivi\u00f3 en el Chaco. Se inici\u00f3 en Regional &hellip;<\/p>\n","protected":false},"author":2,"featured_media":36541,"comment_status":"open","ping_status":"open","sticky":false,"template":"","format":"standard","meta":{"footnotes":""},"categories":[45],"tags":[],"class_list":["post-36535","post","type-post","status-publish","format-standard","has-post-thumbnail","hentry","category-efemerides-dia-por-dia"],"_links":{"self":[{"href":"https:\/\/www.sportchaco.com.ar\/index.php?rest_route=\/wp\/v2\/posts\/36535","targetHints":{"allow":["GET"]}}],"collection":[{"href":"https:\/\/www.sportchaco.com.ar\/index.php?rest_route=\/wp\/v2\/posts"}],"about":[{"href":"https:\/\/www.sportchaco.com.ar\/index.php?rest_route=\/wp\/v2\/types\/post"}],"author":[{"embeddable":true,"href":"https:\/\/www.sportchaco.com.ar\/index.php?rest_route=\/wp\/v2\/users\/2"}],"replies":[{"embeddable":true,"href":"https:\/\/www.sportchaco.com.ar\/index.php?rest_route=%2Fwp%2Fv2%2Fcomments&post=36535"}],"version-history":[{"count":3,"href":"https:\/\/www.sportchaco.com.ar\/index.php?rest_route=\/wp\/v2\/posts\/36535\/revisions"}],"predecessor-version":[{"id":36543,"href":"https:\/\/www.sportchaco.com.ar\/index.php?rest_route=\/wp\/v2\/posts\/36535\/revisions\/36543"}],"wp:featuredmedia":[{"embeddable":true,"href":"https:\/\/www.sportchaco.com.ar\/index.php?rest_route=\/wp\/v2\/media\/36541"}],"wp:attachment":[{"href":"https:\/\/www.sportchaco.com.ar\/index.php?rest_route=%2Fwp%2Fv2%2Fmedia&parent=36535"}],"wp:term":[{"taxonomy":"category","embeddable":true,"href":"https:\/\/www.sportchaco.com.ar\/index.php?rest_route=%2Fwp%2Fv2%2Fcategories&post=36535"},{"taxonomy":"post_tag","embeddable":true,"href":"https:\/\/www.sportchaco.com.ar\/index.php?rest_route=%2Fwp%2Fv2%2Ftags&post=36535"}],"curies":[{"name":"wp","href":"https:\/\/api.w.org\/{rel}","templated":true}]}}