{"id":36544,"date":"2026-04-29T10:58:24","date_gmt":"2026-04-29T13:58:24","guid":{"rendered":"https:\/\/www.sportchaco.com.ar\/?p=36544"},"modified":"2026-04-29T11:00:19","modified_gmt":"2026-04-29T14:00:19","slug":"neymar-agradecido-con-san-lorenzo","status":"publish","type":"post","link":"https:\/\/www.sportchaco.com.ar\/?p=36544","title":{"rendered":"Neymar agradecido con la gente de San Lorenzo"},"content":{"rendered":"<div class=\"nota__heading\">\n<h1 class=\"nota__heading__title\">El agradecimiento de Neymar a la gente de San Lorenzo. El paulista reconoci\u00f3 el recibimiento en el Nuevo Gas\u00f3metro y no ocult\u00f3 su felicidad en sus redes sociales.<\/h1>\n<div class=\"nota__heading__author\">\n<p>&nbsp;<\/p>\n<\/div>\n<\/div>\n<div class=\"nota__main-media\">\n<div class=\"nota__image\"><img decoding=\"async\" src=\"https:\/\/www.elgrafico.com.ar\/media\/cache\/pub_news_details_large\/media\/i\/85\/9a\/859a866055b4e18506ef3fa0c0c517ae4026f602.jpeg\" \/><\/div>\n<div class=\"nota__main-media__legend\"><\/div>\n<\/div>\n<div class=\"nota__body\">\n<div class=\"container\">\n<div class=\"row\">\n<div class=\"eg-grid eg-grid--content\">\n<div class=\"eg-cell__1-1\">\n<div class=\"col-xs-24 col-sm-4 eg-social eg-social--vert\">\n<div class=\"addthis_sharing_toolbox nota_body_social\"><\/div>\n<\/div>\n<\/div>\n<div class=\"eg-cell__2-1\">\n<p><strong>Neymar reconoci\u00f3 a la gente del Cicl\u00f3n por su bienvenida a Argentina<\/strong>\u00a0y se mostr\u00f3 muy agradecido con las muestras de afecto recibidas.<\/p>\n<p>&nbsp;<\/p>\n<p><strong>Al paulista le regalaron un cuadro con su cara y la leyenda \u00abBienvenido a Boedo, Club Atl\u00e9tico San Lorenzo de Almagro\u00bb.<\/strong><\/p>\n<p>En sus redes sociales, comparti\u00f3 esa foto y escribi\u00f3:\u00a0<strong><em>\u00abQuer\u00eda agradecer a todos los que fueron al estadio hoy. Eso demuestra lo que hice en el f\u00fatbol. Gracias San Lorenzo, d\u00eda especial que quedar\u00e1 en mi memoria y de mi familia\u00bb<\/em><\/strong><\/p>\n<p>El ex Barcelona lleg\u00f3 este lunes a Buenos Aires y desde ese entonces no par\u00f3 de recibir fans en su hotel.\u00a0<strong>Curiosamente, caus\u00f3 mayor sensaci\u00f3n que en su propio pa\u00eds.<\/strong><\/p>\n<p><strong>Tras el partido que termin\u00f3 1-1, varios jugadores del Cicl\u00f3n se llevaron sus pertenencias:\u00a0<\/strong>Ezequiel Herrera y Nahuel Barrios su camiseta y Fabricio L\u00f3pez, los botines.<\/p>\n<p>Imagen de Portada: Gonzalo Colini<\/p>\n<p>Fuente: El Gr\u00e1fico<\/p>\n<\/div>\n<p><iframe loading=\"lazy\" title=\"EL CARI\u00d1O DE LOS HINCHAS DE #SANLORENZO PARA NEYMAR \u2728 CONMEBOL #SUDAMERICANA\" width=\"422\" height=\"750\" src=\"https:\/\/www.youtube.com\/embed\/jjZugJe8tio?feature=oembed\" frameborder=\"0\" allow=\"accelerometer; autoplay; clipboard-write; encrypted-media; gyroscope; picture-in-picture; web-share\" referrerpolicy=\"strict-origin-when-cross-origin\" allowfullscreen><\/iframe><\/p>\n<div class=\"eg-cell__2-1\">\n<p>&nbsp;<\/p>\n<\/div>\n<\/div>\n<\/div>\n<\/div>\n<\/div>\n","protected":false},"excerpt":{"rendered":"<p>El agradecimiento de Neymar a la gente de San Lorenzo. El paulista reconoci\u00f3 el recibimiento en el Nuevo Gas\u00f3metro y no ocult\u00f3 su felicidad en sus redes sociales. &nbsp; Neymar reconoci\u00f3 a la gente del Cicl\u00f3n por su bienvenida a Argentina\u00a0y se mostr\u00f3 muy agradecido con las muestras de afecto recibidas. &nbsp; Al paulista le &hellip;<\/p>\n","protected":false},"author":2,"featured_media":36546,"comment_status":"open","ping_status":"open","sticky":false,"template":"","format":"standard","meta":{"footnotes":""},"categories":[72],"tags":[],"class_list":["post-36544","post","type-post","status-publish","format-standard","has-post-thumbnail","hentry","category-futbol-puro"],"_links":{"self":[{"href":"https:\/\/www.sportchaco.com.ar\/index.php?rest_route=\/wp\/v2\/posts\/36544","targetHints":{"allow":["GET"]}}],"collection":[{"href":"https:\/\/www.sportchaco.com.ar\/index.php?rest_route=\/wp\/v2\/posts"}],"about":[{"href":"https:\/\/www.sportchaco.com.ar\/index.php?rest_route=\/wp\/v2\/types\/post"}],"author":[{"embeddable":true,"href":"https:\/\/www.sportchaco.com.ar\/index.php?rest_route=\/wp\/v2\/users\/2"}],"replies":[{"embeddable":true,"href":"https:\/\/www.sportchaco.com.ar\/index.php?rest_route=%2Fwp%2Fv2%2Fcomments&post=36544"}],"version-history":[{"count":2,"href":"https:\/\/www.sportchaco.com.ar\/index.php?rest_route=\/wp\/v2\/posts\/36544\/revisions"}],"predecessor-version":[{"id":36547,"href":"https:\/\/www.sportchaco.com.ar\/index.php?rest_route=\/wp\/v2\/posts\/36544\/revisions\/36547"}],"wp:featuredmedia":[{"embeddable":true,"href":"https:\/\/www.sportchaco.com.ar\/index.php?rest_route=\/wp\/v2\/media\/36546"}],"wp:attachment":[{"href":"https:\/\/www.sportchaco.com.ar\/index.php?rest_route=%2Fwp%2Fv2%2Fmedia&parent=36544"}],"wp:term":[{"taxonomy":"category","embeddable":true,"href":"https:\/\/www.sportchaco.com.ar\/index.php?rest_route=%2Fwp%2Fv2%2Fcategories&post=36544"},{"taxonomy":"post_tag","embeddable":true,"href":"https:\/\/www.sportchaco.com.ar\/index.php?rest_route=%2Fwp%2Fv2%2Ftags&post=36544"}],"curies":[{"name":"wp","href":"https:\/\/api.w.org\/{rel}","templated":true}]}}