{"id":36565,"date":"2026-04-29T20:14:56","date_gmt":"2026-04-29T23:14:56","guid":{"rendered":"https:\/\/www.sportchaco.com.ar\/?p=36565"},"modified":"2026-04-29T20:14:56","modified_gmt":"2026-04-29T23:14:56","slug":"villa-libertad-avanza-con-el-sueno-del-techo-propio-para-su-club","status":"publish","type":"post","link":"https:\/\/www.sportchaco.com.ar\/?p=36565","title":{"rendered":"Villa Libertad avanza con el sue\u00f1o del techo propio para su club"},"content":{"rendered":"<p><strong>29-04-2026<\/strong><\/p>\n<p><img loading=\"lazy\" decoding=\"async\" class=\"aligncenter size-full wp-image-35044\" src=\"https:\/\/www.sportchaco.com.ar\/wp-content\/uploads\/2026\/04\/Copia-de-TRABAJO-BANNER-WEB_940x90-30.gif\" alt=\"\" width=\"937\" height=\"90\" \/><\/p>\n<p>En un paso significativo para el desarrollo deportivo y social del barrio Villa Libertad, dirigentes del club mantuvieron una reuni\u00f3n con Fabio V\u00e1zquez, presidente del Instituto del Deporte Chaque\u00f1o, con el objetivo de avanzar en un anhelo hist\u00f3rico: la construcci\u00f3n de un techo para las instalaciones de la instituci\u00f3n.<\/p>\n<p>El encuentro dej\u00f3 sensaciones positivas. Si bien no hubo promesas concretas, s\u00ed se abri\u00f3 una puerta al di\u00e1logo y al trabajo conjunto. V\u00e1zquez manifest\u00f3 su intenci\u00f3n de visitar el club en los pr\u00f3ximos d\u00edas y de iniciar di\u00e1logo con el gobernador Leandro Zdero y con el ministro de Infraestructura Hugo Dom\u00ednguez, para evaluar posibles v\u00edas de acompa\u00f1amiento al proyecto.<\/p>\n<p>El club de Villa Libertad cumple un rol clave en la contenci\u00f3n social y el desarrollo deportivo de la zona, con m\u00e1s de 300 chicos y chicas que participan activamente en distintas disciplinas. Entre ellas, el b\u00e1squet se destaca por su crecimiento sostenido en los \u00faltimos a\u00f1os, tanto en cantidad de jugadores como en nivel organizativo.<\/p>\n<p>En ese sentido, el profesor y coordinador del b\u00e1squet de la instituci\u00f3n, Jos\u00e9 Valant, valor\u00f3 el encuentro y remarc\u00f3 la importancia de avanzar en mejoras estructurales. \u201cPara nosotros esto es muy importante. Venimos trabajando hace a\u00f1os con mucho esfuerzo, y contar con un techo cambiar\u00eda completamente la realidad del club, sobre todo para el b\u00e1squet, que muchas veces se ve condicionado por el clima\u201d, expres\u00f3 Valant.<\/p>\n<p>El coordinador tambi\u00e9n destac\u00f3 el impacto social del deporte en el barrio: \u201cNo se trata solo de competir o entrenar, sino de brindar un espacio de contenci\u00f3n. Ac\u00e1 vienen chicos de todas las edades, y el club se convierte en una segunda casa para muchos de ellos\u201d.<\/p>\n<p>Adem\u00e1s, hizo hincapi\u00e9 en el crecimiento de la disciplina dentro del club: \u201cEl b\u00e1squet en Villa Libertad ha crecido much\u00edsimo. Tenemos categor\u00edas formativas completas y cada vez m\u00e1s chicos se suman. Eso nos obliga tambi\u00e9n a mejorar nuestras condiciones de trabajo\u201d.<\/p>\n<p>Sobre la reuni\u00f3n con el titular del Instituto del Deporte, Valant se mostr\u00f3 esperanzado pero cauteloso: \u201cSabemos que estos procesos llevan tiempo, pero valoramos que nos hayan escuchado y que exista la intenci\u00f3n de acompa\u00f1ar. Que vengan al club y vean nuestra realidad ser\u00eda un paso muy importante\u201d.<\/p>\n<p>Por \u00faltimo, reafirm\u00f3 el compromiso de toda la comunidad del club: \u201cNosotros vamos a seguir trabajando, como siempre, con esfuerzo y dedicaci\u00f3n. Este sue\u00f1o del techo no es solo una obra, es una oportunidad para seguir creciendo y darle a los chicos el lugar que se merecen\u201d.<\/p>\n<p>La posibilidad de contar con infraestructura adecuada no solo potenciar\u00eda el desarrollo deportivo, sino que tambi\u00e9n permitir\u00eda ampliar las actividades durante todo el a\u00f1o, sin depender de las condiciones clim\u00e1ticas, fortaleciendo as\u00ed el rol social del club en Villa Libertad.<\/p>\n<p>Mientras tanto, la instituci\u00f3n contin\u00faa apostando al trabajo diario, con la convicci\u00f3n de que el deporte es una herramienta fundamental para la inclusi\u00f3n, la formaci\u00f3n y el futuro de cientos de j\u00f3venes del barrio.<\/p>\n<p><img loading=\"lazy\" decoding=\"async\" class=\"aligncenter size-full wp-image-34609\" src=\"https:\/\/www.sportchaco.com.ar\/wp-content\/uploads\/2026\/03\/MERCADO-LIBRE_120x200-01.gif\" alt=\"\" width=\"250\" height=\"417\" \/><\/p>\n","protected":false},"excerpt":{"rendered":"<p>29-04-2026 En un paso significativo para el desarrollo deportivo y social del barrio Villa Libertad, dirigentes del club mantuvieron una reuni\u00f3n con Fabio V\u00e1zquez, presidente del Instituto del Deporte Chaque\u00f1o, con el objetivo de avanzar en un anhelo hist\u00f3rico: la construcci\u00f3n de un techo para las instalaciones de la instituci\u00f3n. El encuentro dej\u00f3 sensaciones positivas. &hellip;<\/p>\n","protected":false},"author":3,"featured_media":36566,"comment_status":"open","ping_status":"open","sticky":false,"template":"","format":"standard","meta":{"footnotes":""},"categories":[3],"tags":[],"class_list":["post-36565","post","type-post","status-publish","format-standard","has-post-thumbnail","hentry","category-basquetbol"],"_links":{"self":[{"href":"https:\/\/www.sportchaco.com.ar\/index.php?rest_route=\/wp\/v2\/posts\/36565","targetHints":{"allow":["GET"]}}],"collection":[{"href":"https:\/\/www.sportchaco.com.ar\/index.php?rest_route=\/wp\/v2\/posts"}],"about":[{"href":"https:\/\/www.sportchaco.com.ar\/index.php?rest_route=\/wp\/v2\/types\/post"}],"author":[{"embeddable":true,"href":"https:\/\/www.sportchaco.com.ar\/index.php?rest_route=\/wp\/v2\/users\/3"}],"replies":[{"embeddable":true,"href":"https:\/\/www.sportchaco.com.ar\/index.php?rest_route=%2Fwp%2Fv2%2Fcomments&post=36565"}],"version-history":[{"count":1,"href":"https:\/\/www.sportchaco.com.ar\/index.php?rest_route=\/wp\/v2\/posts\/36565\/revisions"}],"predecessor-version":[{"id":36567,"href":"https:\/\/www.sportchaco.com.ar\/index.php?rest_route=\/wp\/v2\/posts\/36565\/revisions\/36567"}],"wp:featuredmedia":[{"embeddable":true,"href":"https:\/\/www.sportchaco.com.ar\/index.php?rest_route=\/wp\/v2\/media\/36566"}],"wp:attachment":[{"href":"https:\/\/www.sportchaco.com.ar\/index.php?rest_route=%2Fwp%2Fv2%2Fmedia&parent=36565"}],"wp:term":[{"taxonomy":"category","embeddable":true,"href":"https:\/\/www.sportchaco.com.ar\/index.php?rest_route=%2Fwp%2Fv2%2Fcategories&post=36565"},{"taxonomy":"post_tag","embeddable":true,"href":"https:\/\/www.sportchaco.com.ar\/index.php?rest_route=%2Fwp%2Fv2%2Ftags&post=36565"}],"curies":[{"name":"wp","href":"https:\/\/api.w.org\/{rel}","templated":true}]}}