{"id":36578,"date":"2026-04-30T11:25:40","date_gmt":"2026-04-30T14:25:40","guid":{"rendered":"https:\/\/www.sportchaco.com.ar\/?p=36578"},"modified":"2026-04-30T11:25:40","modified_gmt":"2026-04-30T14:25:40","slug":"de-la-mano-de-los-hermanos-corbalan-villa-recibio-una-historica-donacion-de-pelotas-para-todas-sus-categorias","status":"publish","type":"post","link":"https:\/\/www.sportchaco.com.ar\/?p=36578","title":{"rendered":"De la mano de los hermanos Corbal\u00e1n, Villa recibi\u00f3 una hist\u00f3rica donaci\u00f3n de pelotas para todas sus categor\u00edas"},"content":{"rendered":"<h1 class=\"story-title entry-title\"><\/h1>\n<div id=\"right-content\" class=\"relative\">\n<div id=\"content-area\" class=\"left relative\">\n<div id=\"feat-img-reg\" class=\"relative\"><\/div>\n<div id=\"left-content-mobi\">\n<div class=\"author-info-mob-wrap\"><span class=\"vcard author\"><br \/>\n<\/span><\/p>\n<div class=\"post-date-wrap left relative post-date-mob\"><span class=\"post-date\"><time class=\"post-date updated\" datetime=\"2026-04-30\">30 abril de 2026<\/time><\/span><\/div>\n<\/div>\n<h3><\/h3>\n<\/div>\n<div id=\"tps_slideContainer_31372\" class=\"theiaPostSlider_slides\">\n<div>\n<h3>\u00a0<strong>Con la entrega de 60 pelotas por parte de los hermanos Juan Pablo y Gonzalo Corbal\u00e1n y en la previa de los cuartos de final de la Liga Argentina ante Lan\u00fas, el Tricolor chaque\u00f1o reafirma su rol formador y fortalece su v\u00ednculo con todos sus jugadores, en ambas ramas.<\/strong><\/h3>\n<p>&nbsp;<\/p>\n<p>Villa San Mart\u00edn vive d\u00edas de profunda emoci\u00f3n y expectativas renovadas. En una\u00a0tarde de mi\u00e9rcoles\u00a0cargada de significado, la instituci\u00f3n recibi\u00f3 la donaci\u00f3n de 60 pelotas de b\u00e1squet por parte de los hermanos Juan Pablo y Gonzalo Corbal\u00e1n, surgidos de la cantera Tricolor, en un gesto que refuerza el sentido de pertenencia y el compromiso con el desarrollo deportivo y humano del club.<\/p>\n<p>La actividad cont\u00f3 con la presencia de decenas de ni\u00f1os y j\u00f3venes que forman parte de las divisiones formativas, quienes compartieron un momento cercano con los jugadores profesionales, junto a todo el staff de profesores de la instituci\u00f3n capitalina.\u00a0En ese marco, el presidente de la instituci\u00f3n, Ricardo Siri, destac\u00f3 el valor simb\u00f3lico y formativo de la iniciativa.\u00a0Adem\u00e1s estuvieron presentes el padre y t\u00edo de Juan Pablo y Gonzalo, Jorge y Javier Corbal\u00e1n respectivamente.<\/p>\n<p>\u201cEsto significa lo que llev\u00e9 toda la vida: el sentido de pertenencia a una instituci\u00f3n como Villa. Son actitudes que enaltecen a las personas. Gonzalo y Juan Pablo, por voluntad propia y por sentimiento hacia el club, est\u00e1n donando estas 60 pelotas, y eso habla de los valores con los que fueron formados\u201d, expres\u00f3 Siri.<\/p>\n<figure class=\"wp-block-image size-full\"><a href=\"https:\/\/baskettotal.com.ar\/wp-content\/uploads\/2026\/04\/SOL_6553.jpg\"><img loading=\"lazy\" decoding=\"async\" class=\"lazy wp-image-31373 lazy-loaded\" src=\"https:\/\/baskettotal.com.ar\/wp-content\/uploads\/2026\/04\/SOL_6553.jpg\" sizes=\"auto, (max-width: 520px) 100vw, 520px\" srcset=\"https:\/\/baskettotal.com.ar\/wp-content\/uploads\/2026\/04\/SOL_6553.jpg 520w, https:\/\/baskettotal.com.ar\/wp-content\/uploads\/2026\/04\/SOL_6553-200x300.jpg 200w\" alt=\"\" width=\"520\" height=\"780\" data-lazy-type=\"image\" data-lazy-src=\"https:\/\/baskettotal.com.ar\/wp-content\/uploads\/2026\/04\/SOL_6553.jpg\" data-lazy-srcset=\"https:\/\/baskettotal.com.ar\/wp-content\/uploads\/2026\/04\/SOL_6553.jpg 520w, https:\/\/baskettotal.com.ar\/wp-content\/uploads\/2026\/04\/SOL_6553-200x300.jpg 200w\" data-lazy-sizes=\"(max-width: 520px) 100vw, 520px\" \/><\/a><\/figure>\n<p>&nbsp;<\/p>\n<p>Del total, Juan Pablo Corbal\u00e1n, actual jugador de Regatas Corrientes, realiz\u00f3 la entrega de 40 pelotas, mientras que las 20 restantes ser\u00e1n acercadas por su hermano Gonzalo, quien se encuentra en Espa\u00f1a desarrollando su carrera profesional\u00a0y jugando en estos momentos en San Pablo Burgos.<\/p>\n<p>Durante el encuentro, los m\u00e1s chicos aprovecharon para dialogar con los referentes, plantear inquietudes y compartir sus sue\u00f1os. En ese sentido, Siri subray\u00f3 la importancia de estos espacios de cercan\u00eda:\u00a0\u201cEllos estuvieron sentados en ese mismo lugar escuchando a otros jugadores cuando eran chicos. Hoy est\u00e1n en la primera l\u00ednea del b\u00e1squet, y demuestran que se puede. Pero lo m\u00e1s importante es que ac\u00e1 no solo formamos jugadores, formamos personas que despu\u00e9s se insertan en la sociedad\u201d.<\/p>\n<figure class=\"wp-block-image size-full\"><a href=\"https:\/\/baskettotal.com.ar\/wp-content\/uploads\/2026\/04\/SOL_6559.jpg\"><img loading=\"lazy\" decoding=\"async\" class=\"lazy wp-image-31375 lazy-loaded\" src=\"https:\/\/baskettotal.com.ar\/wp-content\/uploads\/2026\/04\/SOL_6559.jpg\" sizes=\"auto, (max-width: 520px) 100vw, 520px\" srcset=\"https:\/\/baskettotal.com.ar\/wp-content\/uploads\/2026\/04\/SOL_6559.jpg 520w, https:\/\/baskettotal.com.ar\/wp-content\/uploads\/2026\/04\/SOL_6559-200x300.jpg 200w\" alt=\"\" width=\"520\" height=\"780\" data-lazy-type=\"image\" data-lazy-src=\"https:\/\/baskettotal.com.ar\/wp-content\/uploads\/2026\/04\/SOL_6559.jpg\" data-lazy-srcset=\"https:\/\/baskettotal.com.ar\/wp-content\/uploads\/2026\/04\/SOL_6559.jpg 520w, https:\/\/baskettotal.com.ar\/wp-content\/uploads\/2026\/04\/SOL_6559-200x300.jpg 200w\" data-lazy-sizes=\"(max-width: 520px) 100vw, 520px\" \/><\/a><\/figure>\n<p><strong>\u201cD<\/strong><strong>evolverle al club un poco de lo que nos dio es un mimo enorme para m\u00ed y para mi hermano\u201d<\/strong><\/p>\n<p>Por su parte, Juan Pablo Corbal\u00e1n, visiblemente emocionado, remarc\u00f3 el valor que tiene el club en su trayectoria personal y profesional:\u00a0\u201cVilla tiene una esencia muy fuerte. Todos los que llegamos al profesionalismo estamos muy agradecidos. Nos conocemos entre todos, hay un v\u00ednculo muy cercano con dirigentes y la gente. Poder devolverle al club un poco de lo que nos dio es un mimo enorme para m\u00ed y para mi hermano\u201d.<\/p>\n<p>El escolta tambi\u00e9n hizo referencia al impacto que generan en las nuevas generaciones:\u00a0\u201cPor ah\u00ed uno no dimensiona lo que representa para los chicos. Pero si pienso en lo que significaban para m\u00ed los jugadores mayores cuando era chico, entiendo la importancia. Hoy ellos nos siguen, nos miran, y eso es muy lindo\u201d.<\/p>\n<p>Actualmente, Villa San Mart\u00edn cuenta con alrededor de 700 j\u00f3venes en sus divisiones formativas, consolid\u00e1ndose como una de las instituciones m\u00e1s importantes de la regi\u00f3n en materia de desarrollo deportivo.<\/p>\n<figure class=\"wp-block-image size-large\"><a href=\"https:\/\/baskettotal.com.ar\/wp-content\/uploads\/2026\/04\/SOL_6570.jpg\"><img loading=\"lazy\" decoding=\"async\" class=\"lazy wp-image-31374 lazy-loaded\" src=\"https:\/\/baskettotal.com.ar\/wp-content\/uploads\/2026\/04\/SOL_6570-1024x682.jpg\" sizes=\"auto, (max-width: 1024px) 100vw, 1024px\" srcset=\"https:\/\/baskettotal.com.ar\/wp-content\/uploads\/2026\/04\/SOL_6570-1024x682.jpg 1024w, https:\/\/baskettotal.com.ar\/wp-content\/uploads\/2026\/04\/SOL_6570-300x200.jpg 300w, https:\/\/baskettotal.com.ar\/wp-content\/uploads\/2026\/04\/SOL_6570-768x512.jpg 768w, https:\/\/baskettotal.com.ar\/wp-content\/uploads\/2026\/04\/SOL_6570.jpg 1040w\" alt=\"\" width=\"1024\" height=\"682\" data-lazy-type=\"image\" data-lazy-src=\"https:\/\/baskettotal.com.ar\/wp-content\/uploads\/2026\/04\/SOL_6570-1024x682.jpg\" data-lazy-srcset=\"https:\/\/baskettotal.com.ar\/wp-content\/uploads\/2026\/04\/SOL_6570-1024x682.jpg 1024w, https:\/\/baskettotal.com.ar\/wp-content\/uploads\/2026\/04\/SOL_6570-300x200.jpg 300w, https:\/\/baskettotal.com.ar\/wp-content\/uploads\/2026\/04\/SOL_6570-768x512.jpg 768w, https:\/\/baskettotal.com.ar\/wp-content\/uploads\/2026\/04\/SOL_6570.jpg 1040w\" data-lazy-sizes=\"(max-width: 1024px) 100vw, 1024px\" \/><\/a><\/figure>\n<p>&nbsp;<\/p>\n<p>En paralelo a este momento institucional, el equipo atraviesa una instancia clave en lo competitivo. El plantel se prepara para disputar los cuartos de final del certamen, en un formato que re\u00fane a los mejores equipos del pa\u00eds.<\/p>\n<p>\u201cEs un paso muy importante para nosotros. Entre 34 equipos, hoy estamos entre los ocho mejores. Eso genera una expectativa enorme. Estamos ansiosos, pero muy confiados en el equipo\u201d, sostuvo Siri.<\/p>\n<p>El presidente tambi\u00e9n se refiri\u00f3 a las dificultades que debieron afrontar durante la temporada, incluyendo la baja del jugador Simondi por una afecci\u00f3n ocular:<\/p>\n<p>\u201cTuvimos varios inconvenientes, y ahora esta lesi\u00f3n que lo deja afuera, pero confiamos plenamente en los jugadores que lo van a reemplazar y en el cuerpo t\u00e9cnico\u201d.<\/p>\n<p>Con la ilusi\u00f3n intacta dentro de la cancha y un fuerte respaldo institucional fuera de ella, Villa San Mart\u00edn reafirma su identidad: un club que no solo compite, sino que forma, contiene y proyecta. La jornada vivida, con la participaci\u00f3n de sus referentes y el entusiasmo de los m\u00e1s chicos, es una muestra clara de que el legado tricolor sigue creciendo.<\/p>\n<figure class=\"wp-block-image size-large\"><a href=\"https:\/\/baskettotal.com.ar\/wp-content\/uploads\/2026\/04\/SOL_6595.jpg\"><img loading=\"lazy\" decoding=\"async\" class=\"lazy wp-image-31376 lazy-loaded\" src=\"https:\/\/baskettotal.com.ar\/wp-content\/uploads\/2026\/04\/SOL_6595-1024x682.jpg\" sizes=\"auto, (max-width: 1024px) 100vw, 1024px\" srcset=\"https:\/\/baskettotal.com.ar\/wp-content\/uploads\/2026\/04\/SOL_6595-1024x682.jpg 1024w, https:\/\/baskettotal.com.ar\/wp-content\/uploads\/2026\/04\/SOL_6595-300x200.jpg 300w, https:\/\/baskettotal.com.ar\/wp-content\/uploads\/2026\/04\/SOL_6595-768x512.jpg 768w, https:\/\/baskettotal.com.ar\/wp-content\/uploads\/2026\/04\/SOL_6595.jpg 1040w\" alt=\"\" width=\"1024\" height=\"682\" data-lazy-type=\"image\" data-lazy-src=\"https:\/\/baskettotal.com.ar\/wp-content\/uploads\/2026\/04\/SOL_6595-1024x682.jpg\" data-lazy-srcset=\"https:\/\/baskettotal.com.ar\/wp-content\/uploads\/2026\/04\/SOL_6595-1024x682.jpg 1024w, https:\/\/baskettotal.com.ar\/wp-content\/uploads\/2026\/04\/SOL_6595-300x200.jpg 300w, https:\/\/baskettotal.com.ar\/wp-content\/uploads\/2026\/04\/SOL_6595-768x512.jpg 768w, https:\/\/baskettotal.com.ar\/wp-content\/uploads\/2026\/04\/SOL_6595.jpg 1040w\" data-lazy-sizes=\"(max-width: 1024px) 100vw, 1024px\" \/><\/a><\/figure>\n<figure class=\"wp-block-image size-large\"><a href=\"https:\/\/baskettotal.com.ar\/wp-content\/uploads\/2026\/04\/SOL_6545.jpg\"><img loading=\"lazy\" decoding=\"async\" class=\"lazy wp-image-31377 lazy-loaded\" src=\"https:\/\/baskettotal.com.ar\/wp-content\/uploads\/2026\/04\/SOL_6545-1024x682.jpg\" sizes=\"auto, (max-width: 1024px) 100vw, 1024px\" srcset=\"https:\/\/baskettotal.com.ar\/wp-content\/uploads\/2026\/04\/SOL_6545-1024x682.jpg 1024w, https:\/\/baskettotal.com.ar\/wp-content\/uploads\/2026\/04\/SOL_6545-300x200.jpg 300w, https:\/\/baskettotal.com.ar\/wp-content\/uploads\/2026\/04\/SOL_6545-768x512.jpg 768w, https:\/\/baskettotal.com.ar\/wp-content\/uploads\/2026\/04\/SOL_6545.jpg 1040w\" alt=\"\" width=\"1024\" height=\"682\" data-lazy-type=\"image\" data-lazy-src=\"https:\/\/baskettotal.com.ar\/wp-content\/uploads\/2026\/04\/SOL_6545-1024x682.jpg\" data-lazy-srcset=\"https:\/\/baskettotal.com.ar\/wp-content\/uploads\/2026\/04\/SOL_6545-1024x682.jpg 1024w, https:\/\/baskettotal.com.ar\/wp-content\/uploads\/2026\/04\/SOL_6545-300x200.jpg 300w, https:\/\/baskettotal.com.ar\/wp-content\/uploads\/2026\/04\/SOL_6545-768x512.jpg 768w, https:\/\/baskettotal.com.ar\/wp-content\/uploads\/2026\/04\/SOL_6545.jpg 1040w\" data-lazy-sizes=\"(max-width: 1024px) 100vw, 1024px\" \/><\/a><\/figure>\n<p>&nbsp;<\/p>\n<p>FOTOS: Soledad Mordacini (Villa San Mart\u00edn)<\/p>\n<\/div>\n<\/div>\n<\/div>\n<\/div>\n","protected":false},"excerpt":{"rendered":"<p>30 abril de 2026 \u00a0Con la entrega de 60 pelotas por parte de los hermanos Juan Pablo y Gonzalo Corbal\u00e1n y en la previa de los cuartos de final de la Liga Argentina ante Lan\u00fas, el Tricolor chaque\u00f1o reafirma su rol formador y fortalece su v\u00ednculo con todos sus jugadores, en ambas ramas. &nbsp; Villa &hellip;<\/p>\n","protected":false},"author":2,"featured_media":36579,"comment_status":"open","ping_status":"open","sticky":false,"template":"","format":"standard","meta":{"footnotes":""},"categories":[3],"tags":[],"class_list":["post-36578","post","type-post","status-publish","format-standard","has-post-thumbnail","hentry","category-basquetbol"],"_links":{"self":[{"href":"https:\/\/www.sportchaco.com.ar\/index.php?rest_route=\/wp\/v2\/posts\/36578","targetHints":{"allow":["GET"]}}],"collection":[{"href":"https:\/\/www.sportchaco.com.ar\/index.php?rest_route=\/wp\/v2\/posts"}],"about":[{"href":"https:\/\/www.sportchaco.com.ar\/index.php?rest_route=\/wp\/v2\/types\/post"}],"author":[{"embeddable":true,"href":"https:\/\/www.sportchaco.com.ar\/index.php?rest_route=\/wp\/v2\/users\/2"}],"replies":[{"embeddable":true,"href":"https:\/\/www.sportchaco.com.ar\/index.php?rest_route=%2Fwp%2Fv2%2Fcomments&post=36578"}],"version-history":[{"count":1,"href":"https:\/\/www.sportchaco.com.ar\/index.php?rest_route=\/wp\/v2\/posts\/36578\/revisions"}],"predecessor-version":[{"id":36580,"href":"https:\/\/www.sportchaco.com.ar\/index.php?rest_route=\/wp\/v2\/posts\/36578\/revisions\/36580"}],"wp:featuredmedia":[{"embeddable":true,"href":"https:\/\/www.sportchaco.com.ar\/index.php?rest_route=\/wp\/v2\/media\/36579"}],"wp:attachment":[{"href":"https:\/\/www.sportchaco.com.ar\/index.php?rest_route=%2Fwp%2Fv2%2Fmedia&parent=36578"}],"wp:term":[{"taxonomy":"category","embeddable":true,"href":"https:\/\/www.sportchaco.com.ar\/index.php?rest_route=%2Fwp%2Fv2%2Fcategories&post=36578"},{"taxonomy":"post_tag","embeddable":true,"href":"https:\/\/www.sportchaco.com.ar\/index.php?rest_route=%2Fwp%2Fv2%2Ftags&post=36578"}],"curies":[{"name":"wp","href":"https:\/\/api.w.org\/{rel}","templated":true}]}}