{"id":36670,"date":"2026-05-02T00:04:08","date_gmt":"2026-05-02T03:04:08","guid":{"rendered":"https:\/\/www.sportchaco.com.ar\/?p=36670"},"modified":"2026-05-02T00:30:03","modified_gmt":"2026-05-02T03:30:03","slug":"36670","status":"publish","type":"post","link":"https:\/\/www.sportchaco.com.ar\/?p=36670","title":{"rendered":"Efem\u00e9rides del 2 de mayo"},"content":{"rendered":"<h4><strong>Esta es la Efem\u00e9rides del Deporte en el Chaco de un 2 de mayo del periodista Luis Dar\u00edo Molodezky.<\/strong><\/h4>\n<p>&nbsp;<\/p>\n<p><img loading=\"lazy\" decoding=\"async\" class=\"alignnone size-medium wp-image-36673 aligncenter\" src=\"https:\/\/www.sportchaco.com.ar\/wp-content\/uploads\/2026\/05\/Willy-Luis-Fernadnez-y-Allou-300x200.jpeg\" alt=\"\" width=\"300\" height=\"200\" srcset=\"https:\/\/www.sportchaco.com.ar\/wp-content\/uploads\/2026\/05\/Willy-Luis-Fernadnez-y-Allou-300x200.jpeg 300w, https:\/\/www.sportchaco.com.ar\/wp-content\/uploads\/2026\/05\/Willy-Luis-Fernadnez-y-Allou-1024x683.jpeg 1024w, https:\/\/www.sportchaco.com.ar\/wp-content\/uploads\/2026\/05\/Willy-Luis-Fernadnez-y-Allou-768x512.jpeg 768w, https:\/\/www.sportchaco.com.ar\/wp-content\/uploads\/2026\/05\/Willy-Luis-Fernadnez-y-Allou-1536x1024.jpeg 1536w, https:\/\/www.sportchaco.com.ar\/wp-content\/uploads\/2026\/05\/Willy-Luis-Fernadnez-y-Allou.jpeg 1575w\" sizes=\"auto, (max-width: 300px) 100vw, 300px\" \/><\/p>\n<p style=\"text-align: center;\"><em><strong>Luis Dar\u00edo Molodezaky con Willy Rodr\u00edguez, Miguel Fern\u00e1ndez y Carlos Anibal Allou<\/strong><\/em><\/p>\n<p><strong>1919 \/ <\/strong>Naci\u00f3 en P\u00f3zzolo, provincia de Parma, Italia, Santiago Yaco Guarnieri. Lleg\u00f3 a la Argentina con su padre y cuatro hermanos, hu\u00e9rfano de madre. Y se radic\u00f3 en Resistencia con 4 a\u00f1os. Su primer trabajo fue como mec\u00e1nico en la Agencia Ford y luego en Mellidense como jefe de taller. Socio fundador del club N\u00e1utico Barranqueras y Chaco Automoto Club, donde fue presidente y el Aut\u00f3dromo lleva su nombre. Falleci\u00f3 el 21 de diciembre de 1986.<\/p>\n<p><strong>1950 <\/strong>\/ El Club Sarmiento concede el pase a pr\u00e9stamo al Club San Lorenzo de Almagro de su jugador Eleuterio Gonz\u00e1lez.<\/p>\n<p><strong>1980 <\/strong>\/ Arriba a Resistencia el primer norteamericano para Hind\u00fa Club. Se trata de Julius Harward, 28 a\u00f1os, 2,06 metros y 120 kilogramos.<\/p>\n<p><strong>1981 \/<\/strong> El doctor Pedro federico Soria Ojeda es designado presidente Asociaci\u00f3n de B\u00e1squetbol de Resistencia, doctor Pedro Federico Soria Ojeda, asegurando en la ocasi\u00f3n que no ten\u00eda compromiso con ning\u00fan club. Asumo la conducci\u00f3n trabajar por el b\u00e1squetbol de Resistencia.<\/p>\n<p><em><strong><img loading=\"lazy\" decoding=\"async\" class=\"alignnone size-medium wp-image-36694\" src=\"https:\/\/www.sportchaco.com.ar\/wp-content\/uploads\/2026\/05\/Soria-Ojeda-pedro-Federico-ia-e1777689634433-300x296.png\" alt=\"\" width=\"300\" height=\"296\" srcset=\"https:\/\/www.sportchaco.com.ar\/wp-content\/uploads\/2026\/05\/Soria-Ojeda-pedro-Federico-ia-e1777689634433-300x296.png 300w, https:\/\/www.sportchaco.com.ar\/wp-content\/uploads\/2026\/05\/Soria-Ojeda-pedro-Federico-ia-e1777689634433-1024x1011.png 1024w, https:\/\/www.sportchaco.com.ar\/wp-content\/uploads\/2026\/05\/Soria-Ojeda-pedro-Federico-ia-e1777689634433-768x758.png 768w, https:\/\/www.sportchaco.com.ar\/wp-content\/uploads\/2026\/05\/Soria-Ojeda-pedro-Federico-ia-e1777689634433.png 1099w\" sizes=\"auto, (max-width: 300px) 100vw, 300px\" \/><\/strong><\/em><\/p>\n<p>&nbsp;<\/p>\n<p><em><strong>Foto portada: El doctor Pedro Soria Ojeda.<\/strong><\/em><\/p>\n<p><img decoding=\"async\" class=\"aligncenter\" src=\"https:\/\/www.sportchaco.com.ar\/wp-content\/uploads\/2026\/04\/Banner-Vivienda_250x250-05-1.gif\" \/><\/p>\n","protected":false},"excerpt":{"rendered":"<p>Esta es la Efem\u00e9rides del Deporte en el Chaco de un 2 de mayo del periodista Luis Dar\u00edo Molodezky. &nbsp; Luis Dar\u00edo Molodezaky con Willy Rodr\u00edguez, Miguel Fern\u00e1ndez y Carlos Anibal Allou 1919 \/ Naci\u00f3 en P\u00f3zzolo, provincia de Parma, Italia, Santiago Yaco Guarnieri. Lleg\u00f3 a la Argentina con su padre y cuatro hermanos, hu\u00e9rfano &hellip;<\/p>\n","protected":false},"author":2,"featured_media":36694,"comment_status":"open","ping_status":"open","sticky":false,"template":"","format":"standard","meta":{"footnotes":""},"categories":[45],"tags":[],"class_list":["post-36670","post","type-post","status-publish","format-standard","has-post-thumbnail","hentry","category-efemerides-dia-por-dia"],"_links":{"self":[{"href":"https:\/\/www.sportchaco.com.ar\/index.php?rest_route=\/wp\/v2\/posts\/36670","targetHints":{"allow":["GET"]}}],"collection":[{"href":"https:\/\/www.sportchaco.com.ar\/index.php?rest_route=\/wp\/v2\/posts"}],"about":[{"href":"https:\/\/www.sportchaco.com.ar\/index.php?rest_route=\/wp\/v2\/types\/post"}],"author":[{"embeddable":true,"href":"https:\/\/www.sportchaco.com.ar\/index.php?rest_route=\/wp\/v2\/users\/2"}],"replies":[{"embeddable":true,"href":"https:\/\/www.sportchaco.com.ar\/index.php?rest_route=%2Fwp%2Fv2%2Fcomments&post=36670"}],"version-history":[{"count":5,"href":"https:\/\/www.sportchaco.com.ar\/index.php?rest_route=\/wp\/v2\/posts\/36670\/revisions"}],"predecessor-version":[{"id":36700,"href":"https:\/\/www.sportchaco.com.ar\/index.php?rest_route=\/wp\/v2\/posts\/36670\/revisions\/36700"}],"wp:featuredmedia":[{"embeddable":true,"href":"https:\/\/www.sportchaco.com.ar\/index.php?rest_route=\/wp\/v2\/media\/36694"}],"wp:attachment":[{"href":"https:\/\/www.sportchaco.com.ar\/index.php?rest_route=%2Fwp%2Fv2%2Fmedia&parent=36670"}],"wp:term":[{"taxonomy":"category","embeddable":true,"href":"https:\/\/www.sportchaco.com.ar\/index.php?rest_route=%2Fwp%2Fv2%2Fcategories&post=36670"},{"taxonomy":"post_tag","embeddable":true,"href":"https:\/\/www.sportchaco.com.ar\/index.php?rest_route=%2Fwp%2Fv2%2Ftags&post=36670"}],"curies":[{"name":"wp","href":"https:\/\/api.w.org\/{rel}","templated":true}]}}