{"id":3671,"date":"2023-12-12T22:19:02","date_gmt":"2023-12-13T01:19:02","guid":{"rendered":"https:\/\/www.sportchaco.com.ar\/?p=3671"},"modified":"2023-12-12T22:19:21","modified_gmt":"2023-12-13T01:19:21","slug":"con-el-plantel-en-plena-renovacion-for-ever-trabaja-de-cara-al-2024","status":"publish","type":"post","link":"https:\/\/www.sportchaco.com.ar\/?p=3671","title":{"rendered":"Con el plantel en plena renovaci\u00f3n, For Ever trabaja de cara al 2024"},"content":{"rendered":"<div class=\"single-blog-content mb-100\">\n<div class=\"\">\n<h1 class=\"\"><\/h1>\n<p>El equipo que conduce Diego Osella se prepara para afrontar una temporada en la que deber\u00e1 mejorar para no sufrir con el descenso. El volante ofensivo Brian Miranda y el defensor central, Abel Masuero, llegar\u00edan para reforzar la plantilla. Gino Barbieri, continuar\u00e1 su carrera en Ecuador.<\/p>\n<div>\n<div id=\"carouselExampleControls\" class=\"carousel slide\" data-ride=\"carousel\">\n<div class=\"carousel-inner\">\n<div class=\"carousel-item active\"><\/div>\n<\/div>\n<\/div>\n<h4><strong>Foto: El plantel del Negro contin\u00faa renov\u00e1ndose de cara a la temporada 2024 de la Primera Nacional<\/strong><\/h4>\n<p>&nbsp;<\/p>\n<\/div>\n<div class=\"sharethis-inline-share-buttons pb-3\"><\/div>\n<p>El fin de a\u00f1o encuentra al plantel de Chaco For Ever en plena renovaci\u00f3n y trabajando de cara a la temporada 2024 de la Primera Nacional en la que deber\u00e1 mejorar su \u00faltima producci\u00f3n para no penar con el descenso.<\/p>\n<p>Tras su vuelta a la segunda categor\u00eda del f\u00fatbol nacional, el\u00a0<em>Negro de Villa San Juan<\/em>\u00a0hizo una buena temporada e incluso accedi\u00f3 el Reducido final donde cay\u00f3 con Estudiantes de Buenos Aires. Sin embargo, en el 2023 su performance fue mucho m\u00e1s irregular y lo encontr\u00f3 peleando en los \u00faltimos puestos de la tabla, hasta un par de fechas antes del final del torneo.<\/p>\n<p>Las perspectivas para el pr\u00f3ximo a\u00f1o son llegar al inicio del campeonato con un plantel renovado y con un importante trabajo previo. Por eso, la dirigencia se est\u00e1 moviendo r\u00e1pidamente en este mercado de pases, en busca de incorporaciones que jerarquicen al equipo.<\/p>\n<p>En ese contexto, en las \u00faltimas horas se conoci\u00f3 a trav\u00e9s de la\u00a0<em>red social X<\/em>\u00a0del periodista Marcelo M\u00e1ntaras que es inminente la firma del volante ofensivo Brian Miranda, proveniente de Trist\u00e1n Su\u00e1rez. El mediocampista creativo de 30 a\u00f1os jug\u00f3 adem\u00e1s en Argentinos, Uni\u00f3n San Felipe de Chile, F\u00e9nix y Atlanta.<\/p>\n<p>Tambi\u00e9n estar\u00eda cerrada la incorporaci\u00f3n del experimentado marcador central Abel Masuero, que llega desde San Mart\u00edn de San Juan. El santafesino, de 35 a\u00f1os, comenz\u00f3 su carrera en Gimnasia de La Plata, y tuvo un paso por San Lorenzo, en la Argentina. Tambi\u00e9n jug\u00f3 en el exterior, en Grecia y en el Genk de B\u00e9lgica. Otra confirmaci\u00f3n de las \u00faltimas horas es la partida del defensor Gino Barbieri, quien deja el Chaco para desembarcar en el Macar\u00e1, de Ecuador. Agencia Foco<\/p>\n<\/div>\n<\/div>\n<div class=\"row border-top\">\n<h3 class=\"\"><\/h3>\n<\/div>\n","protected":false},"excerpt":{"rendered":"<p>El equipo que conduce Diego Osella se prepara para afrontar una temporada en la que deber\u00e1 mejorar para no sufrir con el descenso. El volante ofensivo Brian Miranda y el defensor central, Abel Masuero, llegar\u00edan para reforzar la plantilla. Gino Barbieri, continuar\u00e1 su carrera en Ecuador. Foto: El plantel del Negro contin\u00faa renov\u00e1ndose de cara &hellip;<\/p>\n","protected":false},"author":2,"featured_media":3672,"comment_status":"open","ping_status":"open","sticky":false,"template":"","format":"standard","meta":{"footnotes":""},"categories":[5],"tags":[],"class_list":["post-3671","post","type-post","status-publish","format-standard","has-post-thumbnail","hentry","category-futbol"],"_links":{"self":[{"href":"https:\/\/www.sportchaco.com.ar\/index.php?rest_route=\/wp\/v2\/posts\/3671","targetHints":{"allow":["GET"]}}],"collection":[{"href":"https:\/\/www.sportchaco.com.ar\/index.php?rest_route=\/wp\/v2\/posts"}],"about":[{"href":"https:\/\/www.sportchaco.com.ar\/index.php?rest_route=\/wp\/v2\/types\/post"}],"author":[{"embeddable":true,"href":"https:\/\/www.sportchaco.com.ar\/index.php?rest_route=\/wp\/v2\/users\/2"}],"replies":[{"embeddable":true,"href":"https:\/\/www.sportchaco.com.ar\/index.php?rest_route=%2Fwp%2Fv2%2Fcomments&post=3671"}],"version-history":[{"count":2,"href":"https:\/\/www.sportchaco.com.ar\/index.php?rest_route=\/wp\/v2\/posts\/3671\/revisions"}],"predecessor-version":[{"id":3674,"href":"https:\/\/www.sportchaco.com.ar\/index.php?rest_route=\/wp\/v2\/posts\/3671\/revisions\/3674"}],"wp:featuredmedia":[{"embeddable":true,"href":"https:\/\/www.sportchaco.com.ar\/index.php?rest_route=\/wp\/v2\/media\/3672"}],"wp:attachment":[{"href":"https:\/\/www.sportchaco.com.ar\/index.php?rest_route=%2Fwp%2Fv2%2Fmedia&parent=3671"}],"wp:term":[{"taxonomy":"category","embeddable":true,"href":"https:\/\/www.sportchaco.com.ar\/index.php?rest_route=%2Fwp%2Fv2%2Fcategories&post=3671"},{"taxonomy":"post_tag","embeddable":true,"href":"https:\/\/www.sportchaco.com.ar\/index.php?rest_route=%2Fwp%2Fv2%2Ftags&post=3671"}],"curies":[{"name":"wp","href":"https:\/\/api.w.org\/{rel}","templated":true}]}}