{"id":3726,"date":"2023-12-14T13:25:44","date_gmt":"2023-12-14T16:25:44","guid":{"rendered":"https:\/\/www.sportchaco.com.ar\/?p=3726"},"modified":"2023-12-14T13:25:44","modified_gmt":"2023-12-14T16:25:44","slug":"dos-candidatos-para-quedarse-con-la-copa-de-deportista-del-ano","status":"publish","type":"post","link":"https:\/\/www.sportchaco.com.ar\/?p=3726","title":{"rendered":"Dos candidatos para quedarse con la Copa de Deportista del A\u00f1o"},"content":{"rendered":"<p>Se ultiman detalles organizativos de la 41\u00b0 edici\u00f3n de la Fiesta Anual del Deporte a celebrarse \u00e9ste viernes en las instalaciones del Castillito de la Mutual Bancaria, ubicadas en Tuta Nicol\u00e1s Avellaneda kil\u00f3metro 11.5 de nuestra capital. Ser\u00e1 a partir de las 21.30 horas con televisaci\u00f3n en directo de Chaco TV para toda la provincia. La conducci\u00f3n del evento estar\u00e1 a cargo de Jos\u00e9 Luis Leoni y Patricia Baudin.<\/p>\n<p>El C\u00edrculo de Periodistas Deportivos del Chaco vuelve a poner en escena este acontecimiento deportivo que tiene su historia reflejada en 41 temporadas, un cl\u00e1sico de la provincia que convoca a los deportistas, entrenadores, dirigentes, familiares y a todos los actores de un sector importante de la sociedad como es el deporte.<\/p>\n<p>Por estas horas que resultan decisivas, los miembros de comisi\u00f3n directiva del C\u00edrculo de Periodistas definen el nombre del que ser\u00e1 consagrado deportista de la temporada 2023. Son dos los candidatos a quedarse con la preciada copa y la votaci\u00f3n entre los periodistas arroj\u00f3 un empate. De manera que se viene la reuni\u00f3n decisiva que servir\u00e1 para concretar una nueva ronda de consultas y de volver a registrarse una igualdad, deber\u00e1 desempatar el presidente Miguel Omar Retamoso con su voto que vale doble.<\/p>\n<p>El evento es auspiciado por el Gobierno del Chaco, Loter\u00eda Chaque\u00f1a, Instituto del Deporte, Nuevo Banco del Chaco y Antuan Joyer\u00edas, empresa del medio que instituye la copa principal que levantar\u00e1 el consagrado Deportista del A\u00f1o.<\/p>\n<p>&nbsp;<\/p>\n<p><strong>Sigue entrega de tarjetas<\/strong><\/p>\n<p>Las tarjetas seguir\u00e1n entreg\u00e1ndose en la jornada de hoy en la sede social de avenida Italia 1146, en el horario de 8 a 11. Ma\u00f1ana, en la misma franja horaria, se habilitar\u00e1 la secretar\u00eda para tal fin.<\/p>\n<p>&nbsp;<\/p>\n<p><strong>Los distinguidos<\/strong><\/p>\n<p>Ajedrez: Dar\u00edo Aznar<br \/>\nArtes Marciales: Tamara Vasconcelo<br \/>\nAtletismo: Dilan Ariel T\u00e9vez<br \/>\nAutomovilismo: Lucas Bhodanowicz<br \/>\nB\u00e1squetbol: Facundo De Jes\u00fas<br \/>\nB\u00e1squetbol Femenino: Daniela Hamaniuk<br \/>\nBochas: Franco Brest<br \/>\nBoxeo: Guido Romero<br \/>\nCanotaje: Tomas Ferrari<br \/>\nCaza: Gustavo Ariel Teruel<br \/>\nCiclismo: Emmanuel Ibarrola Sander<br \/>\nDeporte Adaptado: \u00c1ngel Deld\u00f3<br \/>\nDirigente: Pablo Mujica<br \/>\nEvita Adaptado: Lucas Leguiza<br \/>\nF\u00fatbol: Andr\u00e9s Dom\u00ednguez<br \/>\nF\u00fatbol Femenino: Claudia Cuevas<br \/>\nFutsal: Hugo Villamayor<br \/>\nGimnasia: Tob\u00edas Gonz\u00e1lez Vallejos<br \/>\nGolf: Camilo Chapresto<br \/>\nHandball: Anabella Bober<br \/>\nHockey: Agustina Gim\u00e9nez<br \/>\nKarting: Luciano Hugo Carlisi<br \/>\nLevantamiento Ol\u00edmpico de Pesas: Milena Ayala<br \/>\nMarat\u00f3n: Leandro Centanaro<br \/>\nMotociclismo: Ramiro Gandola<br \/>\nNataci\u00f3n: Thiago Romero<br \/>\nPesca: Gabriela Meza<br \/>\nRugby: Vicente Lobera<br \/>\nSquash: Uma Churlis<br \/>\nTenis de Mesa: Gast\u00f3n Codina<br \/>\nTiro: Francisco Ra\u00fal Fur\u00ed<br \/>\nTriatl\u00f3n: Luis de Jes\u00fas Oviedo<br \/>\nV\u00f3ley: Bianca Jazm\u00edn Kisur<\/p>\n<p>&nbsp;<\/p>\n<p><strong>Reconocimientos:<\/strong><\/p>\n<p>Javier Dacak<\/p>\n<p>Mar\u00eda Victoria Zibecchi<\/p>\n<p>Talia Radich<\/p>\n<p>Carlos Verza<\/p>\n<p>Sebasti\u00e1n Salom<\/p>\n","protected":false},"excerpt":{"rendered":"<p>Se ultiman detalles organizativos de la 41\u00b0 edici\u00f3n de la Fiesta Anual del Deporte a celebrarse \u00e9ste viernes en las instalaciones del Castillito de la Mutual Bancaria, ubicadas en Tuta Nicol\u00e1s Avellaneda kil\u00f3metro 11.5 de nuestra capital. Ser\u00e1 a partir de las 21.30 horas con televisaci\u00f3n en directo de Chaco TV para toda la provincia. &hellip;<\/p>\n","protected":false},"author":3,"featured_media":3727,"comment_status":"open","ping_status":"open","sticky":false,"template":"","format":"standard","meta":{"footnotes":""},"categories":[8],"tags":[],"class_list":["post-3726","post","type-post","status-publish","format-standard","has-post-thumbnail","hentry","category-sport-nea"],"_links":{"self":[{"href":"https:\/\/www.sportchaco.com.ar\/index.php?rest_route=\/wp\/v2\/posts\/3726","targetHints":{"allow":["GET"]}}],"collection":[{"href":"https:\/\/www.sportchaco.com.ar\/index.php?rest_route=\/wp\/v2\/posts"}],"about":[{"href":"https:\/\/www.sportchaco.com.ar\/index.php?rest_route=\/wp\/v2\/types\/post"}],"author":[{"embeddable":true,"href":"https:\/\/www.sportchaco.com.ar\/index.php?rest_route=\/wp\/v2\/users\/3"}],"replies":[{"embeddable":true,"href":"https:\/\/www.sportchaco.com.ar\/index.php?rest_route=%2Fwp%2Fv2%2Fcomments&post=3726"}],"version-history":[{"count":1,"href":"https:\/\/www.sportchaco.com.ar\/index.php?rest_route=\/wp\/v2\/posts\/3726\/revisions"}],"predecessor-version":[{"id":3728,"href":"https:\/\/www.sportchaco.com.ar\/index.php?rest_route=\/wp\/v2\/posts\/3726\/revisions\/3728"}],"wp:featuredmedia":[{"embeddable":true,"href":"https:\/\/www.sportchaco.com.ar\/index.php?rest_route=\/wp\/v2\/media\/3727"}],"wp:attachment":[{"href":"https:\/\/www.sportchaco.com.ar\/index.php?rest_route=%2Fwp%2Fv2%2Fmedia&parent=3726"}],"wp:term":[{"taxonomy":"category","embeddable":true,"href":"https:\/\/www.sportchaco.com.ar\/index.php?rest_route=%2Fwp%2Fv2%2Fcategories&post=3726"},{"taxonomy":"post_tag","embeddable":true,"href":"https:\/\/www.sportchaco.com.ar\/index.php?rest_route=%2Fwp%2Fv2%2Ftags&post=3726"}],"curies":[{"name":"wp","href":"https:\/\/api.w.org\/{rel}","templated":true}]}}