{"id":3774,"date":"2023-12-16T04:10:08","date_gmt":"2023-12-16T07:10:08","guid":{"rendered":"https:\/\/www.sportchaco.com.ar\/?p=3774"},"modified":"2023-12-16T04:10:08","modified_gmt":"2023-12-16T07:10:08","slug":"milena-ayala-se-consagro-como-la-mejor-del-ano-en-la-fiesta-del-deporte","status":"publish","type":"post","link":"https:\/\/www.sportchaco.com.ar\/?p=3774","title":{"rendered":"Milena Ayala se consagr\u00f3 como la mejor del a\u00f1o en La Fiesta del Deporte"},"content":{"rendered":"<p>Milena Ayala, de la disciplina levantamiento de pesas, se consagr\u00f3 anoche como la Mejor Deportista del A\u00f1o en \u00abLa Fiesta del Deporte\u00bb, llev\u00e1ndose el prestigioso premio del C\u00edrculo de Periodistas Deportivos en la emocionante 41\u00aa Fiesta Anual.<\/p>\n<p>El evento, organizado por el C\u00edrculo de Periodistas Deportivos del Chaco y realizado en las magn\u00edficas instalaciones del Castillito de la Mutual Bancaria, cont\u00f3 con la presencia destacada de figuras como el presidente del Instituto del Deporte Chaque\u00f1o, el profesor Fabio V\u00e1zquez; el secretario de gobierno de la Municipalidad de Resistencia, el doctor Emilio Varisco; el subsecretario de Deportes de la Municipalidad, Fabi\u00e1n Maffei; y el vicepresidente del Instituto del Deporte, Gabriel Pellegrini.<\/p>\n<p>Adem\u00e1s, el concejal Ram\u00f3n Romero declar\u00f3 de inter\u00e9s municipal el evento, mientras que el diputado provincial Carlos Salom lo declar\u00f3 de inter\u00e9s legislativo.<\/p>\n<p>Este exitoso acontecimiento fue posible gracias al apoyo del gobierno del Chaco, Loter\u00eda, Instituto del Deporte, Nuevo Banco del Chaco y Antu\u00e1n Joyer\u00edas. El servicio de catering estuvo a cargo de Levraux, y la gala fue transmitida en vivo por Chaco Tv, permitiendo que el p\u00fablico del ambiente deportivo chaque\u00f1o disfrutar\u00e1 de la celebraci\u00f3n.<\/p>\n<p>Durante la gala, se distingui\u00f3 a 33 destacados deportistas de diversas disciplinas que brillaron en el a\u00f1o 2023. Adem\u00e1s, se otorgaron cinco reconocimientos a trayectorias de exponentes que marcaron un camino e impusieron su sello en el deporte, as\u00ed como a j\u00f3venes valores que trascendieron al m\u00e1s alto nivel competitivo.<\/p>\n<p>La culminaci\u00f3n de la noche fue la consagraci\u00f3n de Milena Ayala como la atleta destacada de la presente temporada en la disciplina de levantamiento de pesas, que recibi\u00f3 el trofeo en manos del presidente del C\u00edrculo de Periodistas Deportivo del Chaco Miguel Omar Retamozo.<\/p>\n<p>Sus logros, como la triple medalla de oro en el Campeonato Sudamericano en Guayaquil, la destacan como una pesista cadete de proyecci\u00f3n nacional.<\/p>\n<p>Milena levant\u00f3 la Copa de Antu\u00e1n Joyer\u00edas como la Mejor Deportista del A\u00f1o, y marc\u00f3 el cierre de una gala llena de alegr\u00eda y reconocimiento para los deportistas que dejaron su huella a lo largo y ancho de la provincia en este 2023.<\/p>\n<h2>La palabra de Retamozo<\/h2>\n<p>En su discurso, el presidente del C\u00edrculo de Periodistas Deportivo del Chaco Miguel Omar Retamozo, dijo: \u00abNuevamente una pasi\u00f3n nos convoca: el deporte, g\u00e9nero que no tiene fronteras. Con la responsabilidad que nos cabe como entidad rectora de los Periodistas Deportivos del Chaco es que nos atrevimos nuevamente a reeditar un evento de esta naturaleza. Cr\u00e9annos que no fue una tarea f\u00e1cil y resuelta con un l\u00e1piz y un papel. Seguramente tuvimos equivocaciones, pero, ninguno de ellas con intenciones inexplicables\u00bb.<\/p>\n<p>Y remarc\u00f3: \u00abCada uno de las y los deportistas sentados tendr\u00e1n sus mochilas de recuerdo cargadas de aventuras de derrotas y alegr\u00edas en el triunfo, sufridos junto con sus profesores, entrenadores, familiares. Y, esto es lo lindo. Llegar al final del camino con la simb\u00f3lica corona de laureles del objetivo conseguido\u00bb.<\/p>\n<p>Retamozo hizo un repaso sobre el a\u00f1o de la entidad: \u00abDurante 2023 conversamos con entidades privadas la posibilidad de abrir una escuela para periodistas deportivos, pero las diferencias que deber\u00edan aportar cada estudiante exced\u00edan la l\u00f3gica de nuestra idiosincrasia y el freno de no hipotecar a nuestra querida Instituci\u00f3n. Pero los sue\u00f1os, sue\u00f1os son. Es algo que queda todav\u00eda como tarea\u00bb.<\/p>\n<p><em>Foto: Diario NORTE<\/em><\/p>\n","protected":false},"excerpt":{"rendered":"<p>Milena Ayala, de la disciplina levantamiento de pesas, se consagr\u00f3 anoche como la Mejor Deportista del A\u00f1o en \u00abLa Fiesta del Deporte\u00bb, llev\u00e1ndose el prestigioso premio del C\u00edrculo de Periodistas Deportivos en la emocionante 41\u00aa Fiesta Anual. El evento, organizado por el C\u00edrculo de Periodistas Deportivos del Chaco y realizado en las magn\u00edficas instalaciones del &hellip;<\/p>\n","protected":false},"author":3,"featured_media":3775,"comment_status":"open","ping_status":"open","sticky":false,"template":"","format":"standard","meta":{"footnotes":""},"categories":[8],"tags":[],"class_list":["post-3774","post","type-post","status-publish","format-standard","has-post-thumbnail","hentry","category-sport-nea"],"_links":{"self":[{"href":"https:\/\/www.sportchaco.com.ar\/index.php?rest_route=\/wp\/v2\/posts\/3774","targetHints":{"allow":["GET"]}}],"collection":[{"href":"https:\/\/www.sportchaco.com.ar\/index.php?rest_route=\/wp\/v2\/posts"}],"about":[{"href":"https:\/\/www.sportchaco.com.ar\/index.php?rest_route=\/wp\/v2\/types\/post"}],"author":[{"embeddable":true,"href":"https:\/\/www.sportchaco.com.ar\/index.php?rest_route=\/wp\/v2\/users\/3"}],"replies":[{"embeddable":true,"href":"https:\/\/www.sportchaco.com.ar\/index.php?rest_route=%2Fwp%2Fv2%2Fcomments&post=3774"}],"version-history":[{"count":1,"href":"https:\/\/www.sportchaco.com.ar\/index.php?rest_route=\/wp\/v2\/posts\/3774\/revisions"}],"predecessor-version":[{"id":3776,"href":"https:\/\/www.sportchaco.com.ar\/index.php?rest_route=\/wp\/v2\/posts\/3774\/revisions\/3776"}],"wp:featuredmedia":[{"embeddable":true,"href":"https:\/\/www.sportchaco.com.ar\/index.php?rest_route=\/wp\/v2\/media\/3775"}],"wp:attachment":[{"href":"https:\/\/www.sportchaco.com.ar\/index.php?rest_route=%2Fwp%2Fv2%2Fmedia&parent=3774"}],"wp:term":[{"taxonomy":"category","embeddable":true,"href":"https:\/\/www.sportchaco.com.ar\/index.php?rest_route=%2Fwp%2Fv2%2Fcategories&post=3774"},{"taxonomy":"post_tag","embeddable":true,"href":"https:\/\/www.sportchaco.com.ar\/index.php?rest_route=%2Fwp%2Fv2%2Ftags&post=3774"}],"curies":[{"name":"wp","href":"https:\/\/api.w.org\/{rel}","templated":true}]}}