{"id":3803,"date":"2023-12-18T11:14:35","date_gmt":"2023-12-18T14:14:35","guid":{"rendered":"https:\/\/www.sportchaco.com.ar\/?p=3803"},"modified":"2023-12-18T11:14:35","modified_gmt":"2023-12-18T14:14:35","slug":"los-refuerzos-de-boca-para-2024-los-nombres-apuntados-por-juan-roman-riquelme","status":"publish","type":"post","link":"https:\/\/www.sportchaco.com.ar\/?p=3803","title":{"rendered":"Los refuerzos de Boca para 2024: los nombres apuntados por Juan Rom\u00e1n Riquelme"},"content":{"rendered":"<h1><\/h1>\n<p class=\"description\"><strong>A la espera de que primero anuncie al entrenador, el presidente xeneize tiene en carpeta varios nombres para el inicio del mercado de pases.<\/strong><\/p>\n<div class=\"article-info\">\n<div class=\"article-info-left\">\n<div class=\"article-autor-info\">\n<div class=\"article-autor-name\"><\/div>\n<\/div>\n<\/div>\n<\/div>\n<figure class=\"rat16x9\"><\/figure>\n<p class=\"capital\">Ya con la victoria de\u00a0Juan Rom\u00e1n Riquelme y Jorge Amor Ameal\u00a0en las elecciones sobre\u00a0Andr\u00e9s Ibarra y Mauricio Macri, la dirigencia pondr\u00e1 en marcha el mercado de pases y, luego del anuncio del entrenador que ser\u00e1\u00a0Diego Mart\u00ednez, el cual podr\u00eda darse entre martes y mi\u00e9rcoles,\u00a0avanzar\u00e1 a fondo en b\u00fasqueda de refuerzos.<\/p>\n<div class=\"watchto-wrap\">\n<div class=\"watchto\"><a class=\"imgwrap\" href=\"https:\/\/www.tycsports.com\/boca-juniors\/boca-mira-pizarron-diego-martinez-como-jugaron-sus-equipos-id552623.html\"><picture><source srcset=\"https:\/\/media.tycsports.com\/files\/2023\/12\/11\/654883\/diego-martinez-tactica_267x150.webp?v=1\" media=\"(min-width: 721px)\" \/><source srcset=\"https:\/\/media.tycsports.com\/files\/2023\/12\/11\/654883\/diego-martinez-tactica_267x356.webp?v=1\" media=\"(max-width: 721px)\" \/><img decoding=\"async\" src=\"https:\/\/media.tycsports.com\/files\/2023\/12\/11\/654883\/diego-martinez-tactica_267x150.webp?v=1\" data-src=\"https:\/\/media.tycsports.com\/files\/2023\/12\/11\/654883\/diego-martinez-tactica_267x150.webp?v=1\" \/><\/picture><\/a><\/p>\n<div class=\"watchto-text\">\n<h2><\/h2>\n<\/div>\n<div class=\"watchto-btn-view\"><\/div>\n<\/div>\n<\/div>\n<h2>Los nombres que suenan en Boca con Riquelme presidente<\/h2>\n<p>Tras imponerse con el 65, 3 por ciento de los votos, la prioridad del presidente est\u00e1 puesta en la contrataci\u00f3n de un entrenador para suceder a\u00a0Mariano Herr\u00f3n, qui\u00e9n asumi\u00f3 de forma interina tras la renuncia de\u00a0Jorge Almir\u00f3n. Est\u00e1 claro a esta altura que el nombre de\u00a0Diego Mart\u00ednez\u00a0es el que m\u00e1s se acerc\u00f3 al banco de suplentes de Brandsen 805. Su decisi\u00f3n de finalizar anticipadamente su contrato con\u00a0Hurac\u00e1n\u00a0por\u00a0<i>\u00abla propuesta de otro club\u00bb<\/i>\u00a0y la revelaci\u00f3n de sus charlas futboleras con\u00a0<i>Rom\u00e1n\u00a0<\/i>lo depositan como un firme candidato al cargo.<\/p>\n<p>Una vez que resuelvan esta cuesti\u00f3n, que se estima que se anunciar\u00e1 el martes o mi\u00e9rcoles,\u00a0la dirigencia se pondr\u00e1 a cerrar algunos acuerdos y a dialogar con el nuevo director t\u00e9cnico para saber en qu\u00e9 puestos necesitan invertir para agrandar el plantel.<\/p>\n<p>Si hubiera que armar un listado, seguramente lo encabezar\u00eda\u00a0\u00c9ver Banega. El ex mediocampista de la\u00a0Selecci\u00f3n Argentina\u00a0manifest\u00f3 su deseo internamente de regresar al club que lo form\u00f3 y ya trabaja para cortar su v\u00ednculo con\u00a0Al-Shabab\u00a0a pesar de que le quedan seis meses m\u00e1s de contrato.\u00a0El acuerdo est\u00e1 muy avanzado y sus cuestiones legales con el cuadro saud\u00ed, donde sum\u00f3 18 partidos -16 de titular- y dos goles, no presentar\u00edan un impedimento para su retorno. El rosarino dej\u00f3 un buen recuerdo en La Boca porque la rompi\u00f3 en la\u00a0Libertadores 2007,\u00a0la \u00faltima que conquist\u00f3 el\u00a0<i>Xeneize<\/i>.<\/p>\n<p>&nbsp;<\/p>\n<p>&nbsp;<\/p>\n<figure class=\"w-100\"><img decoding=\"async\" title=\"\u00c9ver Banega\" src=\"https:\/\/media.tycsports.com\/files\/2023\/12\/13\/655859\/ever-banega_w416.webp\" srcset=\"https:\/\/media.tycsports.com\/files\/2023\/12\/13\/655859\/ever-banega_w416.webp 480w, https:\/\/media.tycsports.com\/files\/2023\/12\/13\/655859\/ever-banega_w862.webp 1080w\" alt=\"\u00c9ver Banega\" data-src=\"https:\/\/media.tycsports.com\/files\/2023\/12\/13\/655859\/ever-banega_w416.webp\" data-srcset=\"https:\/\/media.tycsports.com\/files\/2023\/12\/13\/655859\/ever-banega_w416.webp 480w, https:\/\/media.tycsports.com\/files\/2023\/12\/13\/655859\/ever-banega_w862.webp 1080w\" \/><\/figure>\n<div class=\"watchto-wrap\">\n<div class=\"watchto\"><a class=\"imgwrap\" href=\"https:\/\/www.tycsports.com\/boca-juniors\/la-bombonera-360-proyecto-juan-roman-riquelme-bombonera-elecciones-boca-id550175.html\"><picture><source srcset=\"https:\/\/media.tycsports.com\/files\/2023\/09\/16\/618934\/bombonera-360_267x150.webp\" media=\"(min-width: 721px)\" \/><source srcset=\"https:\/\/media.tycsports.com\/files\/2023\/09\/16\/618934\/bombonera-360_267x356.webp\" media=\"(max-width: 721px)\" \/><img decoding=\"async\" src=\"https:\/\/media.tycsports.com\/files\/2023\/09\/16\/618934\/bombonera-360_267x150.webp\" data-src=\"https:\/\/media.tycsports.com\/files\/2023\/09\/16\/618934\/bombonera-360_267x150.webp\" \/><\/picture><\/a><\/p>\n<div class=\"watchto-text\"><\/div>\n<div class=\"watchto-btn-view\"><\/div>\n<\/div>\n<\/div>\n<p><strong>Sin embargo, el m\u00e1s rimbombante ser\u00eda el chileno\u00a0Arturo Vidal, que est\u00e1 pr\u00f3ximo a finalizar su v\u00ednculo con\u00a0Athletico Paranaense\u00a0en diciembre y siempre tuvo el deseo de<\/strong> ponerse la casaca azul y oro. Su constante contacto con\u00a0Riquelme\u00a0lo ubica en el radar de los posibles refuerzos. Todav\u00eda est\u00e1 en plena recuperaci\u00f3n de una\u00a0<i>\u00ablesi\u00f3n meniscal traum\u00e1tica aguda con bloqueo articular\u00bb<\/i>. A ra\u00edz del vox populi que se gener\u00f3 con su coqueteo y los diversos<i>\u00a0\u00abgui\u00f1os\u00bb<\/i>, el ex volante de Juventus dej\u00f3 en claro, a trav\u00e9s de un vivo de\u00a0<i>Twitch<\/i>, que a\u00fan tiene que definir su futuro, en el que podr\u00eda aparecer\u00a0Colo-Colo.<\/p>\n<p>Lo cierto es que en los \u00faltimos d\u00edas la expectativa que hab\u00eda en\u00a0Boca\u00a0por su contrataci\u00f3n baj\u00f3 y por dos motivos:\u00a0sus pretensiones salariales con 36 a\u00f1os de edad y la aparici\u00f3n de otro extranjero en el radar&#8230;\u00a0Yeferson Soteldo, que perdi\u00f3 la categor\u00eda en Brasil con\u00a0Santos, interesa y desde\u00a0Boca\u00a0preguntaron condiciones por \u00e9l. No obstante, deber\u00e1n ver el tema del cupo de extranjeros, ya que el\u00a0<i>Xeneize\u00a0<\/i>tiene ocupado cinco de los seis lugares -Campuzano y Fabra no cuentan porque est\u00e1n nacionalizados argentinos-. Ah\u00ed podr\u00edan asomar algunas salidas, pero esa raz\u00f3n complicar\u00eda la llegada de\u00a0Vidal y Soteldo\u00a0juntos.<\/p>\n<figure class=\"w-100\"><img decoding=\"async\" title=\"Soteldo y Vidal\" src=\"https:\/\/media.tycsports.com\/files\/2023\/12\/13\/655626\/soteldo-y-vidal_w416.webp\" srcset=\"https:\/\/media.tycsports.com\/files\/2023\/12\/13\/655626\/soteldo-y-vidal_w416.webp 480w, https:\/\/media.tycsports.com\/files\/2023\/12\/13\/655626\/soteldo-y-vidal_w862.webp 1080w\" alt=\"Soteldo y Vidal\" data-src=\"https:\/\/media.tycsports.com\/files\/2023\/12\/13\/655626\/soteldo-y-vidal_w416.webp\" data-srcset=\"https:\/\/media.tycsports.com\/files\/2023\/12\/13\/655626\/soteldo-y-vidal_w416.webp 480w, https:\/\/media.tycsports.com\/files\/2023\/12\/13\/655626\/soteldo-y-vidal_w862.webp 1080w\" \/><\/figure>\n<div class=\"watchto-wrap\">\n<div class=\"watchto\"><a class=\"imgwrap\" href=\"https:\/\/www.tycsports.com\/boca-juniors\/situacion-diego-martinez-victoria-riquelme-elecciones-boca-id553780.html\"><picture><source srcset=\"https:\/\/media.tycsports.com\/files\/2023\/12\/17\/657102\/diego-martinez-boca_267x150.webp?v=1\" media=\"(min-width: 721px)\" \/><source srcset=\"https:\/\/media.tycsports.com\/files\/2023\/12\/17\/657102\/diego-martinez-boca_267x356.webp?v=1\" media=\"(max-width: 721px)\" \/><img decoding=\"async\" src=\"https:\/\/media.tycsports.com\/files\/2023\/12\/17\/657102\/diego-martinez-boca_267x150.webp?v=1\" data-src=\"https:\/\/media.tycsports.com\/files\/2023\/12\/17\/657102\/diego-martinez-boca_267x150.webp?v=1\" \/><\/picture><\/a><\/p>\n<div class=\"watchto-text\"><\/div>\n<\/div>\n<\/div>\n<p>&nbsp;<\/p>\n<h2>El cupo de extranjero que complica la llegada de Soteldo y Vidal a Boca<\/h2>\n<p>Con los colombianos\u00a0Frank Fabra y Jorman Campuzano\u00a0nacionalizados argentinos,\u00a0Boca\u00a0cuenta en su plantel con cinco jugadores que ocupan cupo de extranjero:\u00a0Bruno Valdez\u00a0(Paraguay),\u00a0Marcelo Saracchi\u00a0(Uruguay),\u00a0Luis Adv\u00edncula\u00a0(Per\u00fa), Miguel Merentiel\u00a0(Uruguay) y\u00a0Edinson Cavani\u00a0(Uruguay). Por este motivo, el\u00a0<i>Xeneize\u00a0<\/i>solo tiene uno disponible y eso har\u00eda imposible la llegada del venezolano\u00a0Yeferson Soteldo\u00a0y del chileno\u00a0Arturo Vidal\u00a0a la vez, por lo que tendr\u00edan que elegir a uno o transferir a uno de los jugadores extranjeros.<\/p>\n<p>Adem\u00e1s, el venezolano\u00a0Jan Hurtado\u00a0retornar\u00e1 en junio del pr\u00f3ximo a\u00f1o a\u00a0Boca\u00a0de su pr\u00e9stamo en\u00a0Liga de Quito\u00a0de Ecuador y ser\u00eda otro que ocupe el cupo de extranjero.<\/p>\n<p>Fuente TyC Sports<\/p>\n<p>&nbsp;<\/p>\n","protected":false},"excerpt":{"rendered":"<p>A la espera de que primero anuncie al entrenador, el presidente xeneize tiene en carpeta varios nombres para el inicio del mercado de pases. Ya con la victoria de\u00a0Juan Rom\u00e1n Riquelme y Jorge Amor Ameal\u00a0en las elecciones sobre\u00a0Andr\u00e9s Ibarra y Mauricio Macri, la dirigencia pondr\u00e1 en marcha el mercado de pases y, luego del anuncio &hellip;<\/p>\n","protected":false},"author":2,"featured_media":3806,"comment_status":"open","ping_status":"open","sticky":false,"template":"","format":"standard","meta":{"footnotes":""},"categories":[47],"tags":[],"class_list":["post-3803","post","type-post","status-publish","format-standard","has-post-thumbnail","hentry","category-nacionales"],"_links":{"self":[{"href":"https:\/\/www.sportchaco.com.ar\/index.php?rest_route=\/wp\/v2\/posts\/3803","targetHints":{"allow":["GET"]}}],"collection":[{"href":"https:\/\/www.sportchaco.com.ar\/index.php?rest_route=\/wp\/v2\/posts"}],"about":[{"href":"https:\/\/www.sportchaco.com.ar\/index.php?rest_route=\/wp\/v2\/types\/post"}],"author":[{"embeddable":true,"href":"https:\/\/www.sportchaco.com.ar\/index.php?rest_route=\/wp\/v2\/users\/2"}],"replies":[{"embeddable":true,"href":"https:\/\/www.sportchaco.com.ar\/index.php?rest_route=%2Fwp%2Fv2%2Fcomments&post=3803"}],"version-history":[{"count":1,"href":"https:\/\/www.sportchaco.com.ar\/index.php?rest_route=\/wp\/v2\/posts\/3803\/revisions"}],"predecessor-version":[{"id":3807,"href":"https:\/\/www.sportchaco.com.ar\/index.php?rest_route=\/wp\/v2\/posts\/3803\/revisions\/3807"}],"wp:featuredmedia":[{"embeddable":true,"href":"https:\/\/www.sportchaco.com.ar\/index.php?rest_route=\/wp\/v2\/media\/3806"}],"wp:attachment":[{"href":"https:\/\/www.sportchaco.com.ar\/index.php?rest_route=%2Fwp%2Fv2%2Fmedia&parent=3803"}],"wp:term":[{"taxonomy":"category","embeddable":true,"href":"https:\/\/www.sportchaco.com.ar\/index.php?rest_route=%2Fwp%2Fv2%2Fcategories&post=3803"},{"taxonomy":"post_tag","embeddable":true,"href":"https:\/\/www.sportchaco.com.ar\/index.php?rest_route=%2Fwp%2Fv2%2Ftags&post=3803"}],"curies":[{"name":"wp","href":"https:\/\/api.w.org\/{rel}","templated":true}]}}