{"id":3869,"date":"2023-12-20T12:16:33","date_gmt":"2023-12-20T15:16:33","guid":{"rendered":"https:\/\/www.sportchaco.com.ar\/?p=3869"},"modified":"2023-12-20T12:16:33","modified_gmt":"2023-12-20T15:16:33","slug":"neymar-se-perdera-la-copa-america-2024","status":"publish","type":"post","link":"https:\/\/www.sportchaco.com.ar\/?p=3869","title":{"rendered":"Neymar se perder\u00e1 la Copa Am\u00e9rica 2024"},"content":{"rendered":"<div class=\"\">\n<h1 class=\"\"><\/h1>\n<p>El m\u00e9dico de la selecci\u00f3n brasile\u00f1a confirm\u00f3 que la estrella no llegar\u00e1 a tiempo con la recuperaci\u00f3n de la rotura del ligamento cruzado y menisco de la pierna izquierda. \u00abEs demasiado pronto\u00bb, expres\u00f3.<\/p>\n<div>\n<div id=\"carouselExampleControls\" class=\"carousel slide\" data-ride=\"carousel\">\n<div class=\"carousel-inner\">\n<div class=\"carousel-item active\"><img decoding=\"async\" class=\"d-block w-100\" src=\"http:\/\/agenciafoco.com.ar\/media\/cache\/quality\/uploads\/noticias\/65824068c6817452053153.jpeg\" \/><\/div>\n<\/div>\n<\/div>\n<p>&nbsp;<\/p>\n<p>&nbsp;<\/p>\n<\/div>\n<div class=\"sharethis-inline-share-buttons pb-3\"><\/div>\n<p><strong>Neymar, quien a\u00fan se recupera de una grave lesi\u00f3n en la rodilla que sufri\u00f3 en octubre, se perder\u00e1 la Copa Am\u00e9rica 2024\u00a0<\/strong>que se disputar\u00e1 en Estados Unidos, seg\u00fan inform\u00f3 el m\u00e9dico de la selecci\u00f3n de Brasil.<\/p>\n<p>\u00ab<strong>Es demasiado pronto, no tiene sentido saltarse pasos para recuperarse. Nuestra expectativa es que est\u00e9 preparado para regresar al inicio del calendario europeo de 2024, que es agosto<\/strong>\u201d, explic\u00f3 Rodrigo Lasmar en una entrevista con Radio 98.<\/p>\n<p>Neymar, jugador del Al-Hilal de Arabia Saudita,\u00a0<strong>sufri\u00f3 una rotura del ligamento cruzado y menisco de la pierna izquierda en el encuentro frente a Uruguay, en octubre\u00a0<\/strong>en condici\u00f3n de visitante en el Centenario, por las Eliminatorias rumbo al Mundial 2026.<\/p>\n<p>\u00abHay que tener paciencia. Hablar de un regreso antes de nueve meses es prematuro. Esto es un concepto mundial para la recuperaci\u00f3n de ligamentos. Es muy importante tomarse el tiempo biol\u00f3gico, el tiempo que tarde el cuerpo en incorporar ese ligamento. La expectativa es que despu\u00e9s de este tiempo est\u00e9 recuperado a un alto nivel\u00bb, a\u00f1adi\u00f3.<\/p>\n<p>&nbsp;<\/p>\n<h3>Ancelotti fue categ\u00f3rico y se cae la chance de que llegue a Brasil<\/h3>\n<p>&nbsp;<\/p>\n<p>Este s\u00e1bado, en una conferencia de prensa ofrecida Ancelotti se\u00f1al\u00f3: \u00abSi el club est\u00e1 contento, ya sabe que yo estoy contento. Para renovar no tenemos ni prisa ni problemas, estoy c\u00f3modo\u00bb.<\/p>\n<p>\u00abEl d\u00eda es el primero de julio de 2024. Hasta el 30 de junio estar\u00e9 aqu\u00ed\u00bb, asegur\u00f3 el DT multicampe\u00f3n de la Champions League, cuando fue consultado sobre cuanto aguardar\u00eda por una decisi\u00f3n al respecto de la directiva del Real Madrid, en medio del inter\u00e9s de Brasil.<\/p>\n<p><strong><em>Fuente: TyC Sports<\/em><\/strong><\/p>\n<\/div>\n","protected":false},"excerpt":{"rendered":"<p>El m\u00e9dico de la selecci\u00f3n brasile\u00f1a confirm\u00f3 que la estrella no llegar\u00e1 a tiempo con la recuperaci\u00f3n de la rotura del ligamento cruzado y menisco de la pierna izquierda. \u00abEs demasiado pronto\u00bb, expres\u00f3. &nbsp; &nbsp; Neymar, quien a\u00fan se recupera de una grave lesi\u00f3n en la rodilla que sufri\u00f3 en octubre, se perder\u00e1 la Copa &hellip;<\/p>\n","protected":false},"author":2,"featured_media":3870,"comment_status":"open","ping_status":"open","sticky":false,"template":"","format":"standard","meta":{"footnotes":""},"categories":[6],"tags":[],"class_list":["post-3869","post","type-post","status-publish","format-standard","has-post-thumbnail","hentry","category-internacionales"],"_links":{"self":[{"href":"https:\/\/www.sportchaco.com.ar\/index.php?rest_route=\/wp\/v2\/posts\/3869","targetHints":{"allow":["GET"]}}],"collection":[{"href":"https:\/\/www.sportchaco.com.ar\/index.php?rest_route=\/wp\/v2\/posts"}],"about":[{"href":"https:\/\/www.sportchaco.com.ar\/index.php?rest_route=\/wp\/v2\/types\/post"}],"author":[{"embeddable":true,"href":"https:\/\/www.sportchaco.com.ar\/index.php?rest_route=\/wp\/v2\/users\/2"}],"replies":[{"embeddable":true,"href":"https:\/\/www.sportchaco.com.ar\/index.php?rest_route=%2Fwp%2Fv2%2Fcomments&post=3869"}],"version-history":[{"count":1,"href":"https:\/\/www.sportchaco.com.ar\/index.php?rest_route=\/wp\/v2\/posts\/3869\/revisions"}],"predecessor-version":[{"id":3871,"href":"https:\/\/www.sportchaco.com.ar\/index.php?rest_route=\/wp\/v2\/posts\/3869\/revisions\/3871"}],"wp:featuredmedia":[{"embeddable":true,"href":"https:\/\/www.sportchaco.com.ar\/index.php?rest_route=\/wp\/v2\/media\/3870"}],"wp:attachment":[{"href":"https:\/\/www.sportchaco.com.ar\/index.php?rest_route=%2Fwp%2Fv2%2Fmedia&parent=3869"}],"wp:term":[{"taxonomy":"category","embeddable":true,"href":"https:\/\/www.sportchaco.com.ar\/index.php?rest_route=%2Fwp%2Fv2%2Fcategories&post=3869"},{"taxonomy":"post_tag","embeddable":true,"href":"https:\/\/www.sportchaco.com.ar\/index.php?rest_route=%2Fwp%2Fv2%2Ftags&post=3869"}],"curies":[{"name":"wp","href":"https:\/\/api.w.org\/{rel}","templated":true}]}}