{"id":3897,"date":"2023-12-21T10:45:27","date_gmt":"2023-12-21T13:45:27","guid":{"rendered":"https:\/\/www.sportchaco.com.ar\/?p=3897"},"modified":"2023-12-21T10:45:27","modified_gmt":"2023-12-21T13:45:27","slug":"con-gran-exito-se-desarrollo-el-campus-de-basquet-sobre-el-desarrollo-y-perfeccionamiento-de-jugadores","status":"publish","type":"post","link":"https:\/\/www.sportchaco.com.ar\/?p=3897","title":{"rendered":"Con gran \u00e9xito se desarroll\u00f3 el Campus de B\u00e1squet sobre el Desarrollo y Perfeccionamiento de jugadores"},"content":{"rendered":"<p>En esta oportunidad, la actividad deportiva cont\u00f3 con la presencia y participaci\u00f3n de figuras del b\u00e1squet nacional como Paolo Quinteros, como as\u00ed tambi\u00e9n las que son oriundas de la ciudad termal como Edgardo \u201cGamba\u201d Agudo, Ariel Rearte. Adem\u00e1s, estuvieron presentes el intendente Bruno Cipolini, \u00a0el secretario de Desarrollo Humano y Deportes, German Rearte y el concejal Andr\u00e9s Neznajko.<\/p>\n<p>Del campus participaron m\u00e1s de 80 jugadores correspondientes a las distintas categor\u00edas formativas junto a un staff \u00e9lite de entrenadores de los clubes de esta ciudad.<\/p>\n<p>En este marco, el intendente Bruno Cipolini celebr\u00f3 la realizaci\u00f3n de este acontecimiento, que es una muestra clara de todo el potencial y la importancia del deporte en esta gesti\u00f3n. \u201cNecesitamos que el b\u00e1squet crezca, que tenga una mirada especial sobre todo desde la dirigencia y los clubes\u201d, destac\u00f3.<\/p>\n<p>Asimismo, agradeci\u00f3 a todas las visitas ilustres que estuvieron en este Campus y que confiaron en S\u00e1enz Pe\u00f1a. \u201cHemos realizado un buen trabajo en el f\u00fatbol, pero ahora vamos por el b\u00e1squet, tratando de llegar a lo m\u00e1s profundo de nuestra ciudad y en cada rinc\u00f3n\u201d.<\/p>\n<p>\u201cContinuamos apostando al deporte como fortalecedor de los proyectos de vida de nuestros j\u00f3venes\u201d, finaliz\u00f3 el jefe comunal.<\/p>\n<p>Por su parte, Paolo Quinteros, quien fuese un jugador de jerarqu\u00eda en los planos nacionales e internacionales, adem\u00e1s de vestir la camiseta de la Selecci\u00f3n Argentina en distintos cert\u00e1menes. \u201cPara m\u00ed todo esto es muy lindo de poder compartir con los chicos, contarles toda la experiencia y las vivezas que he tenido en mi carrera\u201d, remarcando en gran manera que \u201cnada es imposible, todo se puede, pero hay que trabajar\u201d.<\/p>\n<p>Adem\u00e1s, otro invitado de lujo a este Campus fue tambi\u00e9n el ex jugador, oriundo de S\u00e1enz Pe\u00f1a, Edgardo \u201cGamba\u201d Agudo, quien tambi\u00e9n se mostr\u00f3 \u201cmuy contento que me hayan invitado y celebr\u00f3 que esta gente le vuelva a dar la importancia que el b\u00e1squet tuvo a\u00f1os atr\u00e1s\u201d.<\/p>\n<p>Tambi\u00e9n, el entrenador saenzpe\u00f1ense y con escala nacional, Ariel Rearte, quien tambi\u00e9n es nacido y formado en S\u00e1enz Pe\u00f1a, afirm\u00f3 que \u201ces un esfuerzo y un honor muy grande poder tener a Edgardo y a Paolo en S\u00e1enz Pe\u00f1a; tenemos que tratar de que estos chicos tengan la pasi\u00f3n que tenemos nosotros y que la mantenemos intacta; eso hay que transmitirles a los chicos de S\u00e1enz Pe\u00f1a a trav\u00e9s de los clubes\u201d.<\/p>\n<p>Por \u00faltimo, el presidente de la ASB, Marcelo Michlig, celebr\u00f3 en gran manera la felicidad de los chicos y esperamos para el a\u00f1o que viene poder repetir este Campus. \u201cTambi\u00e9n estamos trabajando en el calendario en todas las formativas, adem\u00e1s de desarrollar y trabajar fuertemente en la categor\u00eda U12 y en toda la rama femenina\u201d.<\/p>\n<p>\u201cContamos con 10 clubes en la Asociaci\u00f3n de B\u00e1squet Saenzpe\u00f1ense, pero estamos trabajando para que se sumen equipos de Machagai, Campo Largo y Pampa del Infierno\u201d, finaliz\u00f3 Michlig.<\/p>\n","protected":false},"excerpt":{"rendered":"<p>En esta oportunidad, la actividad deportiva cont\u00f3 con la presencia y participaci\u00f3n de figuras del b\u00e1squet nacional como Paolo Quinteros, como as\u00ed tambi\u00e9n las que son oriundas de la ciudad termal como Edgardo \u201cGamba\u201d Agudo, Ariel Rearte. Adem\u00e1s, estuvieron presentes el intendente Bruno Cipolini, \u00a0el secretario de Desarrollo Humano y Deportes, German Rearte y el &hellip;<\/p>\n","protected":false},"author":3,"featured_media":3900,"comment_status":"open","ping_status":"open","sticky":false,"template":"","format":"standard","meta":{"footnotes":""},"categories":[3],"tags":[],"class_list":["post-3897","post","type-post","status-publish","format-standard","has-post-thumbnail","hentry","category-basquetbol"],"_links":{"self":[{"href":"https:\/\/www.sportchaco.com.ar\/index.php?rest_route=\/wp\/v2\/posts\/3897","targetHints":{"allow":["GET"]}}],"collection":[{"href":"https:\/\/www.sportchaco.com.ar\/index.php?rest_route=\/wp\/v2\/posts"}],"about":[{"href":"https:\/\/www.sportchaco.com.ar\/index.php?rest_route=\/wp\/v2\/types\/post"}],"author":[{"embeddable":true,"href":"https:\/\/www.sportchaco.com.ar\/index.php?rest_route=\/wp\/v2\/users\/3"}],"replies":[{"embeddable":true,"href":"https:\/\/www.sportchaco.com.ar\/index.php?rest_route=%2Fwp%2Fv2%2Fcomments&post=3897"}],"version-history":[{"count":1,"href":"https:\/\/www.sportchaco.com.ar\/index.php?rest_route=\/wp\/v2\/posts\/3897\/revisions"}],"predecessor-version":[{"id":3902,"href":"https:\/\/www.sportchaco.com.ar\/index.php?rest_route=\/wp\/v2\/posts\/3897\/revisions\/3902"}],"wp:featuredmedia":[{"embeddable":true,"href":"https:\/\/www.sportchaco.com.ar\/index.php?rest_route=\/wp\/v2\/media\/3900"}],"wp:attachment":[{"href":"https:\/\/www.sportchaco.com.ar\/index.php?rest_route=%2Fwp%2Fv2%2Fmedia&parent=3897"}],"wp:term":[{"taxonomy":"category","embeddable":true,"href":"https:\/\/www.sportchaco.com.ar\/index.php?rest_route=%2Fwp%2Fv2%2Fcategories&post=3897"},{"taxonomy":"post_tag","embeddable":true,"href":"https:\/\/www.sportchaco.com.ar\/index.php?rest_route=%2Fwp%2Fv2%2Ftags&post=3897"}],"curies":[{"name":"wp","href":"https:\/\/api.w.org\/{rel}","templated":true}]}}