{"id":3918,"date":"2023-12-21T21:22:19","date_gmt":"2023-12-22T00:22:19","guid":{"rendered":"https:\/\/www.sportchaco.com.ar\/?p=3918"},"modified":"2023-12-21T21:22:19","modified_gmt":"2023-12-22T00:22:19","slug":"regional-gano-y-complico-a-san-fernando-con-la-permanencia-en-primera","status":"publish","type":"post","link":"https:\/\/www.sportchaco.com.ar\/?p=3918","title":{"rendered":"Regional gan\u00f3 y complic\u00f3 a San Fernando con la permanencia en Primera"},"content":{"rendered":"<p>Regional super\u00f3 en el primer tiempo a su rival con mucha posesi\u00f3n de pelota y buena triangulaci\u00f3n de mitad de cancha en adelante. El primer gol lleg\u00f3 a los 16\u2019 de la etapa inicial y tras un pase largo de Iv\u00e1n Zarate desde la izquierda, que agarr\u00f3 mal parada a la \u00faltima l\u00ednea de \u00abSanFer\u00bb, para que Adri\u00e1n Alderete defina por encima del arquero Fernando Gonz\u00e1lez.<\/p>\n<p>El \u00abSanto\u00bb, por su parte, busc\u00f3 saltear l\u00edneas para que sus delanteros puedan meterse en juego, y pese al flojo partido tuvo dos situaciones para empatar, pero no termin\u00f3 bien las jugadas.<\/p>\n<p>En el complemento, San Fernando sali\u00f3 con otra cara y trat\u00f3 de emparejar las cosas. Sin embargo, Regional golpe\u00f3 con V\u00edctor Peralta luego de quedar mano a mano con el arquero visitante a los 9 minutos del complemento.<\/p>\n<p>Cerca del final, el \u00abSanto\u00bb descont\u00f3 de penal por intermedio de Ignacio Esquivel, pero a los 45 minutos Joaqu\u00edn Mieres puso cifras definitivas y sell\u00f3 el triunfo del \u00abExpreso\u00bb.<\/p>\n<p>Cabe destacar que la derrota pone en riesgo la permanencia de San Fernando, que debe jugarse su \u00faltima carta ante Bancarios el s\u00e1bado y esperar que Tiro FC no sume ante Sarmiento.<\/p>\n<p><em>Texto: Marcelo Gauna, para Diario NORTE<\/em><\/p>\n<p><strong>S\u00cdNTESIS<\/strong><\/p>\n<p><strong>REGIONAL 3: <\/strong>Rodrigo Gonz\u00e1lez; Franco Aguirre, Joaqu\u00edn Mieres, Miguel Hageleit e\u00a0Iv\u00e1n Z\u00e1rate; William Sosa, Mat\u00edas Alderete, Axel Mendoza y Gonzalo Ojeda; V\u00edctor Peralta y Adri\u00e1n Alderete. <strong>DT:<\/strong> Edgardo Arce.<\/p>\n<p><strong>SAN FERNANDO 1: <\/strong>Fernando Gonz\u00e1lez; Facundo Guti\u00e9rrez, Pablo Taboada, Joel Molina y Juan Kniaz; Mariano Lentati, Alexander Aguirre, Hugo Brizuela y Lautaro Sosa; Ignacio Esquivel y Gast\u00f3n Fleita. <strong>DT:<\/strong> Rub\u00e9n C\u00e1ceres.<\/p>\n<p><strong>Goles<\/strong>: 16 PT Adri\u00e1n Alderete (R). 9 ST V\u00edctor Peralta (R); 41 ST Ignacio Esquivel (SF) y 45ST Joaqu\u00edn Mieres (R).<\/p>\n<p><strong>Cambios<\/strong>: 1ST Gabriel Molina por Facundo Guti\u00e9rrez (SF); 27ST Mauricio R\u00edos, Leonel Soto y Mauro Molina por Iv\u00e1n Zarate, Adri\u00e1n Alderete y V\u00edctor Peralta (R); 32ST Nicol\u00e1s Quiroz y Marcos Figueredo por Pablo Taboada y Alexander Aguirre (SF); 36 ST Facundo Lencina y Sebasti\u00e1n Mendoza por Mat\u00edas Alderete y Gonzalo Ojeda (R).<\/p>\n<p><strong>\u00c1rbitro<\/strong>: Dar\u00edo G\u00f3mez. \u00a0<strong>Asistentes<\/strong>: Laura Studer e Ivo Ca\u00f1ete.<\/p>\n<p><strong>Cancha<\/strong>: Regional.\u00a0<strong>Tercera Divisi\u00f3n<\/strong>: Regional 4-1 San Fernando.<\/p>\n","protected":false},"excerpt":{"rendered":"<p>Regional super\u00f3 en el primer tiempo a su rival con mucha posesi\u00f3n de pelota y buena triangulaci\u00f3n de mitad de cancha en adelante. El primer gol lleg\u00f3 a los 16\u2019 de la etapa inicial y tras un pase largo de Iv\u00e1n Zarate desde la izquierda, que agarr\u00f3 mal parada a la \u00faltima l\u00ednea de \u00abSanFer\u00bb, &hellip;<\/p>\n","protected":false},"author":3,"featured_media":3920,"comment_status":"open","ping_status":"open","sticky":false,"template":"","format":"standard","meta":{"footnotes":""},"categories":[5],"tags":[],"class_list":["post-3918","post","type-post","status-publish","format-standard","has-post-thumbnail","hentry","category-futbol"],"_links":{"self":[{"href":"https:\/\/www.sportchaco.com.ar\/index.php?rest_route=\/wp\/v2\/posts\/3918","targetHints":{"allow":["GET"]}}],"collection":[{"href":"https:\/\/www.sportchaco.com.ar\/index.php?rest_route=\/wp\/v2\/posts"}],"about":[{"href":"https:\/\/www.sportchaco.com.ar\/index.php?rest_route=\/wp\/v2\/types\/post"}],"author":[{"embeddable":true,"href":"https:\/\/www.sportchaco.com.ar\/index.php?rest_route=\/wp\/v2\/users\/3"}],"replies":[{"embeddable":true,"href":"https:\/\/www.sportchaco.com.ar\/index.php?rest_route=%2Fwp%2Fv2%2Fcomments&post=3918"}],"version-history":[{"count":1,"href":"https:\/\/www.sportchaco.com.ar\/index.php?rest_route=\/wp\/v2\/posts\/3918\/revisions"}],"predecessor-version":[{"id":3921,"href":"https:\/\/www.sportchaco.com.ar\/index.php?rest_route=\/wp\/v2\/posts\/3918\/revisions\/3921"}],"wp:featuredmedia":[{"embeddable":true,"href":"https:\/\/www.sportchaco.com.ar\/index.php?rest_route=\/wp\/v2\/media\/3920"}],"wp:attachment":[{"href":"https:\/\/www.sportchaco.com.ar\/index.php?rest_route=%2Fwp%2Fv2%2Fmedia&parent=3918"}],"wp:term":[{"taxonomy":"category","embeddable":true,"href":"https:\/\/www.sportchaco.com.ar\/index.php?rest_route=%2Fwp%2Fv2%2Fcategories&post=3918"},{"taxonomy":"post_tag","embeddable":true,"href":"https:\/\/www.sportchaco.com.ar\/index.php?rest_route=%2Fwp%2Fv2%2Ftags&post=3918"}],"curies":[{"name":"wp","href":"https:\/\/api.w.org\/{rel}","templated":true}]}}