{"id":3926,"date":"2023-12-22T11:38:22","date_gmt":"2023-12-22T14:38:22","guid":{"rendered":"https:\/\/www.sportchaco.com.ar\/?p=3926"},"modified":"2023-12-22T11:38:22","modified_gmt":"2023-12-22T14:38:22","slug":"juan-jose-cima-en-por-amor-al-deporte","status":"publish","type":"post","link":"https:\/\/www.sportchaco.com.ar\/?p=3926","title":{"rendered":"Juan Jos\u00e9 Cima en \u00abPor amor al deporte\u00bb"},"content":{"rendered":"<p><strong>JUAN JOSE CIMA<\/strong>, ex campe\u00f3n argentino de Judo en los inicios de la d\u00e9cada del 70, cuenta su pasi\u00f3n por el deporte y de su vida, que lo llev\u00f3 en la actualidad a retornar a la pr\u00e1ctica junto a sus amigos de la \u00e9poca. Entrevista en \u00abPor amor al deporte\u00bb con el periodista Luis Dar\u00edo Molodezky, por la 91.1 la radio de la UTN. Coordinaci\u00f3n de Dar\u00edo Hortt, Bloque 1. <a href=\"https:\/\/youtu.be\/zW9H2n1RaUo\">https:\/\/youtu.be\/zW9H2n1RaUo<\/a><\/p>\n<p><img loading=\"lazy\" decoding=\"async\" class=\"alignnone size-medium wp-image-3928\" src=\"https:\/\/www.sportchaco.com.ar\/wp-content\/uploads\/2023\/12\/Juan-Jose-Cima-91-1-300x208.jpg\" alt=\"\" width=\"300\" height=\"208\" srcset=\"https:\/\/www.sportchaco.com.ar\/wp-content\/uploads\/2023\/12\/Juan-Jose-Cima-91-1-300x208.jpg 300w, https:\/\/www.sportchaco.com.ar\/wp-content\/uploads\/2023\/12\/Juan-Jose-Cima-91-1-1024x709.jpg 1024w, https:\/\/www.sportchaco.com.ar\/wp-content\/uploads\/2023\/12\/Juan-Jose-Cima-91-1-768x532.jpg 768w, https:\/\/www.sportchaco.com.ar\/wp-content\/uploads\/2023\/12\/Juan-Jose-Cima-91-1.jpg 1467w\" sizes=\"auto, (max-width: 300px) 100vw, 300px\" \/><\/p>\n<p>, ex campe\u00f3n argentino de Judo en los inicios de la d\u00e9cada del 70, cuenta su pasi\u00f3n por el deporte y de su vida, que lo llev\u00f3 en la actualidad a retornar a la pr\u00e1ctica junto a sus amigos de la \u00e9poca. Entrevista en \u00abPor amor al deporte\u00bb con el periodista Luis Dar\u00edo Molodezky, por la 91.1 la radio de la UTN. Coordinaci\u00f3n de Dar\u00edo Hortt, Bloque 2. <a href=\"https:\/\/youtu.be\/NrdaP0_g5VQ\">https:\/\/youtu.be\/NrdaP0_g5VQ<\/a><\/p>\n","protected":false},"excerpt":{"rendered":"<p>JUAN JOSE CIMA, ex campe\u00f3n argentino de Judo en los inicios de la d\u00e9cada del 70, cuenta su pasi\u00f3n por el deporte y de su vida, que lo llev\u00f3 en la actualidad a retornar a la pr\u00e1ctica junto a sus amigos de la \u00e9poca. Entrevista en \u00abPor amor al deporte\u00bb con el periodista Luis Dar\u00edo &hellip;<\/p>\n","protected":false},"author":2,"featured_media":3927,"comment_status":"open","ping_status":"open","sticky":false,"template":"","format":"standard","meta":{"footnotes":""},"categories":[8],"tags":[],"class_list":["post-3926","post","type-post","status-publish","format-standard","has-post-thumbnail","hentry","category-sport-nea"],"_links":{"self":[{"href":"https:\/\/www.sportchaco.com.ar\/index.php?rest_route=\/wp\/v2\/posts\/3926","targetHints":{"allow":["GET"]}}],"collection":[{"href":"https:\/\/www.sportchaco.com.ar\/index.php?rest_route=\/wp\/v2\/posts"}],"about":[{"href":"https:\/\/www.sportchaco.com.ar\/index.php?rest_route=\/wp\/v2\/types\/post"}],"author":[{"embeddable":true,"href":"https:\/\/www.sportchaco.com.ar\/index.php?rest_route=\/wp\/v2\/users\/2"}],"replies":[{"embeddable":true,"href":"https:\/\/www.sportchaco.com.ar\/index.php?rest_route=%2Fwp%2Fv2%2Fcomments&post=3926"}],"version-history":[{"count":1,"href":"https:\/\/www.sportchaco.com.ar\/index.php?rest_route=\/wp\/v2\/posts\/3926\/revisions"}],"predecessor-version":[{"id":3929,"href":"https:\/\/www.sportchaco.com.ar\/index.php?rest_route=\/wp\/v2\/posts\/3926\/revisions\/3929"}],"wp:featuredmedia":[{"embeddable":true,"href":"https:\/\/www.sportchaco.com.ar\/index.php?rest_route=\/wp\/v2\/media\/3927"}],"wp:attachment":[{"href":"https:\/\/www.sportchaco.com.ar\/index.php?rest_route=%2Fwp%2Fv2%2Fmedia&parent=3926"}],"wp:term":[{"taxonomy":"category","embeddable":true,"href":"https:\/\/www.sportchaco.com.ar\/index.php?rest_route=%2Fwp%2Fv2%2Fcategories&post=3926"},{"taxonomy":"post_tag","embeddable":true,"href":"https:\/\/www.sportchaco.com.ar\/index.php?rest_route=%2Fwp%2Fv2%2Ftags&post=3926"}],"curies":[{"name":"wp","href":"https:\/\/api.w.org\/{rel}","templated":true}]}}