{"id":3935,"date":"2023-12-22T12:29:19","date_gmt":"2023-12-22T15:29:19","guid":{"rendered":"https:\/\/www.sportchaco.com.ar\/?p=3935"},"modified":"2023-12-22T12:29:19","modified_gmt":"2023-12-22T15:29:19","slug":"raul-valdez-vuelve-a-sarmiento-como-dt","status":"publish","type":"post","link":"https:\/\/www.sportchaco.com.ar\/?p=3935","title":{"rendered":"Ra\u00fal Valdez vuelve a Sarmiento como DT"},"content":{"rendered":"<div class=\"volanta\">Federal \u201cA\u201d<\/div>\n<h1><\/h1>\n<p class=\"bajada\">Regresa al \u201cDecano\u201d en su tercera etapa en el club. Sus equipos reflejaron una identidad que qued\u00f3 muy grabada en la retina de los hinchas. La pretemporada comenzar\u00e1 el 1 de enero. El torneo comenzar\u00eda reci\u00e9n en marzo.<\/p>\n<figure class=\"\"><img decoding=\"async\" class=\"img-fluid m-auto d-block\" src=\"https:\/\/www.entretiempo.info\/vista\/fotos\/2312222506.jpg\" alt=\"\" \/><\/figure>\n<p class=\"epigrafe \"><i class=\"fas fa-camera\" aria-hidden=\"true\"><\/i>\u00a0Ra\u00fal Valdez tendr\u00e1 su tercer ciclo como DT de Sarmiento.<\/p>\n<p class=\"cuerpo\">\n<p>Ra\u00fal Valdez regresa a Sarmiento. Sin lugar a dudas que, para los hinchas, en un a\u00f1o nefasto que se cierra desde lo deportivo, es la mejor noticia que pod\u00edan recibir. Es el regalo para el arbolito de navidad.<\/p>\n<p>Valdez comandar\u00e1 por tercera vez al equipo en el Federal \u201cA\u201d de f\u00fatbol. Estar\u00e1 acompa\u00f1ado por Joaqu\u00edn Esp\u00edndola como ayudante de campo y por Ricardo \u201cRichard\u201d Meyer en la preparaci\u00f3n f\u00edsica, qui\u00e9nes ya estuvieron tambi\u00e9n en el proceso anterior de Valdez como entrenador. Actualmente ambos est\u00e1n en Juventud de Tirol, como DT y \u201cprofe\u201d, pero ya informaron a la dirigencia que el 31 de diciembre no continuar\u00e1n en sus cargos, independientemente de los resultados del \u201cTricolor\u201d en el Regional Amateur.<\/p>\n<p>La idea del entrenador es comenzar con la pretemporada el mismo lunes 1 de enero, en principio con los pibes del club que juegan la Liga Chaque\u00f1a y que ya tuvieron rodaje en el Federal \u201cA\u201d, para luego ir sumando los refuerzos. Tambi\u00e9n habr\u00e1 que tratar de extender los contratos con los futbolistas que a Valdez le interesen y que fueron parte del plantel en esta temporada.<\/p>\n<p>Todav\u00eda no hay fecha definida para el inicio de la temporada 2024 del Federal \u201cA\u201d, pero se estima que reci\u00e9n comenzar\u00eda en marzo. Tampoco se defini\u00f3 el formato del certamen.<\/p>\n<p><b>SANCI\u00d3N REDUCIDA<\/b><br \/>\nLa Asociaci\u00f3n de Clubes (AdC) de b\u00e1squetbol le realiz\u00f3 una reducci\u00f3n considerable en la multa econ\u00f3mica que las autoridades aplicaron a Sarmiento tras desertar su participaci\u00f3n en la Liga Argentina de B\u00e1squetbol que se encuentra en pleno desarrollo.<\/p>\n<p>El monto era de 32 millones de pesos en concepto de multa, y el acuerdo rubricado ante escribano se estableci\u00f3 en 12 millones. El plan de pago contempla ocho cuotas consecutivas a partir del mes de enero de 2024. En lo que respecta a lo deportivo son cinco a\u00f1os sin poder jugar.<\/p>\n<p>Sin embargo, esta pena no comprende a las inferiores que s\u00ed podr\u00e1n afrontar los torneos nacionales.<\/p>\n<p>Cabe recordar que a \u00faltimo momento un sector de la comisi\u00f3n directiva resolvi\u00f3 no ser de la partida en la competencia por el factor econ\u00f3mico, mientras que otros impulsaban la actuaci\u00f3n con dinero de los sponsors, que en el momento no apareci\u00f3. La AdC comprendi\u00f3 los argumentos presentados por el club chaque\u00f1o y tuvo una rebaja en la cifra. <strong>Fuente Entretiempo<\/strong><\/p>\n<p>&nbsp;<\/p>\n<hr \/>\n<div class=\"fb-comments fb_iframe_widget fb_iframe_widget_fluid_desktop\" data-href=\"https:\/\/www.entretiempo.info\/raul-valdez-vuelve-a-ser-el-dt-de-sarmiento-n11990\" data-num-posts=\"6\" data-width=\"100%\"><\/div>\n","protected":false},"excerpt":{"rendered":"<p>Federal \u201cA\u201d Regresa al \u201cDecano\u201d en su tercera etapa en el club. Sus equipos reflejaron una identidad que qued\u00f3 muy grabada en la retina de los hinchas. La pretemporada comenzar\u00e1 el 1 de enero. El torneo comenzar\u00eda reci\u00e9n en marzo. \u00a0Ra\u00fal Valdez tendr\u00e1 su tercer ciclo como DT de Sarmiento. Ra\u00fal Valdez regresa a Sarmiento. &hellip;<\/p>\n","protected":false},"author":2,"featured_media":3936,"comment_status":"open","ping_status":"open","sticky":false,"template":"","format":"standard","meta":{"footnotes":""},"categories":[5],"tags":[],"class_list":["post-3935","post","type-post","status-publish","format-standard","has-post-thumbnail","hentry","category-futbol"],"_links":{"self":[{"href":"https:\/\/www.sportchaco.com.ar\/index.php?rest_route=\/wp\/v2\/posts\/3935","targetHints":{"allow":["GET"]}}],"collection":[{"href":"https:\/\/www.sportchaco.com.ar\/index.php?rest_route=\/wp\/v2\/posts"}],"about":[{"href":"https:\/\/www.sportchaco.com.ar\/index.php?rest_route=\/wp\/v2\/types\/post"}],"author":[{"embeddable":true,"href":"https:\/\/www.sportchaco.com.ar\/index.php?rest_route=\/wp\/v2\/users\/2"}],"replies":[{"embeddable":true,"href":"https:\/\/www.sportchaco.com.ar\/index.php?rest_route=%2Fwp%2Fv2%2Fcomments&post=3935"}],"version-history":[{"count":1,"href":"https:\/\/www.sportchaco.com.ar\/index.php?rest_route=\/wp\/v2\/posts\/3935\/revisions"}],"predecessor-version":[{"id":3937,"href":"https:\/\/www.sportchaco.com.ar\/index.php?rest_route=\/wp\/v2\/posts\/3935\/revisions\/3937"}],"wp:featuredmedia":[{"embeddable":true,"href":"https:\/\/www.sportchaco.com.ar\/index.php?rest_route=\/wp\/v2\/media\/3936"}],"wp:attachment":[{"href":"https:\/\/www.sportchaco.com.ar\/index.php?rest_route=%2Fwp%2Fv2%2Fmedia&parent=3935"}],"wp:term":[{"taxonomy":"category","embeddable":true,"href":"https:\/\/www.sportchaco.com.ar\/index.php?rest_route=%2Fwp%2Fv2%2Fcategories&post=3935"},{"taxonomy":"post_tag","embeddable":true,"href":"https:\/\/www.sportchaco.com.ar\/index.php?rest_route=%2Fwp%2Fv2%2Ftags&post=3935"}],"curies":[{"name":"wp","href":"https:\/\/api.w.org\/{rel}","templated":true}]}}