{"id":3959,"date":"2023-12-23T11:46:02","date_gmt":"2023-12-23T14:46:02","guid":{"rendered":"https:\/\/www.sportchaco.com.ar\/?p=3959"},"modified":"2023-12-23T11:46:02","modified_gmt":"2023-12-23T14:46:02","slug":"don-bosco-tuvo-su-fiesta-de-cierre-en-familia","status":"publish","type":"post","link":"https:\/\/www.sportchaco.com.ar\/?p=3959","title":{"rendered":"Don Bosco tuvo su fiesta de cierre en familia"},"content":{"rendered":"<article class=\"post-19113 post type-post status-publish format-standard has-post-thumbnail hentry category-locales tag-portada\">\n<div id=\"post-content-wrapper\" class=\"relative\">\n<div id=\"post-area\" class=\"left relative\">\n<h1 class=\"story-title entry-title\"><\/h1>\n<div id=\"right-content\" class=\"relative\">\n<div class=\"relative\"><\/div>\n<div id=\"content-area\" class=\"left relative\">\n<div id=\"left-content-mobi\">\n<div class=\"author-info-mob-wrap\"><\/div>\n<\/div>\n<div id=\"tps_slideContainer_19113\" class=\"theiaPostSlider_slides\">\n<div>\n<p>\u00a0<strong>El salesiano despidi\u00f3 un a\u00f1o que sin dudas quedar\u00e1 en la historia para el club, donde se ejecutaron grandes e hist\u00f3ricas obras, adem\u00e1s de que en la Primera se hizo sentir en gran manera en los planos provincial y local.\u00a0<\/strong><\/p>\n<p>&nbsp;<\/p>\n<p>En el marco del cierre del 2023 y en v\u00edsperas a la Navidad y A\u00f1o Nuevo, el Centro Deportivo Don Bosco tuvo su despedida de a\u00f1o en sus instalaciones junto a todas las categor\u00edas que conforman el b\u00e1squet de esta instituci\u00f3n, desde el minib\u00e1squet hasta la Primera, donde este \u00faltimo hace muy pocos d\u00edas se consagr\u00f3 campe\u00f3n del Torneo Clausura de Resistencia.<\/p>\n<figure class=\"wp-block-image size-large\"><a href=\"https:\/\/baskettotal.com.ar\/wp-content\/uploads\/2023\/12\/gggg.jpg\"><img loading=\"lazy\" decoding=\"async\" class=\"lazy wp-image-19115 lazy-loaded\" src=\"https:\/\/baskettotal.com.ar\/wp-content\/uploads\/2023\/12\/gggg-1024x478.jpg\" sizes=\"auto, (max-width: 1024px) 100vw, 1024px\" srcset=\"https:\/\/baskettotal.com.ar\/wp-content\/uploads\/2023\/12\/gggg-1024x478.jpg 1024w, https:\/\/baskettotal.com.ar\/wp-content\/uploads\/2023\/12\/gggg-300x140.jpg 300w, https:\/\/baskettotal.com.ar\/wp-content\/uploads\/2023\/12\/gggg-768x358.jpg 768w, https:\/\/baskettotal.com.ar\/wp-content\/uploads\/2023\/12\/gggg.jpg 1040w\" alt=\"\" width=\"1024\" height=\"478\" data-lazy-type=\"image\" data-lazy-src=\"https:\/\/baskettotal.com.ar\/wp-content\/uploads\/2023\/12\/gggg-1024x478.jpg\" data-lazy-srcset=\"https:\/\/baskettotal.com.ar\/wp-content\/uploads\/2023\/12\/gggg-1024x478.jpg 1024w, https:\/\/baskettotal.com.ar\/wp-content\/uploads\/2023\/12\/gggg-300x140.jpg 300w, https:\/\/baskettotal.com.ar\/wp-content\/uploads\/2023\/12\/gggg-768x358.jpg 768w, https:\/\/baskettotal.com.ar\/wp-content\/uploads\/2023\/12\/gggg.jpg 1040w\" data-lazy-sizes=\"(max-width: 1024px) 100vw, 1024px\" \/><\/a><\/figure>\n<p>Por supuesto que no faltaron los momentos emotivos de la noche, donde hubo premiaciones, tanto de trofeos como de camisetas, para todos los jugadores, adem\u00e1s de destacar el trabajo y el acompa\u00f1amiento de la comisi\u00f3n directiva presidida por Iv\u00e1n Stoyanoff, Jorge Adamczuk y dem\u00e1s integrantes que trabajaron para cerrar el a\u00f1o a puro festejo y en familia.<\/p>\n<p><strong>Distinciones y homenajes<br \/>\n<\/strong>Al hacer uso de la palabra, el entrenador principal de la Primera y de todo el minib\u00e1squet \u201csalesiano\u201d, Fernando \u201cPato\u201d Cristaldo, celebr\u00f3 la realizaci\u00f3n de este gran evento, donde \u201cfue mucha gente, se mostr\u00f3 el trofeo de campe\u00f3n de Primera, m\u00e1s que nada a todos los chicos que no pudieron ir a la cancha aquel d\u00eda de la final, tambi\u00e9n las distinciones para los entrenadores Facundo G\u00f3mez Brocal y Agust\u00edn \u00c1vila, como as\u00ed tambi\u00e9n se le entreg\u00f3 un regalo a la community manager que es la que maneja las redes del club, Nahiara Pallares\u201d, remarcando a su vez que \u201ctambi\u00e9n nos acordamos de nuestras p\u00e9rdidas de este a\u00f1o como las de Juancito y Kelo\u201d.<\/p>\n<p><strong>\u201cEstuvo muy bien organizado\u201d<br \/>\n<\/strong>A su turno, el jugador de experiencia y goleador de la Primera de Don Bosco, Marcos Gauna, consider\u00f3 que fue \u201cuna noche hermosa, en lo personal tuve la suerte de tenerlos a mis viejos y a mi hijo aparte de todas las familias de los chicos del minib\u00e1squet; estuvo muy bien organizado por parte del profe Cristaldo, en el cual todo el equipo les entreg\u00f3 medallas a los chicos\u201d.<\/p>\n<p>&nbsp;<\/p>\n<figure class=\"wp-block-image size-large\"><a href=\"https:\/\/baskettotal.com.ar\/wp-content\/uploads\/2023\/12\/jujujkl-3.jpg\"><img loading=\"lazy\" decoding=\"async\" class=\"lazy wp-image-19114 lazy-loaded\" src=\"https:\/\/baskettotal.com.ar\/wp-content\/uploads\/2023\/12\/jujujkl-3-1024x503.jpg\" sizes=\"auto, (max-width: 1024px) 100vw, 1024px\" srcset=\"https:\/\/baskettotal.com.ar\/wp-content\/uploads\/2023\/12\/jujujkl-3-1024x503.jpg 1024w, https:\/\/baskettotal.com.ar\/wp-content\/uploads\/2023\/12\/jujujkl-3-300x147.jpg 300w, https:\/\/baskettotal.com.ar\/wp-content\/uploads\/2023\/12\/jujujkl-3-768x377.jpg 768w, https:\/\/baskettotal.com.ar\/wp-content\/uploads\/2023\/12\/jujujkl-3.jpg 1040w\" alt=\"\" width=\"1024\" height=\"503\" data-lazy-type=\"image\" data-lazy-src=\"https:\/\/baskettotal.com.ar\/wp-content\/uploads\/2023\/12\/jujujkl-3-1024x503.jpg\" data-lazy-srcset=\"https:\/\/baskettotal.com.ar\/wp-content\/uploads\/2023\/12\/jujujkl-3-1024x503.jpg 1024w, https:\/\/baskettotal.com.ar\/wp-content\/uploads\/2023\/12\/jujujkl-3-300x147.jpg 300w, https:\/\/baskettotal.com.ar\/wp-content\/uploads\/2023\/12\/jujujkl-3-768x377.jpg 768w, https:\/\/baskettotal.com.ar\/wp-content\/uploads\/2023\/12\/jujujkl-3.jpg 1040w\" data-lazy-sizes=\"(max-width: 1024px) 100vw, 1024px\" \/><\/a><\/figure>\n<p>&nbsp;<\/p>\n<p><strong>\u201cUna fiesta de la familia salesiana\u201d<\/strong><\/p>\n<p><strong><br \/>\n<\/strong>Por su parte, Facundo G\u00f3mez Brocal, otras de las piezas indispensables para el t\u00edtulo de Don Bosco durante el Torneo Clausura de Resistencia, celebr\u00f3 poder estar \u201cpresente en esta fiesta de la familia salesiana, fue hermosa, emotiva, familiar y la gente del club lo pudimos disfrutar de la mejor manera\u201d.<\/p>\n<figure class=\"wp-block-image size-full\"><a href=\"https:\/\/baskettotal.com.ar\/wp-content\/uploads\/2023\/12\/uuiop-4.jpg\"><img loading=\"lazy\" decoding=\"async\" class=\"lazy wp-image-19116 lazy-loaded\" src=\"https:\/\/baskettotal.com.ar\/wp-content\/uploads\/2023\/12\/uuiop-4.jpg\" sizes=\"auto, (max-width: 687px) 100vw, 687px\" srcset=\"https:\/\/baskettotal.com.ar\/wp-content\/uploads\/2023\/12\/uuiop-4.jpg 687w, https:\/\/baskettotal.com.ar\/wp-content\/uploads\/2023\/12\/uuiop-4-264x300.jpg 264w\" alt=\"\" width=\"687\" height=\"780\" data-lazy-type=\"image\" data-lazy-src=\"https:\/\/baskettotal.com.ar\/wp-content\/uploads\/2023\/12\/uuiop-4.jpg\" data-lazy-srcset=\"https:\/\/baskettotal.com.ar\/wp-content\/uploads\/2023\/12\/uuiop-4.jpg 687w, https:\/\/baskettotal.com.ar\/wp-content\/uploads\/2023\/12\/uuiop-4-264x300.jpg 264w\" data-lazy-sizes=\"(max-width: 687px) 100vw, 687px\" \/><\/a><\/figure>\n<\/div>\n<\/div>\n<div class=\"theiaPostSlider_footer _footer\"><\/div>\n<p>&nbsp;<\/p>\n<\/div>\n<\/div>\n<\/div>\n<\/div>\n<\/article>\n<div id=\"post-latest-wrap\" class=\"left relative infinite-content\">\n<div class=\"story-contain left relative infinite-post\">\n<div class=\"read-share-overlay\">\n<div class=\"share-box-wrapper\">\n<div class=\"read-more-fb\"><\/div>\n<div class=\"read-more-twit\"><\/div>\n<div class=\"read-more-comment\"><\/div>\n<\/div>\n<\/div>\n<\/div>\n<div class=\"story-contain left relative infinite-post\">\n<div class=\"story-contain-img left\"><img loading=\"lazy\" decoding=\"async\" class=\"lazy attachment-medium-thumb size-medium-thumb wp-post-image lazy-loaded\" src=\"https:\/\/baskettotal.com.ar\/wp-content\/uploads\/2023\/12\/ttttttttttttttt-400x240.jpg\" sizes=\"auto, (max-width: 400px) 100vw, 400px\" srcset=\"https:\/\/baskettotal.com.ar\/wp-content\/uploads\/2023\/12\/ttttttttttttttt-400x240.jpg 400w, https:\/\/baskettotal.com.ar\/wp-content\/uploads\/2023\/12\/ttttttttttttttt-1000x600.jpg 1000w\" alt=\"\" width=\"400\" height=\"240\" data-lazy-type=\"image\" data-lazy-src=\"https:\/\/baskettotal.com.ar\/wp-content\/uploads\/2023\/12\/ttttttttttttttt-400x240.jpg\" data-lazy-srcset=\"https:\/\/baskettotal.com.ar\/wp-content\/uploads\/2023\/12\/ttttttttttttttt-400x240.jpg 400w, https:\/\/baskettotal.com.ar\/wp-content\/uploads\/2023\/12\/ttttttttttttttt-1000x600.jpg 1000w\" data-lazy-sizes=\"(max-width: 400px) 100vw, 400px\" \/><\/div>\n<div class=\"story-contain-text\">\n<h2>Facundo G\u00f3mez Brocal: \u201cSe culmin\u00f3 un proceso en el cual se lleg\u00f3 al objetivo principal que era el t\u00edtulo\u201d<\/h2>\n<\/div>\n<div class=\"read-share-overlay\">\n<div class=\"share-box-wrapper\">\n<div class=\"read-more-fb\"><\/div>\n<div class=\"read-more-twit\"><\/div>\n<div class=\"read-more-comment\"><\/div>\n<\/div>\n<\/div>\n<\/div>\n<div class=\"story-contain left relative infinite-post\">\n<div class=\"read-share-overlay\">\n<div class=\"read-more-box-wrapper\"><\/div>\n<div class=\"share-box-wrapper\">\n<div class=\"read-more-fb\">Fuente: (Por Santiago Waissmann\/ Basket Total)<\/div>\n<div class=\"read-more-twit\"><\/div>\n<div class=\"read-more-comment\"><\/div>\n<\/div>\n<\/div>\n<\/div>\n<div class=\"story-contain left relative infinite-post\">\n<div class=\"story-contain-img left\"><img loading=\"lazy\" decoding=\"async\" class=\"lazy lazy-hidden attachment-medium-thumb size-medium-thumb wp-post-image\" src=\"data:image\/gif;base64,R0lGODlhAQABAIAAAAAAAP\/\/\/yH5BAEAAAAALAAAAAABAAEAAAIBRAA7\" alt=\"\" width=\"400\" height=\"240\" data-lazy-type=\"image\" data-lazy-src=\"https:\/\/baskettotal.com.ar\/wp-content\/uploads\/2023\/12\/IMG-20231212-WA0004-400x240.jpg\" data-lazy-srcset=\"https:\/\/baskettotal.com.ar\/wp-content\/uploads\/2023\/12\/IMG-20231212-WA0004-400x240.jpg 400w, https:\/\/baskettotal.com.ar\/wp-content\/uploads\/2023\/12\/IMG-20231212-WA0004-1000x600.jpg 1000w\" data-lazy-sizes=\"(max-width: 400px) 100vw, 400px\" \/><\/div>\n<div class=\"story-contain-text\">\n<h2>Luciano Pegoraro: \u201cQueremos cerrar la serie el mi\u00e9rcoles y salir campeones\u201d<\/h2>\n<div class=\"text-info-contain left relative\"><span class=\"home-text-author left\">prensa<\/span><span class=\"home-text-date left\">12 DICIEMBRE, 2023<\/span><\/div>\n<\/div>\n<div class=\"read-share-overlay\">\n<div class=\"read-more-box-wrapper\"><a href=\"https:\/\/baskettotal.com.ar\/luciano-pegoraro-queremos-cerrar-la-serie-el-miercoles-y-salir-campeones\/\" rel=\"bookmark\"><span class=\"read-more-box\">READ MORE<\/span><\/a><\/div>\n<div class=\"share-box-wrapper\">\n<div class=\"read-more-fb\"><\/div>\n<div class=\"read-more-twit\"><\/div>\n<div class=\"read-more-comment\"><\/div>\n<\/div>\n<\/div>\n<\/div>\n<\/div>\n<div id=\"sidebar-contain\">\n<div id=\"sidebar-main-wrap\" class=\"left relative\">\n<div id=\"sidebar-widget-wrap\" class=\"left relative\"><\/div>\n<\/div>\n<\/div>\n","protected":false},"excerpt":{"rendered":"<p>\u00a0El salesiano despidi\u00f3 un a\u00f1o que sin dudas quedar\u00e1 en la historia para el club, donde se ejecutaron grandes e hist\u00f3ricas obras, adem\u00e1s de que en la Primera se hizo sentir en gran manera en los planos provincial y local.\u00a0 &nbsp; En el marco del cierre del 2023 y en v\u00edsperas a la Navidad y &hellip;<\/p>\n","protected":false},"author":2,"featured_media":3960,"comment_status":"open","ping_status":"open","sticky":false,"template":"","format":"standard","meta":{"footnotes":""},"categories":[3],"tags":[],"class_list":["post-3959","post","type-post","status-publish","format-standard","has-post-thumbnail","hentry","category-basquetbol"],"_links":{"self":[{"href":"https:\/\/www.sportchaco.com.ar\/index.php?rest_route=\/wp\/v2\/posts\/3959","targetHints":{"allow":["GET"]}}],"collection":[{"href":"https:\/\/www.sportchaco.com.ar\/index.php?rest_route=\/wp\/v2\/posts"}],"about":[{"href":"https:\/\/www.sportchaco.com.ar\/index.php?rest_route=\/wp\/v2\/types\/post"}],"author":[{"embeddable":true,"href":"https:\/\/www.sportchaco.com.ar\/index.php?rest_route=\/wp\/v2\/users\/2"}],"replies":[{"embeddable":true,"href":"https:\/\/www.sportchaco.com.ar\/index.php?rest_route=%2Fwp%2Fv2%2Fcomments&post=3959"}],"version-history":[{"count":1,"href":"https:\/\/www.sportchaco.com.ar\/index.php?rest_route=\/wp\/v2\/posts\/3959\/revisions"}],"predecessor-version":[{"id":3961,"href":"https:\/\/www.sportchaco.com.ar\/index.php?rest_route=\/wp\/v2\/posts\/3959\/revisions\/3961"}],"wp:featuredmedia":[{"embeddable":true,"href":"https:\/\/www.sportchaco.com.ar\/index.php?rest_route=\/wp\/v2\/media\/3960"}],"wp:attachment":[{"href":"https:\/\/www.sportchaco.com.ar\/index.php?rest_route=%2Fwp%2Fv2%2Fmedia&parent=3959"}],"wp:term":[{"taxonomy":"category","embeddable":true,"href":"https:\/\/www.sportchaco.com.ar\/index.php?rest_route=%2Fwp%2Fv2%2Fcategories&post=3959"},{"taxonomy":"post_tag","embeddable":true,"href":"https:\/\/www.sportchaco.com.ar\/index.php?rest_route=%2Fwp%2Fv2%2Ftags&post=3959"}],"curies":[{"name":"wp","href":"https:\/\/api.w.org\/{rel}","templated":true}]}}