{"id":3962,"date":"2023-12-23T11:56:09","date_gmt":"2023-12-23T14:56:09","guid":{"rendered":"https:\/\/www.sportchaco.com.ar\/?p=3962"},"modified":"2023-12-23T11:56:09","modified_gmt":"2023-12-23T14:56:09","slug":"enzo-perez-se-despidio-de-river-en-pleno-romance","status":"publish","type":"post","link":"https:\/\/www.sportchaco.com.ar\/?p=3962","title":{"rendered":"Enzo P\u00e9rez se despidi\u00f3 de River en pleno romance"},"content":{"rendered":"<p id=\"titulo_cable\" class=\"title\">\n<div id=\"div_cuerpo\" class=\"content cable-content\">El mediocampista Enzo P\u00e9rez se despidi\u00f3 anoche de River Plate con un sentido discurso en la sala de conferencias del Estadio \u00danico Madre de Ciudades de Santiago del Estero y se quebr\u00f3 al anunciar el final de \u00abuna gran etapa de amor\u00bb en el club.<\/p>\n<p>El mendocino, hincha de River, multiplic\u00f3 sus agradecimientos y no acept\u00f3 preguntas sobre los motivos de su partida, lo que sembr\u00f3 m\u00e1s especulaciones sobre los rumores de una tensa relaci\u00f3n con el entrenador Mart\u00edn Demichelis.<\/p>\n<p>\u00abVengo a anunciar algo que ya se sab\u00eda, que hoy ha sido mi \u00faltimo partido con esta camiseta. Tengo much\u00edsimas cosas en la cabeza, vengo tambi\u00e9n a agradecer a la gente que me trajo all\u00e1 por el a\u00f1o 2017. Tuve la posibilidad de llamarlos, hablar un rato y tambi\u00e9n de decirles en persona, por un mensaje o una llamada, el agradecimiento m\u00edo hacia ellos por haberme dado la posibilidad de jugar en esta instituci\u00f3n\u00bb, dijo P\u00e9rez, quien decidi\u00f3 no renovar su contrato en River.<\/p>\n<p>El mediocampista arrib\u00f3 al club en 2017 y se marcha luego de jugar 241 partidos, convertir 6 goles, brindar 10 asistencias y festejar 10 t\u00edtulos, el \u00faltimo conseguido anoche ante Rosario Central, el Trofeo de Campeones.<\/p>\n<p>Ganador de la Copa Libertadores 2018 ante Boca en Madrid, Enzo manifest\u00f3 con emoci\u00f3n las sensaciones de cerrar su historia con el club de N\u00fa\u00f1ez: \u00abSe me cruzan much\u00edsimas cosas por la cabeza, termina una gran etapa de amor, que so\u00f1\u00e9 desde chico: jugar con esta camiseta. A esa gente de por vida le voy a estar agradecido\u00bb.<\/p>\n<p>\u00abComo se lo dije a los chicos ayer, m\u00e1s all\u00e1 de haber sido jugador, tener la posibilidad de ser capit\u00e1n fue por ellos, si ellos no me respetaban y me daban ese cari\u00f1o, hubiera sido muy dif\u00edcil todo. Siempre lo tuve y no s\u00f3lo de ellos sino de la gente que trabaja alrededor de nosotros, seguridad, prensa, utileros, cocineros, cuerpo m\u00e9dico. A todos ellos, agradecerles de coraz\u00f3n por estos seis a\u00f1os y medio\u00bb, declar\u00f3.<\/p>\n<p>\u00abA la gente, que voy a extra\u00f1ar cada ovaci\u00f3n, el cari\u00f1o y el respeto que me han dado desde el primer d\u00eda, y por \u00faltimo agradecerle a mi familia, que hoy no pudo estar ac\u00e1, por haberme acompa\u00f1ado durante todo este tiempo. S\u00e9 que me van a estar esperando para que nos abracemos, a mi representante, padres, hermanos, a todos, mis amigos, much\u00edsimas gracias\u00bb, expres\u00f3 entre sollozos.<\/p>\n<p>En el final de su mensaje, P\u00e9rez volvi\u00f3 a excusarse de contestar preguntas para evacuar las posibles dudas de la prensa: \u00abNo es el momento de hablar. Me quiero ir con los lindos recuerdos, en paz como me voy, con la tranquilidad de haber dejado todo, vac\u00edo como jugador. Ahora me ir\u00e9 de vacaciones, mi celular estar\u00e1 apagado, no me llamen\u00bb, aconsej\u00f3.<\/p>\n<p>El exfutbolista del seleccionado argentino, mundialista en Brasil 2014 y Rusia 2018, tampoco aclar\u00f3 sobre el futuro de su carrera a los 37 a\u00f1os. Dispone ofertas de Arabia Saudita, Estados Unidos y tambi\u00e9n tiene la posibilidades de regresar a Estudiantes de La Plata, donde fue campe\u00f3n con Alejandro Sabella, o Deportivo Maip\u00fa de Mendoza, su club de origen. T\u00e9lam<\/p><\/div>\n","protected":false},"excerpt":{"rendered":"<p>El mediocampista Enzo P\u00e9rez se despidi\u00f3 anoche de River Plate con un sentido discurso en la sala de conferencias del Estadio \u00danico Madre de Ciudades de Santiago del Estero y se quebr\u00f3 al anunciar el final de \u00abuna gran etapa de amor\u00bb en el club. El mendocino, hincha de River, multiplic\u00f3 sus agradecimientos y no &hellip;<\/p>\n","protected":false},"author":2,"featured_media":3964,"comment_status":"open","ping_status":"open","sticky":false,"template":"","format":"standard","meta":{"footnotes":""},"categories":[5],"tags":[],"class_list":["post-3962","post","type-post","status-publish","format-standard","has-post-thumbnail","hentry","category-futbol"],"_links":{"self":[{"href":"https:\/\/www.sportchaco.com.ar\/index.php?rest_route=\/wp\/v2\/posts\/3962","targetHints":{"allow":["GET"]}}],"collection":[{"href":"https:\/\/www.sportchaco.com.ar\/index.php?rest_route=\/wp\/v2\/posts"}],"about":[{"href":"https:\/\/www.sportchaco.com.ar\/index.php?rest_route=\/wp\/v2\/types\/post"}],"author":[{"embeddable":true,"href":"https:\/\/www.sportchaco.com.ar\/index.php?rest_route=\/wp\/v2\/users\/2"}],"replies":[{"embeddable":true,"href":"https:\/\/www.sportchaco.com.ar\/index.php?rest_route=%2Fwp%2Fv2%2Fcomments&post=3962"}],"version-history":[{"count":1,"href":"https:\/\/www.sportchaco.com.ar\/index.php?rest_route=\/wp\/v2\/posts\/3962\/revisions"}],"predecessor-version":[{"id":3965,"href":"https:\/\/www.sportchaco.com.ar\/index.php?rest_route=\/wp\/v2\/posts\/3962\/revisions\/3965"}],"wp:featuredmedia":[{"embeddable":true,"href":"https:\/\/www.sportchaco.com.ar\/index.php?rest_route=\/wp\/v2\/media\/3964"}],"wp:attachment":[{"href":"https:\/\/www.sportchaco.com.ar\/index.php?rest_route=%2Fwp%2Fv2%2Fmedia&parent=3962"}],"wp:term":[{"taxonomy":"category","embeddable":true,"href":"https:\/\/www.sportchaco.com.ar\/index.php?rest_route=%2Fwp%2Fv2%2Fcategories&post=3962"},{"taxonomy":"post_tag","embeddable":true,"href":"https:\/\/www.sportchaco.com.ar\/index.php?rest_route=%2Fwp%2Fv2%2Ftags&post=3962"}],"curies":[{"name":"wp","href":"https:\/\/api.w.org\/{rel}","templated":true}]}}