{"id":3966,"date":"2023-12-23T12:05:32","date_gmt":"2023-12-23T15:05:32","guid":{"rendered":"https:\/\/www.sportchaco.com.ar\/?p=3966"},"modified":"2023-12-23T12:06:09","modified_gmt":"2023-12-23T15:06:09","slug":"bombazo-echeverri-no-renovara-con-river","status":"publish","type":"post","link":"https:\/\/www.sportchaco.com.ar\/?p=3966","title":{"rendered":"Bombazo: Echeverri no renovar\u00e1 con River"},"content":{"rendered":"<h1>El posteo de Echeverri con un indicio sobre su futuro en River<\/h1>\n<p class=\"description\">El futbolista de 17 a\u00f1os utiliz\u00f3 sus redes sociales para mostrar los festejos por la obtenci\u00f3n del Trofeo de Campeones y dej\u00f3 un mensaje luego de haber anunciado que no renovar\u00e1 su contrato. \u201cDos t\u00edtulos y que sean muchos m\u00e1s con esta camiseta\u201d , escribi\u00f3.<\/p>\n<div class=\"article-info\">\n<div class=\"article-info-left\">\n<div class=\"article-autor-info\">\n<div class=\"article-autor-name\"><\/div>\n<\/div>\n<\/div>\n<\/div>\n<figure class=\"rat16x9\"><img decoding=\"async\" title=\"Historia Echeverri\" src=\"https:\/\/media.tycsports.com\/files\/2023\/12\/23\/658905\/historia-echeverri_416x234.webp?v=1\" srcset=\"https:\/\/media.tycsports.com\/files\/2023\/12\/23\/658905\/historia-echeverri_416x234.webp?v=1 480w ,https:\/\/media.tycsports.com\/files\/2023\/12\/23\/658905\/historia-echeverri_862x485.webp?v=1 1080w \" alt=\"Historia Echeverri\" \/><\/figure>\n<p class=\"capital\"><b>Claudio Echeverri\u00a0<\/b>public\u00f3 una historia en su cuenta de Instagram en la dej\u00f3 un mensaje de cara al futuro, en medio de la incertidumbre en\u00a0<b>River<\/b>\u00a0generada por su anuncio sobre la decisi\u00f3n de no renovar contrato.\u00a0<i><b>\u201cDos t\u00edtulos y que sean muchos m\u00e1s con esta camiseta\u201d<\/b><\/i>, escribi\u00f3.<\/p>\n<figure class=\"w-100\"><img decoding=\"async\" title=\"Historia Echeverri\" src=\"https:\/\/media.tycsports.com\/files\/2023\/12\/23\/658905\/historia-echeverri_w416.webp\" srcset=\"https:\/\/media.tycsports.com\/files\/2023\/12\/23\/658905\/historia-echeverri_w416.webp 480w, https:\/\/media.tycsports.com\/files\/2023\/12\/23\/658905\/historia-echeverri_w862.webp 1080w\" alt=\"Historia Echeverri\" data-src=\"https:\/\/media.tycsports.com\/files\/2023\/12\/23\/658905\/historia-echeverri_w416.webp\" data-srcset=\"https:\/\/media.tycsports.com\/files\/2023\/12\/23\/658905\/historia-echeverri_w416.webp 480w, https:\/\/media.tycsports.com\/files\/2023\/12\/23\/658905\/historia-echeverri_w862.webp 1080w\" \/><\/figure>\n<div class=\"watchto-wrap\">\n<div class=\"watchto\">\n<p><a class=\"imgwrap\" href=\"https:\/\/www.tycsports.com\/river-plate\/que-pasara-con-echeverri-despues-de-su-fuerte-declaracion-sobre-su-futuro-en-river-id554730.html\"><picture><source srcset=\"https:\/\/media.tycsports.com\/files\/2023\/12\/22\/658869\/claudio-echeverri_267x150.webp\" media=\"(min-width: 721px)\" \/><source srcset=\"https:\/\/media.tycsports.com\/files\/2023\/12\/22\/658869\/claudio-echeverri_267x356.webp\" media=\"(max-width: 721px)\" \/><img decoding=\"async\" src=\"https:\/\/media.tycsports.com\/files\/2023\/12\/22\/658869\/claudio-echeverri_267x150.webp\" data-src=\"https:\/\/media.tycsports.com\/files\/2023\/12\/22\/658869\/claudio-echeverri_267x150.webp\" \/><\/picture><\/a><\/p>\n<div class=\"watchto-text\">\n<p>&nbsp;<\/p>\n<h2><a href=\"https:\/\/www.tycsports.com\/river-plate\/que-pasara-con-echeverri-despues-de-su-fuerte-declaracion-sobre-su-futuro-en-river-id554730.html\">Qu\u00e9 pasar\u00e1 con Echeverri despu\u00e9s de su fuerte declaraci\u00f3n sobre su futuro en River<\/a><\/h2>\n<\/div>\n<div class=\"watchto-btn-view\"><\/div>\n<\/div>\n<\/div>\n<p>&nbsp;<\/p>\n<p><span style=\"color: #000000;\">El futbolista utiliz\u00f3 una foto suya en la que besa el\u00a0<a style=\"color: #000000;\" href=\"https:\/\/www.tycsports.com\/river-plate\/river-vs-rosario-central-trofeo-de-campeones-formaciones-donde-ver-en-vivo-id554236.html\" target=\"_blank\" rel=\"noopener\">Trofeo de Campeones<\/a><a style=\"color: #000000;\" href=\"https:\/\/www.tycsports.com\/river-plate\/river-vs-rosario-central-trofeo-de-campeones-formaciones-donde-ver-en-vivo-id554236.html\" target=\"_blank\" rel=\"noopener\">, conseguido anoche con la victoria por 2-0 ante\u00a0<\/a><a style=\"color: #000000;\" href=\"https:\/\/www.tycsports.com\/river-plate\/river-vs-rosario-central-trofeo-de-campeones-formaciones-donde-ver-en-vivo-id554236.html\" target=\"_blank\" rel=\"noopener\">Rosario Central\u00a0<\/a><a style=\"color: #000000;\" href=\"https:\/\/www.tycsports.com\/river-plate\/river-vs-rosario-central-trofeo-de-campeones-formaciones-donde-ver-en-vivo-id554236.html\" target=\"_blank\" rel=\"noopener\">en Santiago del Estero<\/a>\u00a0que adem\u00e1s signific\u00f3 su primer partido como titular en el Millonario. La anterior conquista a la que se refiere es la\u00a0Liga Profesional\u00a0de este a\u00f1o.<\/span><\/p>\n<p>Luego de su primer partido como titular en\u00a0River, el Diablito declar\u00f3 que\u00a0no prolongar\u00e1 su v\u00ednculo con la instituci\u00f3n\u00a0y a partir de all\u00ed comenzaron a plantearse diferentes escenarios para lo que viene. Habr\u00e1 que esperar\u00a0la decisi\u00f3n de la dirigencia del club\u00a0sobre si lo tendr\u00e1 en cuenta o no para la pretemporada.<\/p>\n<p>&nbsp;<\/p>\n<h2>El anuncio de Echeverri que cay\u00f3 como una bomba en River<\/h2>\n<p>&nbsp;<\/p>\n<p><i><b>\u201cNo voy a renovar, pero me quedar\u00e9 un a\u00f1o o seis meses m\u00e1s\u201d<\/b><\/i>, declar\u00f3 el jugador una vez finalizado el encuentro frente al Canalla. Adem\u00e1s, agreg\u00f3:\u00a0<i>\u201cMi representante habl\u00f3 con el presidente.\u00a0<b>Se dijeron muchas cosas <\/b><\/i><\/p>\n<section class=\"fluidMedia\">\n<div id=\"video-genoa-658885\" class=\"player-nota-wrapper genoa-async lazycontainer\" data-contentid=\"1555403\" data-share=\"https:\/\/www.tycsports.com\/river-plate\/posteo-echeverri-river-contrato-renovacion-id554750.html\">\n<div class=\"player-nota-overlay\"><span style=\"font-size: 24px; font-weight: bold;\">Brito sobre la situaci\u00f3n de Echeverri<\/span><\/div>\n<div><\/div>\n<\/div>\n<\/section>\n<p>El presidente de\u00a0River\u00a0intent\u00f3 desactivar la pol\u00e9mica por las declaraciones del futbolista.\u00a0<i>\u201cReci\u00e9n lo salud\u00e9 y\u00a0estaba un poco mal por lo que dijo.\u00a0Quiz\u00e1 no era lo que hab\u00eda querido decir. Hay que entender que tiene 17 a\u00f1os, es un grand\u00edsimo jugador y muy querido en el plantel\u201d<\/i>, afirm\u00f3.<\/p>\n<p>Con respecto al anuncio realizado por el Diablito, el m\u00e1ximo dirigente de la instituci\u00f3n desliz\u00f3 que\u00a0<i>\u201ctal vez fue la euforia del triunfo y no es tan as\u00ed\u201d<\/i>. En tanto, a\u00f1adi\u00f3:\u00a0<i>\u201cMe quedo con lo que aclar\u00f3 \u00e9l, que nunca tuvimos problema con su representante.\u00a0Quedan 13 meses para el vencimiento de su contrato\u201d<\/i>.<\/p>\n<p>La \u00fanica frase de Brito que parece haber marcado la posici\u00f3n del Millonario en este conflicto fue en la que puso un plazo.\u00a0<i>\u201cDe ac\u00e1 al 10 de enero tenemos que definir. Claudio me volvi\u00f3 a manifestar que quiere triunfar en River. Su representante va a defender al jugador y nosotros al club\u201d<\/i>.<\/p>\n<h2>Demichelis y el consejo para Echeverri<\/h2>\n<p><i>\u201cTiene que disfrutar el t\u00edtulo, es joven y\u00a0a veces cuando te ponen el micr\u00f3fono despu\u00e9s de un partido aparecen sensaciones encontradas\u201d<\/i>. En relaci\u00f3n a su postura, asegur\u00f3:\u00a0<i>\u201cCreo que no debe tener prisa para irse. Est\u00e1 claro que todos sue\u00f1an con ir a Europa, pero esta instituci\u00f3n es enorme\u201d<\/i>.<\/p>\n<p>Fuente TyC Sports<\/p>\n","protected":false},"excerpt":{"rendered":"<p>El posteo de Echeverri con un indicio sobre su futuro en River El futbolista de 17 a\u00f1os utiliz\u00f3 sus redes sociales para mostrar los festejos por la obtenci\u00f3n del Trofeo de Campeones y dej\u00f3 un mensaje luego de haber anunciado que no renovar\u00e1 su contrato. \u201cDos t\u00edtulos y que sean muchos m\u00e1s con esta camiseta\u201d &hellip;<\/p>\n","protected":false},"author":2,"featured_media":3967,"comment_status":"open","ping_status":"open","sticky":false,"template":"","format":"standard","meta":{"footnotes":""},"categories":[5],"tags":[],"class_list":["post-3966","post","type-post","status-publish","format-standard","has-post-thumbnail","hentry","category-futbol"],"_links":{"self":[{"href":"https:\/\/www.sportchaco.com.ar\/index.php?rest_route=\/wp\/v2\/posts\/3966","targetHints":{"allow":["GET"]}}],"collection":[{"href":"https:\/\/www.sportchaco.com.ar\/index.php?rest_route=\/wp\/v2\/posts"}],"about":[{"href":"https:\/\/www.sportchaco.com.ar\/index.php?rest_route=\/wp\/v2\/types\/post"}],"author":[{"embeddable":true,"href":"https:\/\/www.sportchaco.com.ar\/index.php?rest_route=\/wp\/v2\/users\/2"}],"replies":[{"embeddable":true,"href":"https:\/\/www.sportchaco.com.ar\/index.php?rest_route=%2Fwp%2Fv2%2Fcomments&post=3966"}],"version-history":[{"count":2,"href":"https:\/\/www.sportchaco.com.ar\/index.php?rest_route=\/wp\/v2\/posts\/3966\/revisions"}],"predecessor-version":[{"id":3969,"href":"https:\/\/www.sportchaco.com.ar\/index.php?rest_route=\/wp\/v2\/posts\/3966\/revisions\/3969"}],"wp:featuredmedia":[{"embeddable":true,"href":"https:\/\/www.sportchaco.com.ar\/index.php?rest_route=\/wp\/v2\/media\/3967"}],"wp:attachment":[{"href":"https:\/\/www.sportchaco.com.ar\/index.php?rest_route=%2Fwp%2Fv2%2Fmedia&parent=3966"}],"wp:term":[{"taxonomy":"category","embeddable":true,"href":"https:\/\/www.sportchaco.com.ar\/index.php?rest_route=%2Fwp%2Fv2%2Fcategories&post=3966"},{"taxonomy":"post_tag","embeddable":true,"href":"https:\/\/www.sportchaco.com.ar\/index.php?rest_route=%2Fwp%2Fv2%2Ftags&post=3966"}],"curies":[{"name":"wp","href":"https:\/\/api.w.org\/{rel}","templated":true}]}}