{"id":3998,"date":"2023-12-24T19:32:38","date_gmt":"2023-12-24T22:32:38","guid":{"rendered":"https:\/\/www.sportchaco.com.ar\/?p=3998"},"modified":"2023-12-24T19:33:18","modified_gmt":"2023-12-24T22:33:18","slug":"3998","status":"publish","type":"post","link":"https:\/\/www.sportchaco.com.ar\/?p=3998","title":{"rendered":"De la Cruz jugar\u00e1 a Flamengo, confirm\u00f3 River"},"content":{"rendered":"<p id=\"titulo_cable\" class=\"title\">\n<div id=\"div_cuerpo\" class=\"content cable-content\">\n<p>River Plate confirm\u00f3 hoy la venta del uruguayo Nicol\u00e1s De la Cruz a Flamengo, de Brasil, que hizo lo propio tambi\u00e9n en sus redes sociales, a cambio de 16.000.000 de d\u00f3lares de los que la mitad le corresponder\u00e1n al club argentino.<\/p>\n<p>Despu\u00e9s de seis a\u00f1os en River el volante de 26 a\u00f1os (naci\u00f3 el 1 de junio de 1997 en Montevideo) que lleg\u00f3 al club de N\u00fa\u00f1ez en 2017 proveniente de Liverpool, de su pa\u00eds natal, que cuenta con el otro porcentaje de su pase, se va a Flamengo cpomo parte de una promesa de venta hecha por la dirigencia \u00abmillonaria\u00bb el a\u00f1o pasado.<\/p>\n<p>\u00abEl jugador Nicol\u00e1s De La Cruz fue transferido a Flamengo y continuar\u00e1 all\u00ed su carrera. Gracias por dejar todo en cada partido, Nico\u00bb, se\u00f1al\u00f3 River en su cuenta oficial.<\/p>\n<p>El representante de De la Cruz, el tambi\u00e9n uruguayo Francisco \u00abPaco\u00bb Casal y el vicepresidente de Flamengo, Marcos Braz, cerraron la operaci\u00f3n a principios de la semana pasada.<\/p>\n<p>\u00abComenzamos a armar el plantel para la pr\u00f3xima temporada con un gran nombre que era muy esperado por nuestra afici\u00f3n. Estamos contentos con el acuerdo y le deseamos a De La Cruz todo el \u00e9xito en la defensa del manto sagrado\u00bb, respondi\u00f3 por su parte Flamengo al posteo riverplatense.<\/p>\n<p>Inclusive ya le fue asignado el dorsal n\u00famero 12 a De la Cruz, que as\u00ed se suma a las bajas de Enzo P\u00e9rez y Jonatan Maidana, por ahora con desino incierto para sus carreras. Por contrapartida, el cordob\u00e9s Mat\u00edas Su\u00e1rez, cuya continuidad estaba en duda, anunci\u00f3 que renovar\u00e1 contrato en las pr\u00f3ximas horas.<\/p>\n<p>Mientras tanto y en tono de proyecci\u00f3n, River puso sus ojos en las \u00faltimas horas sobre el juvenil de 19 a\u00f1os Jerem\u00edas L\u00e1zaro, de Instituto, de C\u00f3rdoba, el delantero que reci\u00e9n firm\u00f3 contrato con este club en marzo pasado y todav\u00eda no debut\u00f3 en primera divisi\u00f3n, aunque s\u00ed form\u00f3 parte de la \u00faltima pretemporada del plantel profesional. Fuente T\u00e9lam<\/p>\n<\/div>\n","protected":false},"excerpt":{"rendered":"<p>River Plate confirm\u00f3 hoy la venta del uruguayo Nicol\u00e1s De la Cruz a Flamengo, de Brasil, que hizo lo propio tambi\u00e9n en sus redes sociales, a cambio de 16.000.000 de d\u00f3lares de los que la mitad le corresponder\u00e1n al club argentino. Despu\u00e9s de seis a\u00f1os en River el volante de 26 a\u00f1os (naci\u00f3 el 1 &hellip;<\/p>\n","protected":false},"author":2,"featured_media":3999,"comment_status":"open","ping_status":"open","sticky":false,"template":"","format":"standard","meta":{"footnotes":""},"categories":[6],"tags":[],"class_list":["post-3998","post","type-post","status-publish","format-standard","has-post-thumbnail","hentry","category-internacionales"],"_links":{"self":[{"href":"https:\/\/www.sportchaco.com.ar\/index.php?rest_route=\/wp\/v2\/posts\/3998","targetHints":{"allow":["GET"]}}],"collection":[{"href":"https:\/\/www.sportchaco.com.ar\/index.php?rest_route=\/wp\/v2\/posts"}],"about":[{"href":"https:\/\/www.sportchaco.com.ar\/index.php?rest_route=\/wp\/v2\/types\/post"}],"author":[{"embeddable":true,"href":"https:\/\/www.sportchaco.com.ar\/index.php?rest_route=\/wp\/v2\/users\/2"}],"replies":[{"embeddable":true,"href":"https:\/\/www.sportchaco.com.ar\/index.php?rest_route=%2Fwp%2Fv2%2Fcomments&post=3998"}],"version-history":[{"count":2,"href":"https:\/\/www.sportchaco.com.ar\/index.php?rest_route=\/wp\/v2\/posts\/3998\/revisions"}],"predecessor-version":[{"id":4001,"href":"https:\/\/www.sportchaco.com.ar\/index.php?rest_route=\/wp\/v2\/posts\/3998\/revisions\/4001"}],"wp:featuredmedia":[{"embeddable":true,"href":"https:\/\/www.sportchaco.com.ar\/index.php?rest_route=\/wp\/v2\/media\/3999"}],"wp:attachment":[{"href":"https:\/\/www.sportchaco.com.ar\/index.php?rest_route=%2Fwp%2Fv2%2Fmedia&parent=3998"}],"wp:term":[{"taxonomy":"category","embeddable":true,"href":"https:\/\/www.sportchaco.com.ar\/index.php?rest_route=%2Fwp%2Fv2%2Fcategories&post=3998"},{"taxonomy":"post_tag","embeddable":true,"href":"https:\/\/www.sportchaco.com.ar\/index.php?rest_route=%2Fwp%2Fv2%2Ftags&post=3998"}],"curies":[{"name":"wp","href":"https:\/\/api.w.org\/{rel}","templated":true}]}}