{"id":4031,"date":"2023-12-26T11:21:24","date_gmt":"2023-12-26T14:21:24","guid":{"rendered":"https:\/\/www.sportchaco.com.ar\/?p=4031"},"modified":"2023-12-26T11:21:24","modified_gmt":"2023-12-26T14:21:24","slug":"regatas-arraso-en-las-finales-de-las-formativas-de-la-abr","status":"publish","type":"post","link":"https:\/\/www.sportchaco.com.ar\/?p=4031","title":{"rendered":"Regatas arras\u00f3 en las finales de las formativas de la ABR"},"content":{"rendered":"<div class=\"post-cat-contain left relative post-cat-mob\"><span class=\"img-cat left\">LOCALES<\/span><\/div>\n<h1 class=\"story-title entry-title\">ABR\/ Clausura: Regatas fue campe\u00f3n en U21<\/h1>\n<div id=\"right-content\" class=\"relative\">\n<div id=\"content-area\" class=\"left relative\">\n<div id=\"feat-img-reg\" class=\"relative\"><img decoding=\"async\" class=\" lazyloaded\" src=\"https:\/\/baskettotal.com.ar\/wp-content\/uploads\/2023\/12\/CRR-campeon-U21-1-1024x683-1-1000x600.jpeg\" data-src=\"https:\/\/baskettotal.com.ar\/wp-content\/uploads\/2023\/12\/CRR-campeon-U21-1-1024x683-1-1000x600.jpeg\" \/><\/div>\n<div id=\"left-content-mobi\">\n<div class=\"author-info-mob-wrap\"><\/div>\n<\/div>\n<div id=\"tps_slideContainer_19145\" class=\"theiaPostSlider_slides\">\n<div>\n<p><strong>El pasado jueves\u00a0se disputo\u00a0la segunda final de la\u00a0Copa Resistencia \u2013 Clausura, en la categor\u00eda U21\u00a0Regatas se quedo con la victoria ante Villa San Mart\u00edn por\u00a083 a 55.<\/strong><\/p>\n<p>&nbsp;<\/p>\n<p>REGATAS (83): Andreatta Brihuega F. 14, G\u00f3mez R. 11, Garc\u00eda G. 6, Guti\u00e9rrez C. 3, Djurdjevic F. 3, Colman O. 14, Quintana F. 3, Sandoval L. 4, Rath M. 11, Diaz Oddone S. 2, Rath S. 12 y Garc\u00eda A. Dt: Naon J.<\/p>\n<figure class=\"wp-block-image size-large\"><a href=\"https:\/\/baskettotal.com.ar\/wp-content\/uploads\/2023\/12\/CRR-campeon-U21.jpeg\"><img loading=\"lazy\" decoding=\"async\" class=\"lazy wp-image-19146 lazy-loaded\" src=\"https:\/\/baskettotal.com.ar\/wp-content\/uploads\/2023\/12\/CRR-campeon-U21-1024x682.jpeg\" sizes=\"auto, (max-width: 1024px) 100vw, 1024px\" srcset=\"https:\/\/baskettotal.com.ar\/wp-content\/uploads\/2023\/12\/CRR-campeon-U21-1024x682.jpeg 1024w, https:\/\/baskettotal.com.ar\/wp-content\/uploads\/2023\/12\/CRR-campeon-U21-300x200.jpeg 300w, https:\/\/baskettotal.com.ar\/wp-content\/uploads\/2023\/12\/CRR-campeon-U21-768x512.jpeg 768w, https:\/\/baskettotal.com.ar\/wp-content\/uploads\/2023\/12\/CRR-campeon-U21.jpeg 1040w\" alt=\"\" width=\"1024\" height=\"682\" data-lazy-type=\"image\" data-lazy-src=\"https:\/\/baskettotal.com.ar\/wp-content\/uploads\/2023\/12\/CRR-campeon-U21-1024x682.jpeg\" data-lazy-srcset=\"https:\/\/baskettotal.com.ar\/wp-content\/uploads\/2023\/12\/CRR-campeon-U21-1024x682.jpeg 1024w, https:\/\/baskettotal.com.ar\/wp-content\/uploads\/2023\/12\/CRR-campeon-U21-300x200.jpeg 300w, https:\/\/baskettotal.com.ar\/wp-content\/uploads\/2023\/12\/CRR-campeon-U21-768x512.jpeg 768w, https:\/\/baskettotal.com.ar\/wp-content\/uploads\/2023\/12\/CRR-campeon-U21.jpeg 1040w\" data-lazy-sizes=\"(max-width: 1024px) 100vw, 1024px\" \/><\/a><\/figure>\n<p>VILLA SAN MART\u00cdN (55): Fernandez Rivas J. 13, Pegoraro de Simone L. 9, de Bortoli L. 6, Fernandez Pilahg L. 9, Camisasca A. 12, Loza M. 2, Barua V. 4, Ma\u00f1anes R. y Valussi M. Dt: Nu\u00f1ez T.<\/p>\n<figure class=\"wp-block-image size-large\"><a href=\"https:\/\/baskettotal.com.ar\/wp-content\/uploads\/2023\/12\/VSM-subcampeon-U21.jpeg\"><img loading=\"lazy\" decoding=\"async\" class=\"lazy wp-image-19147 lazy-loaded\" src=\"https:\/\/baskettotal.com.ar\/wp-content\/uploads\/2023\/12\/VSM-subcampeon-U21-1024x682.jpeg\" sizes=\"auto, (max-width: 1024px) 100vw, 1024px\" srcset=\"https:\/\/baskettotal.com.ar\/wp-content\/uploads\/2023\/12\/VSM-subcampeon-U21-1024x682.jpeg 1024w, https:\/\/baskettotal.com.ar\/wp-content\/uploads\/2023\/12\/VSM-subcampeon-U21-300x200.jpeg 300w, https:\/\/baskettotal.com.ar\/wp-content\/uploads\/2023\/12\/VSM-subcampeon-U21-768x512.jpeg 768w, https:\/\/baskettotal.com.ar\/wp-content\/uploads\/2023\/12\/VSM-subcampeon-U21.jpeg 1040w\" alt=\"\" width=\"1024\" height=\"682\" data-lazy-type=\"image\" data-lazy-src=\"https:\/\/baskettotal.com.ar\/wp-content\/uploads\/2023\/12\/VSM-subcampeon-U21-1024x682.jpeg\" data-lazy-srcset=\"https:\/\/baskettotal.com.ar\/wp-content\/uploads\/2023\/12\/VSM-subcampeon-U21-1024x682.jpeg 1024w, https:\/\/baskettotal.com.ar\/wp-content\/uploads\/2023\/12\/VSM-subcampeon-U21-300x200.jpeg 300w, https:\/\/baskettotal.com.ar\/wp-content\/uploads\/2023\/12\/VSM-subcampeon-U21-768x512.jpeg 768w, https:\/\/baskettotal.com.ar\/wp-content\/uploads\/2023\/12\/VSM-subcampeon-U21.jpeg 1040w\" data-lazy-sizes=\"(max-width: 1024px) 100vw, 1024px\" \/><\/a><\/figure>\n<p>\u00c1rbitros:\u00a0Sebasti\u00e1n Quiroga, Marcelo Gamboa y Lucas Sotelo.<\/p>\n<p>&nbsp;<\/p>\n<p>Cancha:\u00a0Regatas Resistencia.<\/p>\n<p>&nbsp;<\/p>\n<p>El juego 1 de la serie se jug\u00f3 la cancha del \u00abTricolor\u00bb y fue victoria para el Regatas por\u00a080 a 62, finalmente\u00a0en el segundo juego\u00a0el equipo de\u00a0Naon\u00a0cerro la serie y se coron\u00f3 campe\u00f3n, en tanto que\u00a0Villa\u00a0fue subcampe\u00f3n.<\/p>\n<\/div>\n<article class=\"post-19138 post type-post status-publish format-standard has-post-thumbnail hentry category-locales tag-portada\">\n<div id=\"post-content-wrapper\" class=\"relative\">\n<div id=\"post-area\" class=\"left relative\">\n<h1 class=\"story-title entry-title\">ABR\/ Clausura: Regatas tambi\u00e9n grit\u00f3 campe\u00f3n en U15 A<\/h1>\n<div id=\"right-content\" class=\"relative\">\n<div id=\"content-area\" class=\"left relative\">\n<div id=\"feat-img-reg\" class=\"relative\"><img decoding=\"async\" class=\" lazyloaded\" src=\"https:\/\/baskettotal.com.ar\/wp-content\/uploads\/2023\/12\/crr-campeon-u15a-1-1000x600.jpeg\" data-src=\"https:\/\/baskettotal.com.ar\/wp-content\/uploads\/2023\/12\/crr-campeon-u15a-1-1000x600.jpeg\" \/><\/div>\n<div id=\"left-content-mobi\">\n<div class=\"author-info-mob-wrap\"><span class=\"vcard author\"><span class=\"author-name left fn\"><a title=\"Entradas de prensa\" href=\"https:\/\/baskettotal.com.ar\/author\/prensa\/\" rel=\"author\">PRENSA<\/a><\/span><\/span><\/p>\n<div class=\"post-date-wrap left relative post-date-mob\"><span class=\"post-date\"><time class=\"post-date updated\" datetime=\"2023-12-24\">24 DICIEMBRE, 2023<\/time><\/span><\/div>\n<\/div>\n<\/div>\n<div id=\"tps_slideContainer_19138\" class=\"theiaPostSlider_slides\">\n<div>\n<p><strong>En la noche del viernes, \u00a0se disput\u00f3\u00a0la segunda final de la\u00a0Copa Resistencia \u2013 Clausura, en la categor\u00eda U15A, donde Regatas se qued\u00f3 con la victoria ante Hind\u00fa por 69 a 65.<\/strong><\/p>\n<p>&nbsp;<\/p>\n<p>S\u00cdNTESIS:<\/p>\n<p>REGATAS (69): Perotti F. 7, G\u00f3mez N\u00fa\u00f1ez Freschi M. 1, Balle Maidana E. 2, Llano E. 6, Ferreira J. 3, C\u00e1ndido T. 5, Drocezesky I. 17, Lezcano Fern\u00e1ndez J. 1, Montenegro Roldan T. 12, Colussi W. 15, Botta L. y Nadelman I. Dt: Carrasco J.<\/p>\n<p>Tambi\u00e9n formaron parte del plantel campe\u00f3n: Valentino L\u00f3pez Gaudini, Maximiliano Rojas y Emanuel Ag\u00fcero.<\/p>\n<figure class=\"wp-block-image size-large\"><a href=\"https:\/\/baskettotal.com.ar\/wp-content\/uploads\/2023\/12\/crr-campeon-u15a-2.jpeg\"><img loading=\"lazy\" decoding=\"async\" class=\"lazy wp-image-19139 lazy-loaded\" src=\"https:\/\/baskettotal.com.ar\/wp-content\/uploads\/2023\/12\/crr-campeon-u15a-2-1024x682.jpeg\" sizes=\"auto, (max-width: 1024px) 100vw, 1024px\" srcset=\"https:\/\/baskettotal.com.ar\/wp-content\/uploads\/2023\/12\/crr-campeon-u15a-2-1024x682.jpeg 1024w, https:\/\/baskettotal.com.ar\/wp-content\/uploads\/2023\/12\/crr-campeon-u15a-2-300x200.jpeg 300w, https:\/\/baskettotal.com.ar\/wp-content\/uploads\/2023\/12\/crr-campeon-u15a-2-768x512.jpeg 768w, https:\/\/baskettotal.com.ar\/wp-content\/uploads\/2023\/12\/crr-campeon-u15a-2.jpeg 1040w\" alt=\"\" width=\"1024\" height=\"682\" data-lazy-type=\"image\" data-lazy-src=\"https:\/\/baskettotal.com.ar\/wp-content\/uploads\/2023\/12\/crr-campeon-u15a-2-1024x682.jpeg\" data-lazy-srcset=\"https:\/\/baskettotal.com.ar\/wp-content\/uploads\/2023\/12\/crr-campeon-u15a-2-1024x682.jpeg 1024w, https:\/\/baskettotal.com.ar\/wp-content\/uploads\/2023\/12\/crr-campeon-u15a-2-300x200.jpeg 300w, https:\/\/baskettotal.com.ar\/wp-content\/uploads\/2023\/12\/crr-campeon-u15a-2-768x512.jpeg 768w, https:\/\/baskettotal.com.ar\/wp-content\/uploads\/2023\/12\/crr-campeon-u15a-2.jpeg 1040w\" data-lazy-sizes=\"(max-width: 1024px) 100vw, 1024px\" \/><\/a><\/figure>\n<p>HIND\u00da (65): Ledezma F. 13, Branco B. 3, Brocal G. 15, Ortiz Ferreira T. 6, Zitterkopf D. 11, Medina Guadalupe U. 2, Gimenez W. 2, Nikisch I. 4, Valenzuela F. 6, Barbona M. 3, Vicente B. y Cristaldo Leiva E. Dt: Greatti M.<\/p>\n<p>Tambi\u00e9n formaron parte del plantel subcampe\u00f3n:\u00a0Facundo Meza, Mat\u00edas\u00a0Sabadini Vitorello y N\u00e9stor\u00a0Ar\u00e9valo.<\/p>\n<figure class=\"wp-block-image size-large\"><a href=\"https:\/\/baskettotal.com.ar\/wp-content\/uploads\/2023\/12\/hc-subcampeon-u15a.jpeg\"><img loading=\"lazy\" decoding=\"async\" class=\"lazy wp-image-19140 lazy-loaded\" src=\"https:\/\/baskettotal.com.ar\/wp-content\/uploads\/2023\/12\/hc-subcampeon-u15a-1024x682.jpeg\" sizes=\"auto, (max-width: 1024px) 100vw, 1024px\" srcset=\"https:\/\/baskettotal.com.ar\/wp-content\/uploads\/2023\/12\/hc-subcampeon-u15a-1024x682.jpeg 1024w, https:\/\/baskettotal.com.ar\/wp-content\/uploads\/2023\/12\/hc-subcampeon-u15a-300x200.jpeg 300w, https:\/\/baskettotal.com.ar\/wp-content\/uploads\/2023\/12\/hc-subcampeon-u15a-768x512.jpeg 768w, https:\/\/baskettotal.com.ar\/wp-content\/uploads\/2023\/12\/hc-subcampeon-u15a.jpeg 1040w\" alt=\"\" width=\"1024\" height=\"682\" data-lazy-type=\"image\" data-lazy-src=\"https:\/\/baskettotal.com.ar\/wp-content\/uploads\/2023\/12\/hc-subcampeon-u15a-1024x682.jpeg\" data-lazy-srcset=\"https:\/\/baskettotal.com.ar\/wp-content\/uploads\/2023\/12\/hc-subcampeon-u15a-1024x682.jpeg 1024w, https:\/\/baskettotal.com.ar\/wp-content\/uploads\/2023\/12\/hc-subcampeon-u15a-300x200.jpeg 300w, https:\/\/baskettotal.com.ar\/wp-content\/uploads\/2023\/12\/hc-subcampeon-u15a-768x512.jpeg 768w, https:\/\/baskettotal.com.ar\/wp-content\/uploads\/2023\/12\/hc-subcampeon-u15a.jpeg 1040w\" data-lazy-sizes=\"(max-width: 1024px) 100vw, 1024px\" \/><\/a><\/figure>\n<p>&nbsp;<\/p>\n<p>\u00c1rbitros:\u00a0Sebasti\u00e1n Quiroga, Marcelo Gamboa y Lucas Sotelo.<\/p>\n<p>&nbsp;<\/p>\n<p>Cancha:\u00a0Regatas Resistencia.<\/p>\n<p>&nbsp;<\/p>\n<p>El juego 1 de la serie se jug\u00f3 la cancha del \u00abB\u00f3lido Verde\u00bb y fue victoria para el Regatas por 75 a 60, finalmente anoche el equipo de Juan Cruz Carrasco cerro la serie y se coron\u00f3 campe\u00f3n, en tanto que Hind\u00fa fue subcampe\u00f3n.<\/p>\n<p>&nbsp;<\/p>\n<p>El presidente\u00a0de la ABR, Rodrigo Ocampo entreg\u00f3 los trofeos correspondientes\u00a0al equipo campe\u00f3n de\u00a0y a los subcampeones.<\/p>\n<figure class=\"wp-block-image size-large\"><a href=\"https:\/\/baskettotal.com.ar\/wp-content\/uploads\/2023\/12\/crr-campeon-u15a.jpeg\"><img loading=\"lazy\" decoding=\"async\" class=\"lazy wp-image-19141 lazy-loaded\" src=\"https:\/\/baskettotal.com.ar\/wp-content\/uploads\/2023\/12\/crr-campeon-u15a-1024x682.jpeg\" sizes=\"auto, (max-width: 1024px) 100vw, 1024px\" srcset=\"https:\/\/baskettotal.com.ar\/wp-content\/uploads\/2023\/12\/crr-campeon-u15a-1024x682.jpeg 1024w, https:\/\/baskettotal.com.ar\/wp-content\/uploads\/2023\/12\/crr-campeon-u15a-300x200.jpeg 300w, https:\/\/baskettotal.com.ar\/wp-content\/uploads\/2023\/12\/crr-campeon-u15a-768x512.jpeg 768w, https:\/\/baskettotal.com.ar\/wp-content\/uploads\/2023\/12\/crr-campeon-u15a.jpeg 1040w\" alt=\"\" width=\"1024\" height=\"682\" data-lazy-type=\"image\" data-lazy-src=\"https:\/\/baskettotal.com.ar\/wp-content\/uploads\/2023\/12\/crr-campeon-u15a-1024x682.jpeg\" data-lazy-srcset=\"https:\/\/baskettotal.com.ar\/wp-content\/uploads\/2023\/12\/crr-campeon-u15a-1024x682.jpeg 1024w, https:\/\/baskettotal.com.ar\/wp-content\/uploads\/2023\/12\/crr-campeon-u15a-300x200.jpeg 300w, https:\/\/baskettotal.com.ar\/wp-content\/uploads\/2023\/12\/crr-campeon-u15a-768x512.jpeg 768w, https:\/\/baskettotal.com.ar\/wp-content\/uploads\/2023\/12\/crr-campeon-u15a.jpeg 1040w\" data-lazy-sizes=\"(max-width: 1024px) 100vw, 1024px\" \/><\/a><\/figure>\n<figure class=\"wp-block-image size-large\"><a href=\"https:\/\/baskettotal.com.ar\/wp-content\/uploads\/2023\/12\/hc-subcampeon-u15a-2.jpeg\"><img loading=\"lazy\" decoding=\"async\" class=\"lazy wp-image-19142 lazy-loaded\" src=\"https:\/\/baskettotal.com.ar\/wp-content\/uploads\/2023\/12\/hc-subcampeon-u15a-2-1024x682.jpeg\" sizes=\"auto, (max-width: 1024px) 100vw, 1024px\" srcset=\"https:\/\/baskettotal.com.ar\/wp-content\/uploads\/2023\/12\/hc-subcampeon-u15a-2-1024x682.jpeg 1024w, https:\/\/baskettotal.com.ar\/wp-content\/uploads\/2023\/12\/hc-subcampeon-u15a-2-300x200.jpeg 300w, https:\/\/baskettotal.com.ar\/wp-content\/uploads\/2023\/12\/hc-subcampeon-u15a-2-768x512.jpeg 768w, https:\/\/baskettotal.com.ar\/wp-content\/uploads\/2023\/12\/hc-subcampeon-u15a-2.jpeg 1040w\" alt=\"\" width=\"1024\" height=\"682\" data-lazy-type=\"image\" data-lazy-src=\"https:\/\/baskettotal.com.ar\/wp-content\/uploads\/2023\/12\/hc-subcampeon-u15a-2-1024x682.jpeg\" data-lazy-srcset=\"https:\/\/baskettotal.com.ar\/wp-content\/uploads\/2023\/12\/hc-subcampeon-u15a-2-1024x682.jpeg 1024w, https:\/\/baskettotal.com.ar\/wp-content\/uploads\/2023\/12\/hc-subcampeon-u15a-2-300x200.jpeg 300w, https:\/\/baskettotal.com.ar\/wp-content\/uploads\/2023\/12\/hc-subcampeon-u15a-2-768x512.jpeg 768w, https:\/\/baskettotal.com.ar\/wp-content\/uploads\/2023\/12\/hc-subcampeon-u15a-2.jpeg 1040w\" data-lazy-sizes=\"(max-width: 1024px) 100vw, 1024px\" \/><\/a><\/figure>\n<\/div>\n<\/div>\n<div class=\"theiaPostSlider_footer _footer\"><\/div>\n<p>&nbsp;<\/p>\n<\/div>\n<\/div>\n<\/div>\n<\/div>\n<\/article>\n<div id=\"post-latest-header\" class=\"left relative\">\n<h4 class=\"post-latest left relative\"><\/h4>\n<\/div>\n<div id=\"post-latest-wrap\" class=\"left relative infinite-content\">\n<div class=\"story-contain left relative infinite-post\">\n<div class=\"story-contain-img left\"><img loading=\"lazy\" decoding=\"async\" class=\"lazy attachment-medium-thumb size-medium-thumb wp-post-image lazy-loaded\" src=\"https:\/\/baskettotal.com.ar\/wp-content\/uploads\/2023\/12\/412893122_671809651783042_905672310740410589_n-400x240.jpg\" alt=\"\" width=\"400\" height=\"240\" data-lazy-type=\"image\" data-lazy-src=\"https:\/\/baskettotal.com.ar\/wp-content\/uploads\/2023\/12\/412893122_671809651783042_905672310740410589_n-400x240.jpg\" \/><\/div>\n<div class=\"story-contain-text\">\n<h2>ABR\/ Clausura: Hind\u00fa se coron\u00f3 campe\u00f3n en U15B<\/h2>\n<\/div>\n<div class=\"read-share-overlay\">\n<div class=\"read-more-box-wrapper\"><\/div>\n<div class=\"share-box-wrapper\">\n<div class=\"read-more-fb\"><\/div>\n<div class=\"read-more-twit\"><\/div>\n<div class=\"read-more-comment\"><\/div>\n<\/div>\n<\/div>\n<\/div>\n<div class=\"story-contain left relative infinite-post\">\n<div class=\"story-contain-img left\"><img loading=\"lazy\" decoding=\"async\" class=\"lazy attachment-medium-thumb size-medium-thumb wp-post-image lazy-loaded\" src=\"https:\/\/baskettotal.com.ar\/wp-content\/uploads\/2023\/12\/CRR-campeon-U21-1-1024x683-1-400x240.jpeg\" sizes=\"auto, (max-width: 400px) 100vw, 400px\" srcset=\"https:\/\/baskettotal.com.ar\/wp-content\/uploads\/2023\/12\/CRR-campeon-U21-1-1024x683-1-400x240.jpeg 400w, https:\/\/baskettotal.com.ar\/wp-content\/uploads\/2023\/12\/CRR-campeon-U21-1-1024x683-1-1000x600.jpeg 1000w\" alt=\"\" width=\"400\" height=\"240\" data-lazy-type=\"image\" data-lazy-src=\"https:\/\/baskettotal.com.ar\/wp-content\/uploads\/2023\/12\/CRR-campeon-U21-1-1024x683-1-400x240.jpeg\" data-lazy-srcset=\"https:\/\/baskettotal.com.ar\/wp-content\/uploads\/2023\/12\/CRR-campeon-U21-1-1024x683-1-400x240.jpeg 400w, https:\/\/baskettotal.com.ar\/wp-content\/uploads\/2023\/12\/CRR-campeon-U21-1-1024x683-1-1000x600.jpeg 1000w\" data-lazy-sizes=\"(max-width: 400px) 100vw, 400px\" \/><\/div>\n<div class=\"story-contain-text\"><\/div>\n<div class=\"read-share-overlay\">\n<div class=\"share-box-wrapper\">\n<div class=\"read-more-fb\"><\/div>\n<div class=\"read-more-twit\"><\/div>\n<div class=\"read-more-comment\"><\/div>\n<\/div>\n<\/div>\n<\/div>\n<div class=\"story-contain left relative infinite-post\">\n<div class=\"read-share-overlay\">\n<div class=\"read-more-fb\"><\/div>\n<div class=\"share-box-wrapper\">\n<div class=\"read-more-twit\"><\/div>\n<div class=\"read-more-comment\"><\/div>\n<\/div>\n<\/div>\n<\/div>\n<div class=\"story-contain left relative infinite-post\">\n<div class=\"story-contain-img left\"><img loading=\"lazy\" decoding=\"async\" class=\"lazy lazy-hidden attachment-medium-thumb size-medium-thumb wp-post-image\" src=\"data:image\/gif;base64,R0lGODlhAQABAIAAAAAAAP\/\/\/yH5BAEAAAAALAAAAAABAAEAAAIBRAA7\" alt=\"\" width=\"400\" height=\"240\" data-lazy-type=\"image\" data-lazy-src=\"https:\/\/baskettotal.com.ar\/wp-content\/uploads\/2023\/12\/totto-2-400x240.jpg\" \/><\/p>\n<article class=\"post-19129 post type-post status-publish format-standard has-post-thumbnail hentry category-locales tag-portada\">\n<div id=\"post-content-wrapper\" class=\"relative\">\n<div id=\"post-area\" class=\"left relative\">\n<h1 class=\"story-title entry-title\">ABR\/ Clausura: Regatas se coron\u00f3 campe\u00f3n U17A<\/h1>\n<div id=\"right-content\" class=\"relative\">\n<div id=\"content-area\" class=\"left relative\">\n<div id=\"feat-img-reg\" class=\"relative\"><img decoding=\"async\" class=\" ls-is-cached lazyloaded\" src=\"https:\/\/baskettotal.com.ar\/wp-content\/uploads\/2023\/12\/CRR-Campeon-U17-1-1000x600.jpeg\" data-src=\"https:\/\/baskettotal.com.ar\/wp-content\/uploads\/2023\/12\/CRR-Campeon-U17-1-1000x600.jpeg\" \/><\/div>\n<div id=\"left-content-mobi\">\n<div class=\"author-info-mob-wrap\"><span class=\"vcard author\"><span class=\"author-name left fn\"><a title=\"Entradas de prensa\" href=\"https:\/\/baskettotal.com.ar\/author\/prensa\/\" rel=\"author\">PRENSA<\/a><\/span><\/span><\/p>\n<div class=\"post-date-wrap left relative post-date-mob\"><span class=\"post-date\"><time class=\"post-date updated\" datetime=\"2023-12-24\">24 DICIEMBRE, 2023<\/time><\/span><\/div>\n<\/div>\n<\/div>\n<div id=\"tps_slideContainer_19129\" class=\"theiaPostSlider_slides\">\n<div>\n<p><strong>El pasado martes se disputo\u00a0la segunda final de la\u00a0Copa Resistencia \u2013 Clausura, en la categor\u00eda U17A, Regatas se quedo con la victoria ante\u00a0Villa San Martin por 64 a 62.<\/strong><\/p>\n<p>&nbsp;<\/p>\n<p><strong>S\u00cdNTESIS<\/strong><\/p>\n<p>REGATAS (64): Di Toto M. 20, Larroquette J. 18, Sosa T. 4, Checura S. 7, Vera F. 1, Ferreyra B. 8, Andreatta Brihuega L. 2, Oviedo L. 4, Graciosi F., Abtte Gaona S., Lezcano Fern\u00e1ndez J. y Sosa J.<\/p>\n<p>ENTRENADOR: Juan Cruz Carrasco.<\/p>\n<figure class=\"wp-block-image size-large\"><a href=\"https:\/\/baskettotal.com.ar\/wp-content\/uploads\/2023\/12\/CRR-Campeon-U17-2.jpeg\"><img loading=\"lazy\" decoding=\"async\" class=\"lazy wp-image-19134 lazy-loaded\" src=\"https:\/\/baskettotal.com.ar\/wp-content\/uploads\/2023\/12\/CRR-Campeon-U17-2-1024x682.jpeg\" sizes=\"auto, (max-width: 1024px) 100vw, 1024px\" srcset=\"https:\/\/baskettotal.com.ar\/wp-content\/uploads\/2023\/12\/CRR-Campeon-U17-2-1024x682.jpeg 1024w, https:\/\/baskettotal.com.ar\/wp-content\/uploads\/2023\/12\/CRR-Campeon-U17-2-300x200.jpeg 300w, https:\/\/baskettotal.com.ar\/wp-content\/uploads\/2023\/12\/CRR-Campeon-U17-2-768x512.jpeg 768w, https:\/\/baskettotal.com.ar\/wp-content\/uploads\/2023\/12\/CRR-Campeon-U17-2.jpeg 1040w\" alt=\"\" width=\"1024\" height=\"682\" data-lazy-type=\"image\" data-lazy-src=\"https:\/\/baskettotal.com.ar\/wp-content\/uploads\/2023\/12\/CRR-Campeon-U17-2-1024x682.jpeg\" data-lazy-srcset=\"https:\/\/baskettotal.com.ar\/wp-content\/uploads\/2023\/12\/CRR-Campeon-U17-2-1024x682.jpeg 1024w, https:\/\/baskettotal.com.ar\/wp-content\/uploads\/2023\/12\/CRR-Campeon-U17-2-300x200.jpeg 300w, https:\/\/baskettotal.com.ar\/wp-content\/uploads\/2023\/12\/CRR-Campeon-U17-2-768x512.jpeg 768w, https:\/\/baskettotal.com.ar\/wp-content\/uploads\/2023\/12\/CRR-Campeon-U17-2.jpeg 1040w\" data-lazy-sizes=\"(max-width: 1024px) 100vw, 1024px\" \/><\/a><\/figure>\n<p>Tambi\u00e9n formaron parte del plantel campe\u00f3n: Bruno Bakos, Emiliano Balle, Eliseo Llano, Uriel Colussi, Iv\u00e1n Drocezesky y Dylan Nadelman.<\/p>\n<p>&nbsp;<\/p>\n<p>VILLA SAN MART\u00cdN (62): G\u00f3mez Insaurralde F. 2, De Bortoli L. 5, P\u00e9rez J. 10, De Urrengochea M. 12, Cuesta Dom\u00ednguez T. 2, Valussi M. 8, L\u00f3pez Ormaechea G. 7, Schab L. 3, Ma\u00f1anes M. 1, Ruiz Diaz R. 6, S\u00e1nchez J. 6 y Acosta Campos F.<\/p>\n<p>ENTRENADOR: Hugo Camisasca.<\/p>\n<figure class=\"wp-block-image size-large\"><a href=\"https:\/\/baskettotal.com.ar\/wp-content\/uploads\/2023\/12\/VSM-subCampeon-U17-1-2.jpeg\"><img loading=\"lazy\" decoding=\"async\" class=\"lazy wp-image-19130 lazy-loaded\" src=\"https:\/\/baskettotal.com.ar\/wp-content\/uploads\/2023\/12\/VSM-subCampeon-U17-1-2-1024x682.jpeg\" sizes=\"auto, (max-width: 1024px) 100vw, 1024px\" srcset=\"https:\/\/baskettotal.com.ar\/wp-content\/uploads\/2023\/12\/VSM-subCampeon-U17-1-2-1024x682.jpeg 1024w, https:\/\/baskettotal.com.ar\/wp-content\/uploads\/2023\/12\/VSM-subCampeon-U17-1-2-300x200.jpeg 300w, https:\/\/baskettotal.com.ar\/wp-content\/uploads\/2023\/12\/VSM-subCampeon-U17-1-2-768x512.jpeg 768w, https:\/\/baskettotal.com.ar\/wp-content\/uploads\/2023\/12\/VSM-subCampeon-U17-1-2.jpeg 1040w\" alt=\"\" width=\"1024\" height=\"682\" data-lazy-type=\"image\" data-lazy-src=\"https:\/\/baskettotal.com.ar\/wp-content\/uploads\/2023\/12\/VSM-subCampeon-U17-1-2-1024x682.jpeg\" data-lazy-srcset=\"https:\/\/baskettotal.com.ar\/wp-content\/uploads\/2023\/12\/VSM-subCampeon-U17-1-2-1024x682.jpeg 1024w, https:\/\/baskettotal.com.ar\/wp-content\/uploads\/2023\/12\/VSM-subCampeon-U17-1-2-300x200.jpeg 300w, https:\/\/baskettotal.com.ar\/wp-content\/uploads\/2023\/12\/VSM-subCampeon-U17-1-2-768x512.jpeg 768w, https:\/\/baskettotal.com.ar\/wp-content\/uploads\/2023\/12\/VSM-subCampeon-U17-1-2.jpeg 1040w\" data-lazy-sizes=\"(max-width: 1024px) 100vw, 1024px\" \/><\/a><\/figure>\n<p>Tambi\u00e9n formaron parte del plantel subcampe\u00f3n: Santiago Malich.<\/p>\n<p>\u00c1rbitros:\u00a0Sebasti\u00e1n Quiroga, F\u00e1tima Fern\u00e1ndez y Lucas Sotelo.<\/p>\n<p>Cancha:\u00a0Regatas Resistencia.<\/p>\n<p>&nbsp;<\/p>\n<p>El juego 1 de la serie se jug\u00f3 la cancha del \u00abTricolor\u00bb y fue victoria para el Regatas por 73 a 45, finalmente anoche el equipo de Juan Cruz Carrasco cerro la serie y se coron\u00f3 campe\u00f3n, en tanto que Villa fue subcampe\u00f3n.<\/p>\n<p>&nbsp;<\/p>\n<p>Franco Ruesta\u00a0integrante del Colegio T\u00e9cnico de la ABR entreg\u00f3 los trofeos correspondientes\u00a0al equipo campe\u00f3n de\u00a0y a los subcampeones.<\/p>\n<figure class=\"wp-block-image size-large\"><a href=\"https:\/\/baskettotal.com.ar\/wp-content\/uploads\/2023\/12\/CRR-Campeon-U17A.jpeg\"><img loading=\"lazy\" decoding=\"async\" class=\"lazy wp-image-19131 lazy-loaded\" src=\"https:\/\/baskettotal.com.ar\/wp-content\/uploads\/2023\/12\/CRR-Campeon-U17A-1024x682.jpeg\" sizes=\"auto, (max-width: 1024px) 100vw, 1024px\" srcset=\"https:\/\/baskettotal.com.ar\/wp-content\/uploads\/2023\/12\/CRR-Campeon-U17A-1024x682.jpeg 1024w, https:\/\/baskettotal.com.ar\/wp-content\/uploads\/2023\/12\/CRR-Campeon-U17A-300x200.jpeg 300w, https:\/\/baskettotal.com.ar\/wp-content\/uploads\/2023\/12\/CRR-Campeon-U17A-768x512.jpeg 768w, https:\/\/baskettotal.com.ar\/wp-content\/uploads\/2023\/12\/CRR-Campeon-U17A.jpeg 1040w\" alt=\"\" width=\"1024\" height=\"682\" data-lazy-type=\"image\" data-lazy-src=\"https:\/\/baskettotal.com.ar\/wp-content\/uploads\/2023\/12\/CRR-Campeon-U17A-1024x682.jpeg\" data-lazy-srcset=\"https:\/\/baskettotal.com.ar\/wp-content\/uploads\/2023\/12\/CRR-Campeon-U17A-1024x682.jpeg 1024w, https:\/\/baskettotal.com.ar\/wp-content\/uploads\/2023\/12\/CRR-Campeon-U17A-300x200.jpeg 300w, https:\/\/baskettotal.com.ar\/wp-content\/uploads\/2023\/12\/CRR-Campeon-U17A-768x512.jpeg 768w, https:\/\/baskettotal.com.ar\/wp-content\/uploads\/2023\/12\/CRR-Campeon-U17A.jpeg 1040w\" data-lazy-sizes=\"(max-width: 1024px) 100vw, 1024px\" \/><\/a><\/figure>\n<figure class=\"wp-block-image size-large\"><a href=\"https:\/\/baskettotal.com.ar\/wp-content\/uploads\/2023\/12\/VSM-subCampeon-U17-2.jpeg\"><img loading=\"lazy\" decoding=\"async\" class=\"lazy wp-image-19132 lazy-loaded\" src=\"https:\/\/baskettotal.com.ar\/wp-content\/uploads\/2023\/12\/VSM-subCampeon-U17-2-1024x682.jpeg\" sizes=\"auto, (max-width: 1024px) 100vw, 1024px\" srcset=\"https:\/\/baskettotal.com.ar\/wp-content\/uploads\/2023\/12\/VSM-subCampeon-U17-2-1024x682.jpeg 1024w, https:\/\/baskettotal.com.ar\/wp-content\/uploads\/2023\/12\/VSM-subCampeon-U17-2-300x200.jpeg 300w, https:\/\/baskettotal.com.ar\/wp-content\/uploads\/2023\/12\/VSM-subCampeon-U17-2-768x512.jpeg 768w, https:\/\/baskettotal.com.ar\/wp-content\/uploads\/2023\/12\/VSM-subCampeon-U17-2.jpeg 1040w\" alt=\"\" width=\"1024\" height=\"682\" data-lazy-type=\"image\" data-lazy-src=\"https:\/\/baskettotal.com.ar\/wp-content\/uploads\/2023\/12\/VSM-subCampeon-U17-2-1024x682.jpeg\" data-lazy-srcset=\"https:\/\/baskettotal.com.ar\/wp-content\/uploads\/2023\/12\/VSM-subCampeon-U17-2-1024x682.jpeg 1024w, https:\/\/baskettotal.com.ar\/wp-content\/uploads\/2023\/12\/VSM-subCampeon-U17-2-300x200.jpeg 300w, https:\/\/baskettotal.com.ar\/wp-content\/uploads\/2023\/12\/VSM-subCampeon-U17-2-768x512.jpeg 768w, https:\/\/baskettotal.com.ar\/wp-content\/uploads\/2023\/12\/VSM-subCampeon-U17-2.jpeg 1040w\" data-lazy-sizes=\"(max-width: 1024px) 100vw, 1024px\" \/><\/a><\/figure>\n<\/div>\n<\/div>\n<div class=\"theiaPostSlider_footer _footer\"><\/div>\n<p>&nbsp;<\/p>\n<div class=\"post-tags post-tags-mobi\"><span class=\"post-tags-header\">RELATED ITEMS<\/span><a href=\"https:\/\/baskettotal.com.ar\/tag\/portada\/\" rel=\"tag\">PORTADA<\/a><\/div>\n<\/div>\n<\/div>\n<\/div>\n<\/div>\n<\/article>\n<div id=\"post-latest-header\" class=\"left relative\">\n<h4 class=\"post-latest left relative\">MORE IN LOCALES<\/h4>\n<\/div>\n<div id=\"post-latest-wrap\" class=\"left relative infinite-content\">\n<div class=\"story-contain left relative infinite-post\">\n<div class=\"story-contain-img left\"><img loading=\"lazy\" decoding=\"async\" class=\"lazy lazy-hidden attachment-medium-thumb size-medium-thumb wp-post-image\" src=\"data:image\/gif;base64,R0lGODlhAQABAIAAAAAAAP\/\/\/yH5BAEAAAAALAAAAAABAAEAAAIBRAA7\" alt=\"\" width=\"400\" height=\"240\" data-lazy-type=\"image\" data-lazy-src=\"https:\/\/baskettotal.com.ar\/wp-content\/uploads\/2023\/12\/412893122_671809651783042_905672310740410589_n-400x240.jpg\" \/><\/div>\n<div class=\"story-contain-text\">\n<h2>ABR\/ Clausura: Hind\u00fa se coron\u00f3 campe\u00f3n en U15B<\/h2>\n<div class=\"text-info-contain left relative\"><span class=\"home-text-author left\">prensa<\/span><span class=\"home-text-date left\">24 DICIEMBRE, 2023<\/span><\/div>\n<\/div>\n<div class=\"read-share-overlay\">\n<div class=\"read-more-box-wrapper\"><a href=\"https:\/\/baskettotal.com.ar\/abr-clausura-hindu-se-corono-campeon-en-u15b\/\" rel=\"bookmark\"><span class=\"read-more-box\">READ MORE<\/span><\/a><\/div>\n<div class=\"share-box-wrapper\">\n<div class=\"read-more-fb\"><\/div>\n<div class=\"read-more-twit\"><\/div>\n<div class=\"read-more-comment\"><\/div>\n<\/div>\n<\/div>\n<\/div>\n<div class=\"story-contain left relative infinite-post\">\n<div class=\"story-contain-img left\"><img loading=\"lazy\" decoding=\"async\" class=\"lazy lazy-hidden attachment-medium-thumb size-medium-thumb wp-post-image\" src=\"data:image\/gif;base64,R0lGODlhAQABAIAAAAAAAP\/\/\/yH5BAEAAAAALAAAAAABAAEAAAIBRAA7\" alt=\"\" width=\"400\" height=\"240\" data-lazy-type=\"image\" data-lazy-src=\"https:\/\/baskettotal.com.ar\/wp-content\/uploads\/2023\/12\/CRR-campeon-U21-1-1024x683-1-400x240.jpeg\" data-lazy-srcset=\"https:\/\/baskettotal.com.ar\/wp-content\/uploads\/2023\/12\/CRR-campeon-U21-1-1024x683-1-400x240.jpeg 400w, https:\/\/baskettotal.com.ar\/wp-content\/uploads\/2023\/12\/CRR-campeon-U21-1-1024x683-1-1000x600.jpeg 1000w\" data-lazy-sizes=\"(max-width: 400px) 100vw, 400px\" \/><\/div>\n<div class=\"story-contain-text\">\n<h2>ABR\/ Clausura: Regatas fue campe\u00f3n en U21<\/h2>\n<div class=\"text-info-contain left relative\"><span class=\"home-text-author left\">prensa<\/span><span class=\"home-text-date left\">24 DICIEMBRE, 2023<\/span><\/div>\n<\/div>\n<div class=\"read-share-overlay\">\n<div class=\"read-more-box-wrapper\"><a href=\"https:\/\/baskettotal.com.ar\/abr-clausura-regatas-fue-campeon-en-u21\/\" rel=\"bookmark\"><span class=\"read-more-box\">READ MORE<\/span><\/a><\/div>\n<div class=\"share-box-wrapper\">\n<div class=\"read-more-fb\"><\/div>\n<div class=\"read-more-twit\"><\/div>\n<div class=\"read-more-comment\"><\/div>\n<\/div>\n<\/div>\n<\/div>\n<div class=\"story-contain left relative infinite-post\">\n<div class=\"story-contain-img left\"><img loading=\"lazy\" decoding=\"async\" class=\"lazy lazy-hidden attachment-medium-thumb size-medium-thumb wp-post-image\" src=\"data:image\/gif;base64,R0lGODlhAQABAIAAAAAAAP\/\/\/yH5BAEAAAAALAAAAAABAAEAAAIBRAA7\" alt=\"\" width=\"400\" height=\"240\" data-lazy-type=\"image\" data-lazy-src=\"https:\/\/baskettotal.com.ar\/wp-content\/uploads\/2023\/12\/crr-campeon-u15a-1-400x240.jpeg\" data-lazy-srcset=\"https:\/\/baskettotal.com.ar\/wp-content\/uploads\/2023\/12\/crr-campeon-u15a-1-400x240.jpeg 400w, https:\/\/baskettotal.com.ar\/wp-content\/uploads\/2023\/12\/crr-campeon-u15a-1-1000x600.jpeg 1000w\" data-lazy-sizes=\"(max-width: 400px) 100vw, 400px\" \/><\/div>\n<div class=\"story-contain-text\">\n<h2>ABR\/ Clausura: Regatas tambi\u00e9n grit\u00f3 campe\u00f3n en U15 A<\/h2>\n<div class=\"text-info-contain left relative\"><span class=\"home-text-author left\">prensa<\/span><span class=\"home-text-date left\">24 DICIEMBRE, 2023<\/span><\/div>\n<\/div>\n<div class=\"read-share-overlay\">\n<div class=\"read-more-box-wrapper\"><a href=\"https:\/\/baskettotal.com.ar\/abr-clausura-regatas-tambien-grito-campeon-en-u15-a\/\" rel=\"bookmark\"><span class=\"read-more-box\">READ MORE<\/span><\/a><\/div>\n<div class=\"share-box-wrapper\">\n<div class=\"read-more-fb\"><\/div>\n<div class=\"read-more-twit\"><\/div>\n<div class=\"read-more-comment\"><\/div>\n<\/div>\n<\/div>\n<\/div>\n<div class=\"story-contain left relative infinite-post\">\n<div class=\"story-contain-img left\"><img loading=\"lazy\" decoding=\"async\" class=\"lazy lazy-hidden attachment-medium-thumb size-medium-thumb wp-post-image\" src=\"data:image\/gif;base64,R0lGODlhAQABAIAAAAAAAP\/\/\/yH5BAEAAAAALAAAAAABAAEAAAIBRAA7\" alt=\"\" width=\"400\" height=\"240\" data-lazy-type=\"image\" data-lazy-src=\"https:\/\/baskettotal.com.ar\/wp-content\/uploads\/2023\/12\/totto-2-400x240.jpg\" \/><\/div>\n<div class=\"story-contain-text\">\n<h2>Don Bosco tuvo su fiesta de cierre en familia, con premios y reconocimientos en un 2023 que quedar\u00e1 en la memoria<\/h2>\n<div class=\"text-info-contain left relative\"><span class=\"home-text-author left\">prensa<\/span><span class=\"home-text-date left\">22 DICIEMBRE, 2023<\/span><\/div>\n<\/div>\n<div class=\"read-share-overlay\">\n<div class=\"read-more-box-wrapper\"><a href=\"https:\/\/baskettotal.com.ar\/don-bosco-tuvo-su-fiesta-de-cierre-en-familia-con-premios-y-reconocimientos-de-un-2023-que-quedara-en-la-memoria-de-todos\/\" rel=\"bookmark\"><span class=\"read-more-box\">READ MORE<\/span><\/a><\/div>\n<div class=\"share-box-wrapper\">\n<div class=\"read-more-fb\"><\/div>\n<div class=\"read-more-twit\"><\/div>\n<div class=\"read-more-comment\"><\/div>\n<\/div>\n<\/div>\n<\/div>\n<\/div>\n<div id=\"sidebar-contain\">\n<div id=\"sidebar-main-wrap\" class=\"left relative\">\n<div id=\"sidebar-widget-wrap\" class=\"left relative\"><img loading=\"lazy\" decoding=\"async\" class=\"alignnone size-medium wp-image-4033\" src=\"https:\/\/www.sportchaco.com.ar\/wp-content\/uploads\/2023\/12\/abr-logo-1-300x215.jpg\" alt=\"\" width=\"300\" height=\"215\" srcset=\"https:\/\/www.sportchaco.com.ar\/wp-content\/uploads\/2023\/12\/abr-logo-1-300x215.jpg 300w, https:\/\/www.sportchaco.com.ar\/wp-content\/uploads\/2023\/12\/abr-logo-1.jpg 600w\" sizes=\"auto, (max-width: 300px) 100vw, 300px\" \/><\/div>\n<\/div>\n<\/div>\n<\/div>\n<div class=\"story-contain-text\"><\/div>\n<div class=\"read-share-overlay\">\n<div class=\"share-box-wrapper\">\n<div class=\"read-more-fb\"><\/div>\n<div class=\"read-more-twit\"><\/div>\n<div class=\"read-more-comment\"><\/div>\n<\/div>\n<\/div>\n<\/div>\n<\/div>\n<div id=\"sidebar-contain\" class=\"side-fixed\">\n<div id=\"sidebar-main-wrap\" class=\"left relative\">\n<div id=\"sidebar-widget-wrap\" class=\"left relative\"><\/div>\n<\/div>\n<\/div>\n<\/div>\n<\/div>\n<\/div>\n","protected":false},"excerpt":{"rendered":"<p>LOCALES ABR\/ Clausura: Regatas fue campe\u00f3n en U21 El pasado jueves\u00a0se disputo\u00a0la segunda final de la\u00a0Copa Resistencia \u2013 Clausura, en la categor\u00eda U21\u00a0Regatas se quedo con la victoria ante Villa San Mart\u00edn por\u00a083 a 55. &nbsp; REGATAS (83): Andreatta Brihuega F. 14, G\u00f3mez R. 11, Garc\u00eda G. 6, Guti\u00e9rrez C. 3, Djurdjevic F. 3, Colman &hellip;<\/p>\n","protected":false},"author":2,"featured_media":4033,"comment_status":"open","ping_status":"open","sticky":false,"template":"","format":"standard","meta":{"footnotes":""},"categories":[3],"tags":[],"class_list":["post-4031","post","type-post","status-publish","format-standard","has-post-thumbnail","hentry","category-basquetbol"],"_links":{"self":[{"href":"https:\/\/www.sportchaco.com.ar\/index.php?rest_route=\/wp\/v2\/posts\/4031","targetHints":{"allow":["GET"]}}],"collection":[{"href":"https:\/\/www.sportchaco.com.ar\/index.php?rest_route=\/wp\/v2\/posts"}],"about":[{"href":"https:\/\/www.sportchaco.com.ar\/index.php?rest_route=\/wp\/v2\/types\/post"}],"author":[{"embeddable":true,"href":"https:\/\/www.sportchaco.com.ar\/index.php?rest_route=\/wp\/v2\/users\/2"}],"replies":[{"embeddable":true,"href":"https:\/\/www.sportchaco.com.ar\/index.php?rest_route=%2Fwp%2Fv2%2Fcomments&post=4031"}],"version-history":[{"count":1,"href":"https:\/\/www.sportchaco.com.ar\/index.php?rest_route=\/wp\/v2\/posts\/4031\/revisions"}],"predecessor-version":[{"id":4034,"href":"https:\/\/www.sportchaco.com.ar\/index.php?rest_route=\/wp\/v2\/posts\/4031\/revisions\/4034"}],"wp:featuredmedia":[{"embeddable":true,"href":"https:\/\/www.sportchaco.com.ar\/index.php?rest_route=\/wp\/v2\/media\/4033"}],"wp:attachment":[{"href":"https:\/\/www.sportchaco.com.ar\/index.php?rest_route=%2Fwp%2Fv2%2Fmedia&parent=4031"}],"wp:term":[{"taxonomy":"category","embeddable":true,"href":"https:\/\/www.sportchaco.com.ar\/index.php?rest_route=%2Fwp%2Fv2%2Fcategories&post=4031"},{"taxonomy":"post_tag","embeddable":true,"href":"https:\/\/www.sportchaco.com.ar\/index.php?rest_route=%2Fwp%2Fv2%2Ftags&post=4031"}],"curies":[{"name":"wp","href":"https:\/\/api.w.org\/{rel}","templated":true}]}}