{"id":4042,"date":"2023-12-28T00:08:47","date_gmt":"2023-12-28T03:08:47","guid":{"rendered":"https:\/\/www.sportchaco.com.ar\/?p=4042"},"modified":"2023-12-27T10:16:07","modified_gmt":"2023-12-27T13:16:07","slug":"efemerides-del-28-de-diciembre","status":"publish","type":"post","link":"https:\/\/www.sportchaco.com.ar\/?p=4042","title":{"rendered":"Efem\u00e9rides del 28 de diciembre"},"content":{"rendered":"<p><strong>Esta es la Efem\u00e9rides del Deporte en el Chaco de un 28 diciembre del periodista Luis Dar\u00edo Molodezky<img loading=\"lazy\" decoding=\"async\" class=\"alignnone size-medium wp-image-4044\" src=\"https:\/\/www.sportchaco.com.ar\/wp-content\/uploads\/2023\/12\/Sergio-Gassamann-1-300x258.jpg\" alt=\"\" width=\"300\" height=\"258\" srcset=\"https:\/\/www.sportchaco.com.ar\/wp-content\/uploads\/2023\/12\/Sergio-Gassamann-1-300x258.jpg 300w, https:\/\/www.sportchaco.com.ar\/wp-content\/uploads\/2023\/12\/Sergio-Gassamann-1.jpg 555w\" sizes=\"auto, (max-width: 300px) 100vw, 300px\" \/><\/strong><\/p>\n<p><img loading=\"lazy\" decoding=\"async\" class=\"alignnone size-medium wp-image-3979\" src=\"https:\/\/www.sportchaco.com.ar\/wp-content\/uploads\/2023\/12\/Molodezky-luis-sin-anteojos-249x300.jpg\" sizes=\"auto, (max-width: 249px) 100vw, 249px\" srcset=\"https:\/\/www.sportchaco.com.ar\/wp-content\/uploads\/2023\/12\/Molodezky-luis-sin-anteojos-249x300.jpg 249w, https:\/\/www.sportchaco.com.ar\/wp-content\/uploads\/2023\/12\/Molodezky-luis-sin-anteojos.jpg 417w\" alt=\"\" width=\"249\" height=\"300\" \/><\/p>\n<p>&nbsp;<\/p>\n<p><strong>\u00a0<\/strong><\/p>\n<p><strong>1982 \/ Primera Fiesta del Deporte del C\u00edrculo de <\/strong><strong>Periodistas Deportivos del Chaco, se realiza en el sal\u00f3n de Cosecha <\/strong><strong>Seguros de avenida 9 de Julio 236 y fueron distinguidos: atletismo <\/strong><strong>Carlos Varas, automovilismo H\u00e9ctor Risso Patr\u00f3n, b\u00e1squetbol <\/strong><strong>Orlando Salinas, bochas Club Don Bosco, boxeo Alcides Puebla, <\/strong><strong>ciclismo Sergio Gassman, dirigente Francisco Ameri, f\u00fatbol Efra\u00edn <\/strong><strong>Chac\u00f3n, Golf Omar Aguilar, Nataci\u00f3n Clarisa Aguirre, pesas Jos\u00e9 <\/strong><strong>Centanaro, pesca Carlos Cuffia, tenis A. Khairallah, v\u00f3leibol Alberto <\/strong><strong>Gonz\u00e1lez. Fue homenajeado el relator Carlos Rodolfo Monti.<\/strong><\/p>\n<p><strong>\u00a0<\/strong><\/p>\n<p><strong>1984 \/ Capit\u00e1n Solari se consagra campe\u00f3n de la <\/strong><strong>Liga Palme\u00f1a de F\u00fatbol, al vencer a Sportivo Libertad en el \u00faltimo <\/strong><strong>partido por 3-0. El campe\u00f3n form\u00f3 con Miguel \u00c1lvarez; Atilio <\/strong><strong>Ben\u00edtez, V\u00edctor Villalba y Ram\u00f3n Troche, Antonio \u00c1lvarez, Roberto <\/strong><strong>Vera y Osvaldo Davles; Walter Escobar, francisco \u00c1lvarez y Dardo <\/strong><strong>Ram\u00edrez. DT: Artemio Gonz\u00e1lez.<\/strong><\/p>\n<p><strong>\u00a0<\/strong><\/p>\n<p><strong>1985 \/ Jorge G\u00f3mez Luna logra el t\u00edtulo de campe\u00f3n <\/strong><strong>nacional de karting, con una m\u00e1quina preparada por su padre <\/strong><strong>Leonardo.<\/strong><\/p>\n<p><strong>\u00a0<\/strong><\/p>\n<p><strong>1986 \/ Nace el programa La Voz del Deporte en la <\/strong><strong>nueva Radio Chaco. Edmundo Duncan Molina, Emilio Lagranja, <\/strong><strong>Arnaldo Federico Bejarano estuvieron entre sus fundadores. El <\/strong><strong>programa se prolong\u00f3 en el tiempo pasando por varias emisoras.<\/strong><\/p>\n<p><strong>\u00a0<\/strong><\/p>\n<p><strong>1999 \/ La Asociaci\u00f3n de F\u00fatbol de Veteranos de <\/strong><strong>Resistencia consagra a los campeones del a\u00f1o, entregando los respectivos premios: En la divisi\u00f3n A, campe\u00f3n Veteranos de Ratt\u00edn y <\/strong><strong>subcampe\u00f3n San Jos\u00e9. Divisi\u00f3n B, Sindicato de Trabajadores Municipales <\/strong><strong>y Colonia Ben\u00edtez. En la C, La Leonesa y Deportivo Reencuentro. En la D, Villa Ercilia y Caja Municipal. En Maxi Veteranos A, Hind\u00fa Club y Colonia Ben\u00edtez. En la B STM y Deportivo Espa\u00f1ol.<\/strong><\/p>\n<p><strong>\u00a0<\/strong><\/p>\n<p><strong>2005 \/ El futbolista Enzo Guti\u00e9rrez, es premiado <\/strong><strong>con la Charata de Oro al mejor deportista de 2005, en el marco de <\/strong><strong>la decimotercera edici\u00f3n de la Fiesta del Deporte.<\/strong><\/p>\n<p><strong>2006 \/ el periodista Edison Omar Rodr\u00edguez, presenta <\/strong><strong>su libro \u201cPinceladas Deportivas\u201d, en el recinto de sesiones <\/strong><strong>Deolindo Felipe Bittel de la C\u00e1mara de Diputados del Chaco. Con <\/strong><strong>una trayectoria de m\u00e1s de 40 a\u00f1os en el periodismo deportivo, <\/strong><strong>desarrollado en el diario El Territorio, Canal 9 y Radio Chaco, en <\/strong><strong>la vieja y nueva \u00e9poca, y colaboraciones en otros medios escritos\u00a0 <\/strong><strong>radiales, fue testigo de la alegr\u00eda y tristezas de los chaque\u00f1os.<\/strong><\/p>\n<p><strong>\u00a0<\/strong><\/p>\n<p><strong>\u00a0<\/strong><\/p>\n<p><strong>2021 \/ Finalizan los torneos oficiales de Hockey de la Federaci\u00f3n Chaque\u00f1a en sus diferentes zonas y categor\u00edas con sus respectivos campeones y campeonas. Se entregaron premios en las instalaciones del Microestadio Jaime Zapata. En primera caballeros 1) Posiciones finales caballeros: Estudiantes (Campe\u00f3n), 2) San Fernando, 3) Chaco Hockey. En primera Damas, 1) Curne, 2) Regatas Resistencia, 3) Cune<\/strong><\/p>\n<p>&nbsp;<\/p>\n<p>&nbsp;<\/p>\n<h3>Foto de Sergio Gassmann<\/h3>\n","protected":false},"excerpt":{"rendered":"<p>Esta es la Efem\u00e9rides del Deporte en el Chaco de un 28 diciembre del periodista Luis Dar\u00edo Molodezky &nbsp; \u00a0 1982 \/ Primera Fiesta del Deporte del C\u00edrculo de Periodistas Deportivos del Chaco, se realiza en el sal\u00f3n de Cosecha Seguros de avenida 9 de Julio 236 y fueron distinguidos: atletismo Carlos Varas, automovilismo H\u00e9ctor &hellip;<\/p>\n","protected":false},"author":2,"featured_media":4044,"comment_status":"open","ping_status":"open","sticky":false,"template":"","format":"standard","meta":{"footnotes":""},"categories":[1],"tags":[],"class_list":["post-4042","post","type-post","status-publish","format-standard","has-post-thumbnail","hentry","category-fotos-del-recuerdo"],"_links":{"self":[{"href":"https:\/\/www.sportchaco.com.ar\/index.php?rest_route=\/wp\/v2\/posts\/4042","targetHints":{"allow":["GET"]}}],"collection":[{"href":"https:\/\/www.sportchaco.com.ar\/index.php?rest_route=\/wp\/v2\/posts"}],"about":[{"href":"https:\/\/www.sportchaco.com.ar\/index.php?rest_route=\/wp\/v2\/types\/post"}],"author":[{"embeddable":true,"href":"https:\/\/www.sportchaco.com.ar\/index.php?rest_route=\/wp\/v2\/users\/2"}],"replies":[{"embeddable":true,"href":"https:\/\/www.sportchaco.com.ar\/index.php?rest_route=%2Fwp%2Fv2%2Fcomments&post=4042"}],"version-history":[{"count":1,"href":"https:\/\/www.sportchaco.com.ar\/index.php?rest_route=\/wp\/v2\/posts\/4042\/revisions"}],"predecessor-version":[{"id":4045,"href":"https:\/\/www.sportchaco.com.ar\/index.php?rest_route=\/wp\/v2\/posts\/4042\/revisions\/4045"}],"wp:featuredmedia":[{"embeddable":true,"href":"https:\/\/www.sportchaco.com.ar\/index.php?rest_route=\/wp\/v2\/media\/4044"}],"wp:attachment":[{"href":"https:\/\/www.sportchaco.com.ar\/index.php?rest_route=%2Fwp%2Fv2%2Fmedia&parent=4042"}],"wp:term":[{"taxonomy":"category","embeddable":true,"href":"https:\/\/www.sportchaco.com.ar\/index.php?rest_route=%2Fwp%2Fv2%2Fcategories&post=4042"},{"taxonomy":"post_tag","embeddable":true,"href":"https:\/\/www.sportchaco.com.ar\/index.php?rest_route=%2Fwp%2Fv2%2Ftags&post=4042"}],"curies":[{"name":"wp","href":"https:\/\/api.w.org\/{rel}","templated":true}]}}