{"id":4052,"date":"2023-12-27T12:51:24","date_gmt":"2023-12-27T15:51:24","guid":{"rendered":"https:\/\/www.sportchaco.com.ar\/?p=4052"},"modified":"2023-12-27T12:51:24","modified_gmt":"2023-12-27T15:51:24","slug":"alejo-toledo-vuelve-a-villa","status":"publish","type":"post","link":"https:\/\/www.sportchaco.com.ar\/?p=4052","title":{"rendered":"Alejo Toledo vuelve a Villa"},"content":{"rendered":"<h2><\/h2>\n<p>&nbsp;<\/p>\n<p>El jugador Alejo Toledo, en su regreso a Resistencia tras la especializaci\u00f3n como m\u00e9dico oftalmol\u00f3gico, vuelve a su amor, Villa San Mart\u00edn. Es el reemplazo elegido para suplantar a Hans Feder Ponce.<\/p>\n<p>&nbsp;<\/p>\n<p>&nbsp;<\/p>\n<p><span class=\"time\">NOTA DE BASQUET PLUS<\/span><\/p>\n<p>&nbsp;<\/p>\n<p><span class=\"time\">\u00a0Tuvo ofertas de Liga que desech\u00f3 por su carrera de m\u00e9dico, divide su vida entre la residencia y la naranja; adem\u00e1s es figura en V\u00e9lez.<\/span><\/p>\n<div id=\"node-70905\" class=\"node node-openpublish-article node-promoted node-sticky node-full clearfix\">\n<div class=\"content clearfix\">\n<div class=\"field field-name-field-articulo-texto-imagen field-type-text-long field-label-hidden\">\n<div class=\"field-items\">\n<div class=\"field-item even\"><strong>foto: Alejo Toledo con la casaca de V\u00e9lez que busca dar pelea en el Federal (Foto: Javier Di Biase)<\/strong><\/div>\n<\/div>\n<\/div>\n<div class=\"field field-name-field-op-main-image field-type-image field-label-hidden\">\n<div class=\"field-items\">\n<div class=\"field-item even\">\n<div id=\"flexslider-1\" class=\"flexslider optionset-default flexslider-processed\">\n<ul class=\"slides\">\n<li class=\"flex-active-slide\"><\/li>\n<\/ul>\n<ul class=\"flex-direction-nav\">\n<li><\/li>\n<\/ul>\n<\/div>\n<\/div>\n<\/div>\n<\/div>\n<div class=\"field field-name-body field-type-text-with-summary field-label-hidden\">\n<div class=\"field-items\">\n<div class=\"field-item even\">\n<p>La vocaci\u00f3n y la pasi\u00f3n generalmente van conectadas entre si, complementadas y en otros casos no, una puede ponerse por delante de la otra y para Alejo Toledo, la\u00a0 vocaci\u00f3n por ser m\u00e9dico prim\u00f3 m\u00e1s que su pasi\u00f3n, el b\u00e1squet y por eso que las grandes luces de la Liga Nacional deber\u00e1n esperar un poco m\u00e1s para conocer a este talento chaque\u00f1o o quiz\u00e1s no lo conozcan y solo el Federal se regocije de haberlo tenido.<\/p>\n<p>La semana se carga, durante 10 u 12 horas diarias, en atender pacientes, contenerlos en estos momentos de mucho nerviosismo y miedo; y adem\u00e1s ver la forma de que puedan mejorar sus problemas de visi\u00f3n tras la consulta en el consultorio de oftalmolog\u00eda del Policl\u00ednico Bancario de Caballito, donde Alejo Toledo est\u00e1 realizando su segundo a\u00f1o de residencia como m\u00e9dico oftalm\u00f3logo.<\/p>\n<p><em>\u201cEs dif\u00edcil sacarse el chip del trabajo en el hospital, adem\u00e1s de ya ser un temporada de b\u00e1squet anormal por el hecho de jugarse sin p\u00fablico. La carga emocional que se te impregna tras cada jornada en el hospital en pandemia es muy dura de separar para ir a entrenar y pensar en b\u00e1squet. Lleg\u00f3 muy cansado a los entrenamientos, sobre todo los d\u00edas que voy directo del hospital al club, pero con el correr del entrenamiento logr\u00f3 descomprimir la jornada y hacer el deporte que me gusta\u201d<\/em>, relat\u00f3 Alejo Toledo en su d\u00eda a d\u00eda dividido entre la residencia y el entrenamiento en V\u00e9lez.<\/p>\n<p>Desde hace tres a\u00f1os dej\u00f3 atr\u00e1s su Resistencia natal, su club de toda la vida, Villa San Mart\u00edn y emprendi\u00f3 la partida a Buenos Aires en busca de conjugar horarios para poder seguir jugando y poder hacer tambi\u00e9n la residencia de la carrera de medicina y entre par\u00e9ntesis, poner puntos muy suspensivos a su posibilidad de ser un jugador de Liga Nacional como cuando lo so\u00f1\u00f3 de chico.<\/p>\n<p>En los primeros dos a\u00f1os fue Estudiantil Porte\u00f1o quien lo recibi\u00f3 con los brazos abiertos y desde esta temporada es V\u00e9lez quien le tiende la oportunidad.\u00a0<em>\u201cCuando decid\u00ed venir a Buenos Aires a jugar puse mi carrera de m\u00e9dico por delante, ahora soy residente de segundo a\u00f1o y me quedan dos m\u00e1s para poder recibirme de oftalm\u00f3logo\u201d,\u00a0<\/em>indic\u00f3 Alejo y la determinaci\u00f3n de viajar a la capital para priorizar su carrera y poner en segundo plano al b\u00e1squet.<\/p>\n<p>Sin embargo con lo que no contaba o s\u00ed, es con tener un gran rendimiento dentro de la cancha, ser determinante en los equipos que integr\u00f3 y hasta uno de los goleadores del Torneo Federal en las \u00faltimas dos temporadas. Con esos lauros encima y hasta con un tiro ganador de aro a aro, su nombre entr\u00f3 en el radar de los entrenadores de equipos m\u00e1s grandes y Alejo Toledo comenz\u00f3 a sonar primero para Libertad de Sunchales, antes del inicio de esta temporada y en este \u00faltimo tiempo\u00a0 muy fuerte para Ferro tras la lesi\u00f3n de Pablo Osores.<\/p>\n<p><em>\u201cAntes de que arranque la Liga hubo un sondeo de Libertad al cual tuve que decir que no, \u00a0ya que trabajar nueve horas e ir a la Liga era imposible. Despu\u00e9s, esta temporada me han llamado de Ferro que hab\u00edan sufrido un par de lesiones, pero yo no me sent\u00eda f\u00edsicamente en condiciones de jugar un torneo tan importante. El equipo ven\u00eda entrenando y jugando, estaban en actividad todos los jugadores y a m\u00ed no me habr\u00eda gustado sumarme a un equipo de Liga Nacional, tener la oportunidad y no aprovecharla por no estar al cien desde lo f\u00edsico y lo basquetoblist\u00edco\u201d<\/em>, expres\u00f3 el nacido en Resistencia sobre sus posibilidades de saltar a la \u00e9lite del b\u00e1squet argentino<\/p>\n<p>Pero decir no cost\u00f3 mucho, era un sue\u00f1o que siempre rond\u00f3 en su cabeza y rechazarlo fue duro para Alejo:<em>\u00a0\u201cLa verdad que me doli\u00f3 mucho la oportunidad perdida, pero creo que mi etapa de dedicarme de lleno al b\u00e1squet ya pas\u00f3, aunque no descarto en un futuro cuando finalice la residencia, si contin\u00fao en un buen nivel basquetbol\u00edstico y aparece la chance de nuevo con 32 a\u00f1os, seguramente la tomar\u00eda. Ser\u00eda un sue\u00f1o cumplido, pero depende de muchos factores\u201d.<\/em><\/p>\n<p>A pesar del las vicisitudes diarias entre paciente y paciente, Toledo se las ingenia para que el b\u00e1squet sea un motor de empuje para llevar adelante la residencia y no solo pensar en lo que tiene que estudiar o mejorar como oftalm\u00f3logo, sino que saber que a la noche tiene un partido o un entrenamiento tambi\u00e9n le da fuerzas.<\/p>\n<p><em>\u201cDisfruto much\u00edsimo, me encanta estar adentro de una cancha y mientras la cabeza y el f\u00edsico me d\u00e9 quiero seguir jugando. En el d\u00eda a d\u00eda poder ir a entrenar, estar en actividad f\u00edsica es un cable a tierra. Salg\u00f3 del hospital pensando en los pacientes, en que tengo que estudiar, mejorar esto o lo otro e ir a entrenar me saca un peso de encima. Hacer el deporte que hice toda la vida y tener un contrato profesional me hace sentir un privilegiado y m\u00e1s en un club grande como V\u00e9lez\u201d<\/em>, remarc\u00f3<\/p>\n<p><img decoding=\"async\" src=\"https:\/\/basquetplus.com\/sites\/default\/files\/u76\/toledo-medico.jpg\" alt=\"\" \/><\/p>\n<p>&nbsp;<\/p>\n<p>Esta temporada del Federal jugando para V\u00e9lez su rendimiento viene siendo de menor a mayor como el equipo. El Fort\u00edn arm\u00f3 un buen plantel con jugadores de renombre para la categor\u00eda, como Guillermo Crespo, Lautaro Cisterna y Agust\u00edn Prandi. El arranque no fue del todo bueno, pero en este momento tres victorias consecutivas lo encuentran acechando a los l\u00edderes Independiente de Avellaneda y Boca en busca de uno de los dos pasajes a la siguiente ronda.<\/p>\n<p>A la hora de realizar un pantallazo sobre su llegada a V\u00e9lez y el equipo que arm\u00f3 el Fort\u00edn, el alero chaque\u00f1o expuso:\u00a0<em>\u201cMi llegada a V\u00e9lez se dio por la baja de Racing para competir en el torneo, ten\u00eda todo arreglado para jugar ah\u00ed. Despu\u00e9s me lleg\u00f3 esta chance y me gust\u00f3 el proyecto de V\u00e9lez, conoc\u00eda a varios de los jugadores que iban a estar y pienso que tenemos un plantel lindo con jugadores de experiencia\u201d<\/em><\/p>\n<p><em>\u201cNos juega en contra que casi no tuvimos pretemporada, somos un equipo con muchos jugadores nuevos, la mayor\u00eda tenemos otro trabajo adem\u00e1s del b\u00e1squet y adem\u00e1s el hecho que sea un torneo corto tambi\u00e9n nos complica. Igualmente estamos jugando mucho mejor, nos estamos conociendo m\u00e1s y pienso que estamos muy lejos de nuestro techo, ojal\u00e1 podamos conseguir la clasificaci\u00f3n\u201d<\/em>, agreg\u00f3 Toledo, quien promedia en esta temporada del Torneo Federal 17.6 puntos,\u00a0 5.6 rebotes, 2.25 asistencias y 1.7 robos.<\/p>\n<p><em>\u201cHoy en d\u00eda me siento un residente en oftalmolog\u00eda que juega al b\u00e1squet. Mi tiempo se va casi todo en la residencia y lo que me queda es para jugar al b\u00e1squet, en otro momento era al rev\u00e9s pero ahora lo siento as\u00ed\u201d,<\/em>\u00a0afirm\u00f3 el surgido de Villa San Mart\u00edn.<\/p>\n<p>Con una pandemia en un punto \u00e1lgido de incertidumbre, miedo y mucho nerviosismo, ser un profesional de la salud es un m\u00e9rito para aplaudir y reconocer; y por eso Alejo Toledo hoy destaca por partida doble, adentro de la cancha con jugadas para V\u00e9lez y afuera ayudando a los pacientes en \u00e9pocas de pandemia, un m\u00e9rito que va m\u00e1s all\u00e1 de cualquier triunfo o derrota en el marco de un partido de b\u00e1squet.<\/p>\n<div>\n<div><strong>Mauro Osores \/\u00a0<a href=\"mailto:mauroosores@basquetplus.com\">mauroosores@basquetplus.com<\/a><\/strong><\/div>\n<div><strong>En Twitter: @basquetplus<\/strong><\/div>\n<div><strong>En Twitter: @osoresmauro<\/strong><\/div>\n<\/div>\n<p>&nbsp;<\/p>\n<\/div>\n<\/div>\n<\/div>\n<\/div>\n<\/div>\n","protected":false},"excerpt":{"rendered":"<p>&nbsp; El jugador Alejo Toledo, en su regreso a Resistencia tras la especializaci\u00f3n como m\u00e9dico oftalmol\u00f3gico, vuelve a su amor, Villa San Mart\u00edn. Es el reemplazo elegido para suplantar a Hans Feder Ponce. &nbsp; &nbsp; NOTA DE BASQUET PLUS &nbsp; \u00a0Tuvo ofertas de Liga que desech\u00f3 por su carrera de m\u00e9dico, divide su vida entre &hellip;<\/p>\n","protected":false},"author":2,"featured_media":4053,"comment_status":"open","ping_status":"open","sticky":false,"template":"","format":"standard","meta":{"footnotes":""},"categories":[3],"tags":[],"class_list":["post-4052","post","type-post","status-publish","format-standard","has-post-thumbnail","hentry","category-basquetbol"],"_links":{"self":[{"href":"https:\/\/www.sportchaco.com.ar\/index.php?rest_route=\/wp\/v2\/posts\/4052","targetHints":{"allow":["GET"]}}],"collection":[{"href":"https:\/\/www.sportchaco.com.ar\/index.php?rest_route=\/wp\/v2\/posts"}],"about":[{"href":"https:\/\/www.sportchaco.com.ar\/index.php?rest_route=\/wp\/v2\/types\/post"}],"author":[{"embeddable":true,"href":"https:\/\/www.sportchaco.com.ar\/index.php?rest_route=\/wp\/v2\/users\/2"}],"replies":[{"embeddable":true,"href":"https:\/\/www.sportchaco.com.ar\/index.php?rest_route=%2Fwp%2Fv2%2Fcomments&post=4052"}],"version-history":[{"count":1,"href":"https:\/\/www.sportchaco.com.ar\/index.php?rest_route=\/wp\/v2\/posts\/4052\/revisions"}],"predecessor-version":[{"id":4054,"href":"https:\/\/www.sportchaco.com.ar\/index.php?rest_route=\/wp\/v2\/posts\/4052\/revisions\/4054"}],"wp:featuredmedia":[{"embeddable":true,"href":"https:\/\/www.sportchaco.com.ar\/index.php?rest_route=\/wp\/v2\/media\/4053"}],"wp:attachment":[{"href":"https:\/\/www.sportchaco.com.ar\/index.php?rest_route=%2Fwp%2Fv2%2Fmedia&parent=4052"}],"wp:term":[{"taxonomy":"category","embeddable":true,"href":"https:\/\/www.sportchaco.com.ar\/index.php?rest_route=%2Fwp%2Fv2%2Fcategories&post=4052"},{"taxonomy":"post_tag","embeddable":true,"href":"https:\/\/www.sportchaco.com.ar\/index.php?rest_route=%2Fwp%2Fv2%2Ftags&post=4052"}],"curies":[{"name":"wp","href":"https:\/\/api.w.org\/{rel}","templated":true}]}}