{"id":4055,"date":"2023-12-27T15:26:42","date_gmt":"2023-12-27T18:26:42","guid":{"rendered":"https:\/\/www.sportchaco.com.ar\/?p=4055"},"modified":"2023-12-27T15:26:42","modified_gmt":"2023-12-27T18:26:42","slug":"se-confirmo-el-futuro-del-diablito-echeverri","status":"publish","type":"post","link":"https:\/\/www.sportchaco.com.ar\/?p=4055","title":{"rendered":"Se confirm\u00f3 el futuro del Diablito Echeverri"},"content":{"rendered":"<p>Claudio Echeverri\u00a0es una de las mejores apariciones en el f\u00fatbol argentino del \u00faltimo tiempo.\u00a0El &#8216;Diablito&#8217; fue titular en el Trofeo de Campeones que\u00a0River\u00a0le gan\u00f3 a Rosario Central y dej\u00f3 muy buenas sensaciones adentro de la cancha.<\/p>\n<p>Despu\u00e9s del encuentro, el jugador de la Selecci\u00f3n Argentina Sub 17 habl\u00f3 y encendi\u00f3 las alarmas en el \u00abMillonario\u00bb. En di\u00e1logo con la televisi\u00f3n, Echeverri resalt\u00f3: \u00abSeguramente me quede seis meses o un a\u00f1o m\u00e1s\u00bb. Y se refiri\u00f3 a la titularidad ante el Canalla: \u00abDemichelis me dijo el jueves que iba a ser titular hoy, la verdad es un premio al trabajo\u00bb.<\/p>\n<p class=\"jsx-672662411\">Y agreg\u00f3: \u00abFue un a\u00f1o muy intenso y muy lindo a nivel individual. No estaba conforme porque ten\u00eda ganas de jugar ac\u00e1, en River, pero lamentablemente no pude jugar. Hoy lo hice muy bien, estoy contento y quiero disfrutar\u00bb.<\/p>\n<p class=\"jsx-672662411\">Lo cierto es que este mi\u00e9rcoles, The Guardian de Inglaterra asegura que el Diablito Echeverri ser\u00e1 refuerzo del\u00a0Manchester City. El acuerdo ser\u00eda por 25 millones de euros y el delantero que cumplir\u00e1 18 a\u00f1os el 2 de enero se quedar\u00e1 en River hasta fines de 2024.<\/p>\n<p class=\"jsx-672662411\">De esta manera, Echeverri har\u00eda algo parecido a lo que pas\u00f3 con Juli\u00e1n \u00c1lvarez, quien se qued\u00f3 a pr\u00e9stamo en River cuando Manchester City ya hab\u00eda comprado la totalidad de su ficha. A partir de enero 2025, el &#8216;Diablito&#8217; lucir\u00e1 la camiseta del \u00faltimo campe\u00f3n de la Champions League con apenas 19 a\u00f1os.<\/p>\n<h2 class=\"jsx-990402657\">El representante de Echeverri rompi\u00f3 el silencio y confirm\u00f3 su futuro en River<\/h2>\n<p class=\"jsx-672662411\">Enzo Montepaone se refiri\u00f3 a lo comentado por &#8216;Diablito&#8217; post partido y no dio vueltas: \u00abClaudio est\u00e1 disfrutando de este nuevo t\u00edtulo y pensando en lo que viene. Tratamos que se mantenga al margen de todo lo que se dice\u00bb.<\/p>\n<p>Y agreg\u00f3: \u00abClaudio est\u00e1 tan comprometido con el club y con sus compa\u00f1eros, que pidi\u00f3 expresamente que si hubiese alguna negociaci\u00f3n en curso, igual quiere quedarse un a\u00f1o jugando en el club que tanto ama\u00bb.<\/p>\n","protected":false},"excerpt":{"rendered":"<p>Claudio Echeverri\u00a0es una de las mejores apariciones en el f\u00fatbol argentino del \u00faltimo tiempo.\u00a0El &#8216;Diablito&#8217; fue titular en el Trofeo de Campeones que\u00a0River\u00a0le gan\u00f3 a Rosario Central y dej\u00f3 muy buenas sensaciones adentro de la cancha. Despu\u00e9s del encuentro, el jugador de la Selecci\u00f3n Argentina Sub 17 habl\u00f3 y encendi\u00f3 las alarmas en el \u00abMillonario\u00bb. &hellip;<\/p>\n","protected":false},"author":3,"featured_media":4056,"comment_status":"open","ping_status":"open","sticky":false,"template":"","format":"standard","meta":{"footnotes":""},"categories":[5],"tags":[],"class_list":["post-4055","post","type-post","status-publish","format-standard","has-post-thumbnail","hentry","category-futbol"],"_links":{"self":[{"href":"https:\/\/www.sportchaco.com.ar\/index.php?rest_route=\/wp\/v2\/posts\/4055","targetHints":{"allow":["GET"]}}],"collection":[{"href":"https:\/\/www.sportchaco.com.ar\/index.php?rest_route=\/wp\/v2\/posts"}],"about":[{"href":"https:\/\/www.sportchaco.com.ar\/index.php?rest_route=\/wp\/v2\/types\/post"}],"author":[{"embeddable":true,"href":"https:\/\/www.sportchaco.com.ar\/index.php?rest_route=\/wp\/v2\/users\/3"}],"replies":[{"embeddable":true,"href":"https:\/\/www.sportchaco.com.ar\/index.php?rest_route=%2Fwp%2Fv2%2Fcomments&post=4055"}],"version-history":[{"count":1,"href":"https:\/\/www.sportchaco.com.ar\/index.php?rest_route=\/wp\/v2\/posts\/4055\/revisions"}],"predecessor-version":[{"id":4057,"href":"https:\/\/www.sportchaco.com.ar\/index.php?rest_route=\/wp\/v2\/posts\/4055\/revisions\/4057"}],"wp:featuredmedia":[{"embeddable":true,"href":"https:\/\/www.sportchaco.com.ar\/index.php?rest_route=\/wp\/v2\/media\/4056"}],"wp:attachment":[{"href":"https:\/\/www.sportchaco.com.ar\/index.php?rest_route=%2Fwp%2Fv2%2Fmedia&parent=4055"}],"wp:term":[{"taxonomy":"category","embeddable":true,"href":"https:\/\/www.sportchaco.com.ar\/index.php?rest_route=%2Fwp%2Fv2%2Fcategories&post=4055"},{"taxonomy":"post_tag","embeddable":true,"href":"https:\/\/www.sportchaco.com.ar\/index.php?rest_route=%2Fwp%2Fv2%2Ftags&post=4055"}],"curies":[{"name":"wp","href":"https:\/\/api.w.org\/{rel}","templated":true}]}}