{"id":4061,"date":"2023-12-29T00:01:48","date_gmt":"2023-12-29T03:01:48","guid":{"rendered":"https:\/\/www.sportchaco.com.ar\/?p=4061"},"modified":"2023-12-28T11:32:39","modified_gmt":"2023-12-28T14:32:39","slug":"efemerides-del-29-de-diciembre","status":"publish","type":"post","link":"https:\/\/www.sportchaco.com.ar\/?p=4061","title":{"rendered":"Efem\u00e9rides del 29 de diciembre"},"content":{"rendered":"<p><strong>Esta es la Efem\u00e9rides del Deporte en el Chaco de un 29 diciembre del periodista Luis Dar\u00edo Molodezky<\/strong><\/p>\n<p><strong> <img loading=\"lazy\" decoding=\"async\" class=\"alignnone size-medium wp-image-4063\" src=\"https:\/\/www.sportchaco.com.ar\/wp-content\/uploads\/2023\/12\/Molodezky-luis-sin-anteojos-1-249x300.jpg\" alt=\"\" width=\"249\" height=\"300\" srcset=\"https:\/\/www.sportchaco.com.ar\/wp-content\/uploads\/2023\/12\/Molodezky-luis-sin-anteojos-1-249x300.jpg 249w, https:\/\/www.sportchaco.com.ar\/wp-content\/uploads\/2023\/12\/Molodezky-luis-sin-anteojos-1.jpg 417w\" sizes=\"auto, (max-width: 249px) 100vw, 249px\" \/><\/strong><\/p>\n<p><strong>\u00a0<\/strong><\/p>\n<p>1909 \/ Llega al pa\u00eds Aldo Agazzani, quien hab\u00eda nacido en en M\u00f3dena en 1888. Su amor por las bicicletas lo llev\u00f3 a ser un deportista consagrado en Italia.\u00a0En enero de 1911 se traslad\u00f3 a Resistencia. Instala un rudimentario taller mec\u00e1nico. Arregla rev\u00f3lveres, ajusta y modifica escopetas, repara m\u00e1quinas de coser y ejecuta, en esa \u00f3rbita, distintos trabajos del ramo. Trae las tres primeras bicicletas que conoci\u00f3 Resistencia. Fue el introductor del ciclismo, lo que le permiti\u00f3 luego que su taller se convirtiera en la primera f\u00e1brica de bicicletas del Chaco, dedic\u00e1ndose al armado y producci\u00f3n de las mismas.<\/p>\n<p>1961 \/ Fallece el primer presidente del \u00abClub Atl\u00e9tico Chaco For Ever\u00bb: Alfredo L\u00f3pez Lotero. El mi\u00e9rcoles 25 de Mayo de 1960 tuvo lugar la inauguraci\u00f3n del estadio de tablones de madera y sede social de Chaco For Ever en el actual emplazamiento, d\u00f3nde Don Alfredo, dar\u00eda el puntapi\u00e9 inicial al primer partido disputado en el nuevo reducto Forevista.\u00a0 La primera cancha estuvo donde hoy est\u00e1 la Escuela R. D\u00edaz y la segunda en la actual Plaza Espa\u00f1a- El club hab\u00eda sido fundado eel 27 de julio de 1913.<\/p>\n<p><strong>\u00a0<\/strong><\/p>\n<p><strong>1986 <\/strong>\/ Se realiza la sexta edici\u00f3n de la Fiesta del Deporte, organizada por el C\u00edrculo de Periodistas Deportivos del Chaco, en las instalaciones del Sal\u00f3n Manuel Obligado de Casa de Gobierno. Los premiados son: ajedrez Andr\u00e9s Molina, artes marciales Alberto R\u00edos, atletismo Carolina Guti\u00e9rrez, automovilismo Jos\u00e9 Daniel Sgroppo, b\u00e1squetbol Marcelo Pl\u00e1ceres, bochas Carlos Br\u00edgnole, boxeo Ra\u00fal S\u00e1nchez, caza Dardo Cordoneda, ciclismo Eduardo Coria, f\u00fatbol Gerardo Augusto, golf Fabi\u00e1n Modi, hockey Sue Takahasi, homenaje Remigio Borque, karting Juan Manuel Silva, marat\u00f3n Ra\u00fal Alaio, motociclismo Lorenzo Odr\u00eda, nata- ci\u00f3n Leonardo Anabia, pelota Carlos Fretes, pesas Jos\u00e9 Oviedo, pesca Juan Bustamante, rugby Rodolfo Vecchietti, tenis de mesa Ricardo De Le\u00f3n y voleibol Oscar Lazaroff. Dirigente Atilio Bangher.<\/p>\n<p><strong>2005 <\/strong>\/ La Fiesta Anual del Deporte en Juan Jos\u00e9 Castelli, consagra como deportista del a\u00f1o al f\u00edsicoculturista H\u00e9ctor Evin.<\/p>\n<p><strong>2006 <\/strong>\/ Diego Leonardo S\u00e1nchez, es consagrado como mejor deportista del a\u00f1o con la Charata de Oro en una velada emotiva donde fue reconocido el esfuerzo de todos los deportistas del sudoeste.<\/p>\n<p><strong>2020 \/<\/strong> A los 57 a\u00f1os falleci\u00f3 Carlos Daniel Pallares, ex t\u00e9cnico de Atl\u00e9tico Centro de Av\u00eda Terai y de distintos equipos de la Liga Saenzpe\u00f1ense. Fue bicampe\u00f3n con Centro en 2008 y 2009, gan\u00e1ndose el derecho de jugar el torneo organizado por el Consejo Federal. El \u00abgordo\u00bb como cari\u00f1osamente lo llamaban sus amigos, fue una de las v\u00edctimas de la pandemia que azota a nuestro pa\u00eds.<\/p>\n<p>&nbsp;<\/p>\n<p>&nbsp;<\/p>\n<p>FOTO DE DIEGO S\u00c1NCHEZ CORTANDO REDES EN ASOCIACION ESPA\u00d1OLA<\/p>\n","protected":false},"excerpt":{"rendered":"<p>Esta es la Efem\u00e9rides del Deporte en el Chaco de un 29 diciembre del periodista Luis Dar\u00edo Molodezky \u00a0 1909 \/ Llega al pa\u00eds Aldo Agazzani, quien hab\u00eda nacido en en M\u00f3dena en 1888. Su amor por las bicicletas lo llev\u00f3 a ser un deportista consagrado en Italia.\u00a0En enero de 1911 se traslad\u00f3 a Resistencia. &hellip;<\/p>\n","protected":false},"author":2,"featured_media":4062,"comment_status":"open","ping_status":"open","sticky":false,"template":"","format":"standard","meta":{"footnotes":""},"categories":[42,45],"tags":[],"class_list":["post-4061","post","type-post","status-publish","format-standard","has-post-thumbnail","hentry","category-diciembre","category-efemerides-dia-por-dia"],"_links":{"self":[{"href":"https:\/\/www.sportchaco.com.ar\/index.php?rest_route=\/wp\/v2\/posts\/4061","targetHints":{"allow":["GET"]}}],"collection":[{"href":"https:\/\/www.sportchaco.com.ar\/index.php?rest_route=\/wp\/v2\/posts"}],"about":[{"href":"https:\/\/www.sportchaco.com.ar\/index.php?rest_route=\/wp\/v2\/types\/post"}],"author":[{"embeddable":true,"href":"https:\/\/www.sportchaco.com.ar\/index.php?rest_route=\/wp\/v2\/users\/2"}],"replies":[{"embeddable":true,"href":"https:\/\/www.sportchaco.com.ar\/index.php?rest_route=%2Fwp%2Fv2%2Fcomments&post=4061"}],"version-history":[{"count":2,"href":"https:\/\/www.sportchaco.com.ar\/index.php?rest_route=\/wp\/v2\/posts\/4061\/revisions"}],"predecessor-version":[{"id":4066,"href":"https:\/\/www.sportchaco.com.ar\/index.php?rest_route=\/wp\/v2\/posts\/4061\/revisions\/4066"}],"wp:featuredmedia":[{"embeddable":true,"href":"https:\/\/www.sportchaco.com.ar\/index.php?rest_route=\/wp\/v2\/media\/4062"}],"wp:attachment":[{"href":"https:\/\/www.sportchaco.com.ar\/index.php?rest_route=%2Fwp%2Fv2%2Fmedia&parent=4061"}],"wp:term":[{"taxonomy":"category","embeddable":true,"href":"https:\/\/www.sportchaco.com.ar\/index.php?rest_route=%2Fwp%2Fv2%2Fcategories&post=4061"},{"taxonomy":"post_tag","embeddable":true,"href":"https:\/\/www.sportchaco.com.ar\/index.php?rest_route=%2Fwp%2Fv2%2Ftags&post=4061"}],"curies":[{"name":"wp","href":"https:\/\/api.w.org\/{rel}","templated":true}]}}