{"id":4072,"date":"2023-12-28T23:43:46","date_gmt":"2023-12-29T02:43:46","guid":{"rendered":"https:\/\/www.sportchaco.com.ar\/?p=4072"},"modified":"2023-12-28T23:45:51","modified_gmt":"2023-12-29T02:45:51","slug":"el-feliz-retorno-de-alejo-toledo","status":"publish","type":"post","link":"https:\/\/www.sportchaco.com.ar\/?p=4072","title":{"rendered":"El feliz retorno de Alejo Toledo"},"content":{"rendered":"<p><strong>ALEJO TOLEDO vuelve a Villa San Mart\u00edn. El jugador regresa al club luego de su paso por Porte\u00f1o, Racing, V\u00e9lez e Independiente, donde fue protagonista durante su residencia de Oftalmolog\u00eda en Buenos Aires. Toledo reemplaza a Hans Feder Ponce, lesionado. Di\u00e1logo imperdible con Cara y Ceca del Deporte por Radio Provincia del Chaco con Luis Dar\u00edo Molodezky y Facundo Maciel. 27 12 23. <a href=\"https:\/\/youtu.be\/cqyYcKz0EPo\">https:\/\/youtu.be\/cqyYcKz0EPo<\/a> <\/strong><\/p>\n<p>&nbsp;<\/p>\n<p>Liga Argentina: Con la vara alta y una gran experiencia incorporada, Alejo Toledo vuelve a Villa San Mart\u00edn<\/p>\n<p>&nbsp;<\/p>\n<p><strong>El jugador, quien por razones profesionales se fue a vivir a Buenos Aires, vuelve al club de sus amores para disputar la 23\/ 24. Vale destacar que Alejo tuvo una excelente performance en la Liga Federal en el Centro del pa\u00eds, en clubes de jerarqu\u00eda. <\/strong><\/p>\n<p>&nbsp;<\/p>\n<p>En el marco de la temporada 23\/ 24 de la Liga Argentina de B\u00e1squet, Villa San Mart\u00edn, de muy buena performance en la primera etapa de la competencia, tuvo algunos inconvenientes en algunas piezas claves como las de Jerem\u00edas Frontera quien volver\u00e1 pronto al rect\u00e1ngulo de juego y la de Hans Feder Ponce. Sobre este \u00faltimo, que por una lesi\u00f3n qued\u00f3 afuera de la competencia, la instituci\u00f3n capitalina se movi\u00f3 r\u00e1pidamente y volvi\u00f3 a las ra\u00edces y en las \u00faltimas horas sum\u00f3 a Alejo Toledo, de cuna tricolor y de la casa obviamente, quien viene de tener muy buenos resultados en Capital Federal disputando la Liga Federal. Su \u00faltimo club fue Independiente de Avellaneda, aunque anteriormente jug\u00f3 en Porte\u00f1o, V\u00e9lez Sarfield y Pedro Echag\u00fce<\/p>\n<p>\u201cVuelvo con las mejores expectativas al club, no era algo que buscaba, sino que los planes eran volver a la ciudad para seguir con mi carrera de oftalm\u00f3logo; pero ocurri\u00f3 lo de Hans (Feder Ponce), me llaman a mi desde Villa San Mart\u00edn, all\u00ed tengo la mayor\u00eda de mis amigos y uno por el club que ama quiere darlo todo\u201d, afirm\u00f3 el jugador de 32 a\u00f1os, que se desempe\u00f1a en la posici\u00f3n de alero pero tambi\u00e9n con mucho protagonismo en la zona pintada.<\/p>\n<p>Antes de emigrar para Buenos Aires a continuar form\u00e1ndose como profesional,, Alejo Toledo disput\u00f3 con Villa San Mart\u00edn varias temporadas de la Liga Federal (ex Torneo Federal) y Liga Argentina (ex Torneo Nacional de Ascenso). Sin embargo, como si fuera poco, paralelamente a estar jugando de manera profesional en el club que lo vio nacer y lo form\u00f3 como jugador, Alejo estudi\u00f3 medicina y pudo recibirse. Posteriormente a este gran logro, no se detuvo y parti\u00f3 a Buenos Aires a prepararse para ser oftalm\u00f3logo y que por suerte lo pudo lograr.<\/p>\n<p>\u201cVoy a aportar lo que me pida el t\u00e9cnico, desde el tiro externo hasta el poste bajo, siempre puedo aportar algo\u201d, remarc\u00f3 Toledo, quien a su vez agreg\u00f3 que \u201cy desde el extra basquetbol\u00edstico, tratar de establecer una buena uni\u00f3n del grupo, de poder hacer que el vestuario est\u00e9 bien; la idea es seguir con esa qu\u00edmica y din\u00e1mica que le permiti\u00f3 al equipo andar muy bien en la primera parte de la temporada\u201d, dej\u00f3 en claro el alero, ahora si, quien nuevamente vestir\u00e1 la camiseta del tricolor.<\/p>\n<p>\u201cVengo a aportar la experiencia que tengo en la Liga Federal que la adquir\u00ed tambi\u00e9n en Buenos Aires, adem\u00e1s buscar\u00e9 mantener la tranquilidad en el vestuario y al equipo\u201d, destacando a su vez la performance de Villa San Mart\u00edn en esta primera etapa de la Liga Argentina, \u201cel equipo est\u00e1 jugando muy bien; quiero pelear arriba y dejar al equipo y al club lo mejor parado\u201d, finaliz\u00f3.<\/p>\n<p>&nbsp;<\/p>\n<p>&nbsp;<\/p>\n<p>&nbsp;<\/p>\n<p><img loading=\"lazy\" decoding=\"async\" class=\"alignnone size-medium wp-image-4074\" src=\"https:\/\/www.sportchaco.com.ar\/wp-content\/uploads\/2023\/12\/aLEJO-tOLEDO-28-12-23-161x300.jpeg\" alt=\"\" width=\"161\" height=\"300\" srcset=\"https:\/\/www.sportchaco.com.ar\/wp-content\/uploads\/2023\/12\/aLEJO-tOLEDO-28-12-23-161x300.jpeg 161w, https:\/\/www.sportchaco.com.ar\/wp-content\/uploads\/2023\/12\/aLEJO-tOLEDO-28-12-23-551x1024.jpeg 551w, https:\/\/www.sportchaco.com.ar\/wp-content\/uploads\/2023\/12\/aLEJO-tOLEDO-28-12-23-768x1427.jpeg 768w, https:\/\/www.sportchaco.com.ar\/wp-content\/uploads\/2023\/12\/aLEJO-tOLEDO-28-12-23-827x1536.jpeg 827w, https:\/\/www.sportchaco.com.ar\/wp-content\/uploads\/2023\/12\/aLEJO-tOLEDO-28-12-23.jpeg 861w\" sizes=\"auto, (max-width: 161px) 100vw, 161px\" \/><\/p>\n","protected":false},"excerpt":{"rendered":"<p>ALEJO TOLEDO vuelve a Villa San Mart\u00edn. El jugador regresa al club luego de su paso por Porte\u00f1o, Racing, V\u00e9lez e Independiente, donde fue protagonista durante su residencia de Oftalmolog\u00eda en Buenos Aires. Toledo reemplaza a Hans Feder Ponce, lesionado. Di\u00e1logo imperdible con Cara y Ceca del Deporte por Radio Provincia del Chaco con Luis &hellip;<\/p>\n","protected":false},"author":2,"featured_media":4077,"comment_status":"open","ping_status":"open","sticky":false,"template":"","format":"standard","meta":{"footnotes":""},"categories":[3],"tags":[],"class_list":["post-4072","post","type-post","status-publish","format-standard","has-post-thumbnail","hentry","category-basquetbol"],"_links":{"self":[{"href":"https:\/\/www.sportchaco.com.ar\/index.php?rest_route=\/wp\/v2\/posts\/4072","targetHints":{"allow":["GET"]}}],"collection":[{"href":"https:\/\/www.sportchaco.com.ar\/index.php?rest_route=\/wp\/v2\/posts"}],"about":[{"href":"https:\/\/www.sportchaco.com.ar\/index.php?rest_route=\/wp\/v2\/types\/post"}],"author":[{"embeddable":true,"href":"https:\/\/www.sportchaco.com.ar\/index.php?rest_route=\/wp\/v2\/users\/2"}],"replies":[{"embeddable":true,"href":"https:\/\/www.sportchaco.com.ar\/index.php?rest_route=%2Fwp%2Fv2%2Fcomments&post=4072"}],"version-history":[{"count":1,"href":"https:\/\/www.sportchaco.com.ar\/index.php?rest_route=\/wp\/v2\/posts\/4072\/revisions"}],"predecessor-version":[{"id":4076,"href":"https:\/\/www.sportchaco.com.ar\/index.php?rest_route=\/wp\/v2\/posts\/4072\/revisions\/4076"}],"wp:featuredmedia":[{"embeddable":true,"href":"https:\/\/www.sportchaco.com.ar\/index.php?rest_route=\/wp\/v2\/media\/4077"}],"wp:attachment":[{"href":"https:\/\/www.sportchaco.com.ar\/index.php?rest_route=%2Fwp%2Fv2%2Fmedia&parent=4072"}],"wp:term":[{"taxonomy":"category","embeddable":true,"href":"https:\/\/www.sportchaco.com.ar\/index.php?rest_route=%2Fwp%2Fv2%2Fcategories&post=4072"},{"taxonomy":"post_tag","embeddable":true,"href":"https:\/\/www.sportchaco.com.ar\/index.php?rest_route=%2Fwp%2Fv2%2Ftags&post=4072"}],"curies":[{"name":"wp","href":"https:\/\/api.w.org\/{rel}","templated":true}]}}