{"id":4101,"date":"2023-12-30T15:40:31","date_gmt":"2023-12-30T18:40:31","guid":{"rendered":"https:\/\/www.sportchaco.com.ar\/?p=4101"},"modified":"2023-12-30T15:40:31","modified_gmt":"2023-12-30T18:40:31","slug":"for-ever-ya-tiene-siete-refuerzos-y-sigue-moviendose-en-el-mercado","status":"publish","type":"post","link":"https:\/\/www.sportchaco.com.ar\/?p=4101","title":{"rendered":"For Ever ya tiene siete refuerzos y sigue movi\u00e9ndose en el mercado"},"content":{"rendered":"<p>For Ever se sigue moviendo en el mercado de pases a pesar en la previa del 2024. En ese sentido, los dirigentes y el DT Diego Osella ya saben que cuentan con siete refuerzos para la Primera Nacional y la idea es que sigan llegando futbolistas en las pr\u00f3ximas horas, teniendo en cuanto que el mi\u00e9rcoles 3 de enero comenzar\u00e1 la pretemporada.<\/p>\n<p>El zaguero Enzo Tamborelli (de \u00faltimo paso por Dock Sud; Primera B Metropolitana); el zaguero Milton Leyendeker (Agropecuario de Carlos Casares); el lateral derecho Agust\u00edn Bellone (G\u00fcemes de Santiago del Estero); el volante central Rodrigo V\u00e9lez (Trist\u00e1n Su\u00e1rez); el mediocampista izquierdo Gonzalo Lucero (Uni\u00f3n Magdalena de la Primera Divisi\u00f3n de Colombia; ya jug\u00f3 en For Ever en 2022); el volante creativo Brandon Obreg\u00f3n (Brown de Adrogu\u00e9); y el delantero Gonzalo Ca\u00f1ete (Sarmiento; en el Federal A) son los jugadores que estar\u00edan a una firma de ser del \u00abNegro\u00bb.<\/p>\n<p>Un arquero, otro lateral derecho (en caso de que no arregle su continuidad Juan Galetto), un zaguero, dos laterales izquierdos, dos delanteros por afuera y un centrodelantero son los puestos a los que apuntan ahora los dirigentes y Osella para terminar de conformar el plantel de cara a la temporada 2024.<\/p>\n<p>For Ever comenzar\u00e1 la pretemporada el 3 de enero y se estima que el certamen dar\u00e1 inicio el primer fin de semana de febrero. El certamen se dividir\u00e1 en dos zonas, al igual que en este 2023.<\/p>\n<h2>EL PLANTEL ACTUAL<\/h2>\n<p>Arqueros: Gast\u00f3n Canuto (acordada su continuidad de palabra); Leandro Ledesma. Defensores: Juan Galetto (todav\u00eda no se acord\u00f3 su continuidad), David Valdez, Ricardo Garay Lima(todav\u00eda no se acord\u00f3 su continuidad), Marcos Fissore y Dami\u00e1n Garc\u00eda.<\/p>\n<p>Volantes: Javier Iritier, Marcos Gim\u00e9nez (regres\u00f3 de su pr\u00e9stamo en Mitre), Brian Nievas (la idea es renovar su pr\u00e9stamo; pertenece a Patronato), Mateo Maccari (hab\u00eda rescindido, pero acord\u00f3 su regreso con la vuelta de Osella), Javier Bayk, Alan Sombra, Gast\u00f3n Novero (regres\u00f3 de su pr\u00e9stamo en Patronato), Santiago Valenzuela y H\u00e9ctor Zabala.<\/p>\n<p>Delanteros: Jonathan Dellarossa (la idea es renovar su pr\u00e9stamo; pertenece a Instituto) y Alejandro Aquino.<\/p>\n<h2>REFUERZOS ACORDADOS DE PALABRA<\/h2>\n<p>Enzo Tamborelli (zaguero; Dock Sud); Milton Leyendeker (zaguero; Agropecuario); Agust\u00edn Bellone (lateral derecho; G\u00fcemes de Santiago del Estero); Rodrigo V\u00e9lez (volante central; Trist\u00e1n Su\u00e1rez); Gonzalo Lucero (volante izquierdo; Uni\u00f3n Magdalena de Colombia); Brandon Obreg\u00f3n (volante ofensivo; Brown de Adrogu\u00e9); Gonzalo Ca\u00f1ete (delantero por afuera; Sarmiento de Resistencia).<\/p>\n<h2>SE FUERON<\/h2>\n<p>Arquero: Luciano Silva (Trist\u00e1n Su\u00e1rez). Defensores: Lucas Fern\u00e1ndez, Juan Galetto, Facundo Monteseir\u00edn, Ignacio Abraham, Gino Barbieri (jugar\u00eda en Macar\u00e1 de Ambato, Ecuador), Emir Faccioli. Yair Mar\u00edn (no seguir\u00eda). Volantes: Nicol\u00e1s Ju\u00e1rez (Sarmiento de La Banda), Enzo Bruno (Guaran\u00ed A. Franco). Emiliano Bogado, Emanuel D\u00edaz, Claudio Villagra y Leandro Allende. Delanteros: Nicol\u00e1s Silva, Gonzalo R\u00edos y Mat\u00edas Romero.<\/p>\n<p>&nbsp;<\/p>\n<p><em>Foto: Milton Leyendeker, uno de los refuerzos de For Ever<\/em><\/p>\n","protected":false},"excerpt":{"rendered":"<p>For Ever se sigue moviendo en el mercado de pases a pesar en la previa del 2024. En ese sentido, los dirigentes y el DT Diego Osella ya saben que cuentan con siete refuerzos para la Primera Nacional y la idea es que sigan llegando futbolistas en las pr\u00f3ximas horas, teniendo en cuanto que el &hellip;<\/p>\n","protected":false},"author":3,"featured_media":4102,"comment_status":"open","ping_status":"open","sticky":false,"template":"","format":"standard","meta":{"footnotes":""},"categories":[5],"tags":[],"class_list":["post-4101","post","type-post","status-publish","format-standard","has-post-thumbnail","hentry","category-futbol"],"_links":{"self":[{"href":"https:\/\/www.sportchaco.com.ar\/index.php?rest_route=\/wp\/v2\/posts\/4101","targetHints":{"allow":["GET"]}}],"collection":[{"href":"https:\/\/www.sportchaco.com.ar\/index.php?rest_route=\/wp\/v2\/posts"}],"about":[{"href":"https:\/\/www.sportchaco.com.ar\/index.php?rest_route=\/wp\/v2\/types\/post"}],"author":[{"embeddable":true,"href":"https:\/\/www.sportchaco.com.ar\/index.php?rest_route=\/wp\/v2\/users\/3"}],"replies":[{"embeddable":true,"href":"https:\/\/www.sportchaco.com.ar\/index.php?rest_route=%2Fwp%2Fv2%2Fcomments&post=4101"}],"version-history":[{"count":1,"href":"https:\/\/www.sportchaco.com.ar\/index.php?rest_route=\/wp\/v2\/posts\/4101\/revisions"}],"predecessor-version":[{"id":4103,"href":"https:\/\/www.sportchaco.com.ar\/index.php?rest_route=\/wp\/v2\/posts\/4101\/revisions\/4103"}],"wp:featuredmedia":[{"embeddable":true,"href":"https:\/\/www.sportchaco.com.ar\/index.php?rest_route=\/wp\/v2\/media\/4102"}],"wp:attachment":[{"href":"https:\/\/www.sportchaco.com.ar\/index.php?rest_route=%2Fwp%2Fv2%2Fmedia&parent=4101"}],"wp:term":[{"taxonomy":"category","embeddable":true,"href":"https:\/\/www.sportchaco.com.ar\/index.php?rest_route=%2Fwp%2Fv2%2Fcategories&post=4101"},{"taxonomy":"post_tag","embeddable":true,"href":"https:\/\/www.sportchaco.com.ar\/index.php?rest_route=%2Fwp%2Fv2%2Ftags&post=4101"}],"curies":[{"name":"wp","href":"https:\/\/api.w.org\/{rel}","templated":true}]}}