{"id":4104,"date":"2023-12-30T15:44:29","date_gmt":"2023-12-30T18:44:29","guid":{"rendered":"https:\/\/www.sportchaco.com.ar\/?p=4104"},"modified":"2023-12-30T17:22:58","modified_gmt":"2023-12-30T20:22:58","slug":"incertidumbre-en-sarmiento-por-el-presupuesto-del-ano-que-viene","status":"publish","type":"post","link":"https:\/\/www.sportchaco.com.ar\/?p=4104","title":{"rendered":"Incertidumbre en Sarmiento por el presupuesto del a\u00f1o que viene"},"content":{"rendered":"<p>La reciente reuni\u00f3n que tuvo el presidente Javier Besga junto con uno de sus dirigentes cercanos que lo acompa\u00f1an en la CD del \u00abDecano\u00bb, Luciano Donaire, con los integrantes del Directorio de Loter\u00eda Chaque\u00f1a, no arroj\u00f3 certidumbre al respecto y los n\u00fameros de aportes para el club siguen en el aire, a la espera de una respuesta en los primeros d\u00edas del a\u00f1o que viene.<\/p>\n<p>Lo que parec\u00eda un hecho, la vuelta de Ra\u00fal Valdez como entrenador en su tercer mandato, qued\u00f3 circunscripto a la reuni\u00f3n que mantendr\u00e1n con el DT el mi\u00e9rcoles 3 de enero, cuando Besga retorne de Espa\u00f1a donde viaj\u00f3 por motivos personales.<\/p>\n<p>En la primera reuni\u00f3n que mantuvo parte de la CD con Valdez se acord\u00f3 lo estructural en cuanto a pretemporada, plantel y log\u00edstica.<\/p>\n<p>La idea ahora es acordar en lo econ\u00f3mico con el cuerpo t\u00e9cnico de Valdez: Joaqu\u00edn Esp\u00edndola como ayudante de campo y Ricardo \u00abRichard\u00bb Meyer como preparador f\u00edsico. Estos estuvieron trabajando en el \u00faltimo tiempo en Juventud de Puerto Tirol, con resonantes resultados: el \u00abTricolor\u00bb se consagr\u00f3 por primera vez campe\u00f3n en su larga historia en la Liga Chaque\u00f1a. Pero ese v\u00ednculo lleg\u00f3 a su fin este 31 de diciembre, de com\u00fan acuerdo, y por una decisi\u00f3n tanto de Esp\u00edndola como de Meyer de escuchar nuevas ofertas. Si bien ya tuvieron contacto con un dirigente de Sarmiento para incorporarse al club, tanto Esp\u00edndola como Meyer siguen escuchando ofertas por medio de su representante. De hecho, la semana que viene tendr\u00e1n un encuentro con dirigentes de un club formose\u00f1o.<\/p>\n<p>Ya est\u00e1 resuelto que la mayor parte del plantel del Federal \u00abA\u00bb ser\u00e1n futbolistas que vienen actuando en el torneo local, sumado a unos pocos refuerzos que puedan llegar para potenciar al equipo.<\/p>\n<p><iframe loading=\"lazy\" title=\"Raul Valdez\" width=\"500\" height=\"281\" src=\"https:\/\/www.youtube.com\/embed\/stsvGfYlwrI?feature=oembed\" frameborder=\"0\" allow=\"accelerometer; autoplay; clipboard-write; encrypted-media; gyroscope; picture-in-picture; web-share\" referrerpolicy=\"strict-origin-when-cross-origin\" allowfullscreen><\/iframe><\/p>\n","protected":false},"excerpt":{"rendered":"<p>La reciente reuni\u00f3n que tuvo el presidente Javier Besga junto con uno de sus dirigentes cercanos que lo acompa\u00f1an en la CD del \u00abDecano\u00bb, Luciano Donaire, con los integrantes del Directorio de Loter\u00eda Chaque\u00f1a, no arroj\u00f3 certidumbre al respecto y los n\u00fameros de aportes para el club siguen en el aire, a la espera de &hellip;<\/p>\n","protected":false},"author":3,"featured_media":3936,"comment_status":"open","ping_status":"open","sticky":false,"template":"","format":"standard","meta":{"footnotes":""},"categories":[5],"tags":[],"class_list":["post-4104","post","type-post","status-publish","format-standard","has-post-thumbnail","hentry","category-futbol"],"_links":{"self":[{"href":"https:\/\/www.sportchaco.com.ar\/index.php?rest_route=\/wp\/v2\/posts\/4104","targetHints":{"allow":["GET"]}}],"collection":[{"href":"https:\/\/www.sportchaco.com.ar\/index.php?rest_route=\/wp\/v2\/posts"}],"about":[{"href":"https:\/\/www.sportchaco.com.ar\/index.php?rest_route=\/wp\/v2\/types\/post"}],"author":[{"embeddable":true,"href":"https:\/\/www.sportchaco.com.ar\/index.php?rest_route=\/wp\/v2\/users\/3"}],"replies":[{"embeddable":true,"href":"https:\/\/www.sportchaco.com.ar\/index.php?rest_route=%2Fwp%2Fv2%2Fcomments&post=4104"}],"version-history":[{"count":3,"href":"https:\/\/www.sportchaco.com.ar\/index.php?rest_route=\/wp\/v2\/posts\/4104\/revisions"}],"predecessor-version":[{"id":4110,"href":"https:\/\/www.sportchaco.com.ar\/index.php?rest_route=\/wp\/v2\/posts\/4104\/revisions\/4110"}],"wp:featuredmedia":[{"embeddable":true,"href":"https:\/\/www.sportchaco.com.ar\/index.php?rest_route=\/wp\/v2\/media\/3936"}],"wp:attachment":[{"href":"https:\/\/www.sportchaco.com.ar\/index.php?rest_route=%2Fwp%2Fv2%2Fmedia&parent=4104"}],"wp:term":[{"taxonomy":"category","embeddable":true,"href":"https:\/\/www.sportchaco.com.ar\/index.php?rest_route=%2Fwp%2Fv2%2Fcategories&post=4104"},{"taxonomy":"post_tag","embeddable":true,"href":"https:\/\/www.sportchaco.com.ar\/index.php?rest_route=%2Fwp%2Fv2%2Ftags&post=4104"}],"curies":[{"name":"wp","href":"https:\/\/api.w.org\/{rel}","templated":true}]}}