{"id":4137,"date":"2024-01-03T00:03:56","date_gmt":"2024-01-03T03:03:56","guid":{"rendered":"https:\/\/www.sportchaco.com.ar\/?p=4137"},"modified":"2024-01-02T10:45:25","modified_gmt":"2024-01-02T13:45:25","slug":"efemerides-del-3-de-enero","status":"publish","type":"post","link":"https:\/\/www.sportchaco.com.ar\/?p=4137","title":{"rendered":"Efem\u00e9rides del 3 de enero"},"content":{"rendered":"<p><strong>1979 <\/strong>\/ Gabriel Milovich es convocado por la CAB para entrenar con la Selecci\u00f3n Nacional Juvenil de B\u00e1squetbol, con miras al Sudamericano de Montevideo, cuyo entrenador es Le\u00f3n Najnudel.<\/p>\n<p>&nbsp;<\/p>\n<p><strong>1979 <\/strong>\/ Al darse a conocer el ranking de la AMB de los pluma juniors, aparece tercero Sergio V\u00edctor Palma, el campe\u00f3n es Ricardo Cardona. En pesados Domingo D\u2018El\u00eda, estaba d\u00e9cimo cuando reinaba Mohamed Al\u00ed.<\/p>\n<p>&nbsp;<\/p>\n<p><strong>1985 <\/strong>\/ El jugador de Chaco For Ever Celso Freyre, es asaltado y secuestrado por algunas horas, para luego ser abandonado en cercan\u00edas de una laguna aleda\u00f1a a la ciudad de Resistencia, llev\u00e1ndose los delincuentes todas sus pertenencias.<\/p>\n<p>&nbsp;<\/p>\n<p>2012 \/ Falleci\u00f3 el destacado dirigente deportivo Abraham Rabinovich \u00a0a los 72 a\u00f1os. Hab\u00eda nacido un 11 de agosto de 1939\u00a0 en La Capilla (Entre R\u00edos). Lleg\u00f3 al Chaco cuando ten\u00eda 14 a\u00f1os y se recibi\u00f3 de bachiller en el Colegio Nacional \u201cJos\u00e9 Mar\u00eda Paz\u201d. Fue presidente de chaco For Ever entre 1973 y 1984, los a\u00f1os de mayor esplendor de la entidad, en los que se gan\u00f3 el mote de \u201cGrande del Interior\u201d y pas\u00f3 a ser sin\u00f3nimo de Chaco. El 1 de diciembre de 2015 se impuso su nombre al nuevo play\u00f3n deportivo construido en el club.<\/p>\n<p>&nbsp;<\/p>\n<p>&nbsp;<\/p>\n<h3><\/h3>\n","protected":false},"excerpt":{"rendered":"<p>1979 \/ Gabriel Milovich es convocado por la CAB para entrenar con la Selecci\u00f3n Nacional Juvenil de B\u00e1squetbol, con miras al Sudamericano de Montevideo, cuyo entrenador es Le\u00f3n Najnudel. &nbsp; 1979 \/ Al darse a conocer el ranking de la AMB de los pluma juniors, aparece tercero Sergio V\u00edctor Palma, el campe\u00f3n es Ricardo Cardona. &hellip;<\/p>\n","protected":false},"author":2,"featured_media":4140,"comment_status":"open","ping_status":"open","sticky":false,"template":"","format":"standard","meta":{"footnotes":""},"categories":[45],"tags":[],"class_list":["post-4137","post","type-post","status-publish","format-standard","has-post-thumbnail","hentry","category-efemerides-dia-por-dia"],"_links":{"self":[{"href":"https:\/\/www.sportchaco.com.ar\/index.php?rest_route=\/wp\/v2\/posts\/4137","targetHints":{"allow":["GET"]}}],"collection":[{"href":"https:\/\/www.sportchaco.com.ar\/index.php?rest_route=\/wp\/v2\/posts"}],"about":[{"href":"https:\/\/www.sportchaco.com.ar\/index.php?rest_route=\/wp\/v2\/types\/post"}],"author":[{"embeddable":true,"href":"https:\/\/www.sportchaco.com.ar\/index.php?rest_route=\/wp\/v2\/users\/2"}],"replies":[{"embeddable":true,"href":"https:\/\/www.sportchaco.com.ar\/index.php?rest_route=%2Fwp%2Fv2%2Fcomments&post=4137"}],"version-history":[{"count":1,"href":"https:\/\/www.sportchaco.com.ar\/index.php?rest_route=\/wp\/v2\/posts\/4137\/revisions"}],"predecessor-version":[{"id":4142,"href":"https:\/\/www.sportchaco.com.ar\/index.php?rest_route=\/wp\/v2\/posts\/4137\/revisions\/4142"}],"wp:featuredmedia":[{"embeddable":true,"href":"https:\/\/www.sportchaco.com.ar\/index.php?rest_route=\/wp\/v2\/media\/4140"}],"wp:attachment":[{"href":"https:\/\/www.sportchaco.com.ar\/index.php?rest_route=%2Fwp%2Fv2%2Fmedia&parent=4137"}],"wp:term":[{"taxonomy":"category","embeddable":true,"href":"https:\/\/www.sportchaco.com.ar\/index.php?rest_route=%2Fwp%2Fv2%2Fcategories&post=4137"},{"taxonomy":"post_tag","embeddable":true,"href":"https:\/\/www.sportchaco.com.ar\/index.php?rest_route=%2Fwp%2Fv2%2Ftags&post=4137"}],"curies":[{"name":"wp","href":"https:\/\/api.w.org\/{rel}","templated":true}]}}