{"id":4143,"date":"2024-01-02T11:01:13","date_gmt":"2024-01-02T14:01:13","guid":{"rendered":"https:\/\/www.sportchaco.com.ar\/?p=4143"},"modified":"2024-01-02T11:01:13","modified_gmt":"2024-01-02T14:01:13","slug":"arranco-diego-martinez-en-boca-en-el-predio-de-ezeiza","status":"publish","type":"post","link":"https:\/\/www.sportchaco.com.ar\/?p=4143","title":{"rendered":"Arranc\u00f3 Diego Mart\u00ednez en Boca en el Predio de Ezeiza"},"content":{"rendered":"<p id=\"titulo_cable\" class=\"title\">\n<div id=\"div_cuerpo\" class=\"content cable-content\">El plantel de Boca Juniors volvi\u00f3 esta ma\u00f1ana a los trabajos en el Predio de Ezeiza con su nuevo entrenador, Diego Mart\u00ednez, en el arranque de la pretemporada y con la mira puesta en el debut en la Copa Argentina y el arranque de Copa de la Liga, el 28 de enero de visitante ante Platense.<\/p>\n<p>El flamante t\u00e9cnico, de 44 a\u00f1os, lleg\u00f3 pasadas las 6 de la ma\u00f1ana al predio junto con sus ocho colaboradores, cuando arrancaron con los preparativos para el comienzo de la pretemporada.<\/p>\n<p>En tanto, el \u00e1rea de prensa de Boca indic\u00f3 que hoy no ser\u00e1 presentado el director t\u00e9cnico a los medios y que posiblemente ello ocurrir\u00e1 ma\u00f1ana, aunque no est\u00e1 confirmada a\u00fan su primera conferencia de prensa como DT \u00abxeneize\u00bb.<\/p>\n<p>Los futbolistas, que vienen de 36 d\u00edas de vacaciones, llegaron para desayunar y luego de la presentaci\u00f3n del cuerpo t\u00e9cnico comenzaron a realizarse los estudios m\u00e9dicos correspondientes.<\/p>\n<p>Entre las nuevas caras est\u00e1n los jugadores que llegaron a pr\u00e9stamo, algunos como Aaron Molinas y Agust\u00edn Obando que van a ser tenidos en cuenta por el t\u00e9cnico, quien ya los dirigi\u00f3 en su paso por Tigre.<\/p>\n<p>En cuanto a refuerzos, Cristian Lema y \u00c9ver Banega est\u00e1n muy cerca de incorporarse en las pr\u00f3ximas horas al plantel boquense.<\/p>\n<p>Lema no continuar\u00e1 en Lan\u00fas y no se present\u00f3 la semana pasada al inicio de la pretemporada del \u00abGranate\u00bb. El zaguero ya avis\u00f3 que no seguir\u00e1 en el club sure\u00f1o y que ejecutar\u00e1 la cl\u00e1usula de salida del pase que ten\u00eda en su poder, que es de 400.000 d\u00f3lares.<\/p>\n<p>En la zaga central, aparte de dejar en libertad de acci\u00f3n a Facundo Roncaglia, Boca est\u00e1 por transferir a un club de Paraguay a Bruno Valdez en este mercado de pases, y tiene adem\u00e1s una oferta de un club italiano por Nicol\u00e1s Valentini, de muy buen segundo semestre 2023 en el \u00abXeneize\u00bb.<\/p>\n<p>Otro posible regreso es el de \u00c9ver Banega, quien ya le inform\u00f3 a su club -Al Shabab de Arabia Saudita- que no seguir\u00e1 y tratar\u00e1 de interrumpir su contrato, que vence el 30 de junio de 2024.<\/p>\n<p>Para que el volante vuelva a ponerse la camiseta azul y oro, deber\u00e1 pagar 4 millones de d\u00f3lares para quedar en libertad de acci\u00f3n. Las negociaciones apuntan a acordar una cifra inferior, mientras Banega est\u00e1 en Punta del Este de vacaciones, a la espera de las novedades.<\/p><\/div>\n<div class=\"file-options\"><\/div>\n<div><\/div>\n<h3>Foto: Diego Mart\u00ednez con su cuerpo t\u00e9cnico, primer d\u00eda en Boca<\/h3>\n","protected":false},"excerpt":{"rendered":"<p>El plantel de Boca Juniors volvi\u00f3 esta ma\u00f1ana a los trabajos en el Predio de Ezeiza con su nuevo entrenador, Diego Mart\u00ednez, en el arranque de la pretemporada y con la mira puesta en el debut en la Copa Argentina y el arranque de Copa de la Liga, el 28 de enero de visitante ante &hellip;<\/p>\n","protected":false},"author":2,"featured_media":4144,"comment_status":"open","ping_status":"open","sticky":false,"template":"","format":"standard","meta":{"footnotes":""},"categories":[5],"tags":[],"class_list":["post-4143","post","type-post","status-publish","format-standard","has-post-thumbnail","hentry","category-futbol"],"_links":{"self":[{"href":"https:\/\/www.sportchaco.com.ar\/index.php?rest_route=\/wp\/v2\/posts\/4143","targetHints":{"allow":["GET"]}}],"collection":[{"href":"https:\/\/www.sportchaco.com.ar\/index.php?rest_route=\/wp\/v2\/posts"}],"about":[{"href":"https:\/\/www.sportchaco.com.ar\/index.php?rest_route=\/wp\/v2\/types\/post"}],"author":[{"embeddable":true,"href":"https:\/\/www.sportchaco.com.ar\/index.php?rest_route=\/wp\/v2\/users\/2"}],"replies":[{"embeddable":true,"href":"https:\/\/www.sportchaco.com.ar\/index.php?rest_route=%2Fwp%2Fv2%2Fcomments&post=4143"}],"version-history":[{"count":1,"href":"https:\/\/www.sportchaco.com.ar\/index.php?rest_route=\/wp\/v2\/posts\/4143\/revisions"}],"predecessor-version":[{"id":4145,"href":"https:\/\/www.sportchaco.com.ar\/index.php?rest_route=\/wp\/v2\/posts\/4143\/revisions\/4145"}],"wp:featuredmedia":[{"embeddable":true,"href":"https:\/\/www.sportchaco.com.ar\/index.php?rest_route=\/wp\/v2\/media\/4144"}],"wp:attachment":[{"href":"https:\/\/www.sportchaco.com.ar\/index.php?rest_route=%2Fwp%2Fv2%2Fmedia&parent=4143"}],"wp:term":[{"taxonomy":"category","embeddable":true,"href":"https:\/\/www.sportchaco.com.ar\/index.php?rest_route=%2Fwp%2Fv2%2Fcategories&post=4143"},{"taxonomy":"post_tag","embeddable":true,"href":"https:\/\/www.sportchaco.com.ar\/index.php?rest_route=%2Fwp%2Fv2%2Ftags&post=4143"}],"curies":[{"name":"wp","href":"https:\/\/api.w.org\/{rel}","templated":true}]}}