{"id":4146,"date":"2024-01-02T11:14:28","date_gmt":"2024-01-02T14:14:28","guid":{"rendered":"https:\/\/www.sportchaco.com.ar\/?p=4146"},"modified":"2024-01-02T11:14:28","modified_gmt":"2024-01-02T14:14:28","slug":"el-diablito-es-mayor-de-edad","status":"publish","type":"post","link":"https:\/\/www.sportchaco.com.ar\/?p=4146","title":{"rendered":"El Diablito es mayor de edad"},"content":{"rendered":"<h2 class=\"sc-e441548f-8 LJnB\">Arranca su \u00faltimo a\u00f1o en River, que sigue intercambiando documentaci\u00f3n con los ingleses.<\/h2>\n<div>\n<div class=\"socialAuthorContainer\">\n<div>\n<div class=\"sc-14139f57-0 fMyGVt\"><span class=\"sc-14139f57-1 idHkLg AuthorName\">Por<a href=\"https:\/\/www.ole.com.ar\/autor\/nico-berardo\">Nico Berardo &#8211; Diario Ole<\/a><\/span><\/div>\n<\/div>\n<div class=\"sc-e441548f-9 jVwUVU\">\n<ul class=\"sc-ba064876-0 gNgjGQ\">\n<li><\/li>\n<\/ul>\n<\/div>\n<\/div>\n<div class=\"sc-e441548f-10 bGAFVG\"><\/div>\n<article id=\"storyBody\" class=\"sc-e441548f-11 iKXemG\">\n<div class=\"custom-text \">\n<p><span style=\"color: #000000;\">Cumple el\u00a0<a class=\"slug\" style=\"color: #000000;\" title=\"Claudio Echeverri\" href=\"https:\/\/www.ole.com.ar\/tema\/claudio-echeverri.html\">Diablito Echeverri<\/a>.\u00a0Cumple dieciocho a\u00f1os mientras transita el que ser\u00e1 su \u00faltimo a\u00f1o en\u00a0<a class=\"slug\" style=\"color: #000000;\" title=\"River Plate\" href=\"https:\/\/www.ole.com.ar\/tema\/river-plate.html\">River<\/a>. Entre el martes y el mi\u00e9rcoles, dependiendo de los \u00faltimos detalles que se est\u00e1n conversando,\u00a0habr\u00e1 acuerdo entre el club argentino y el\u00a0<a class=\"slug\" style=\"color: #000000;\" title=\"City Football Group\" href=\"https:\/\/www.ole.com.ar\/tema\/city-football-group.html\">City Group<\/a>\u00a0por el traspaso del juvenil, que firmar\u00e1 por seis temporadas. Una operaci\u00f3n que se oficializar\u00e1 m\u00e1s temprano que tarde -dado el receso de Fiestas la negociaci\u00f3n podr\u00eda estirarse un poco m\u00e1s de lo esperado- y que incluir\u00e1\u00a0cifras a pagar en efectivo, bonus por productividad pero sobre todo un acuerdo de cesi\u00f3n por 12 meses. Ese a\u00f1o que hace diez d\u00edas el jugador prometi\u00f3 que se quedar\u00eda, luego de revelar en Santiago del Estero que no renovar\u00eda su contrato.<\/span><\/p>\n<\/div>\n<div class=\"custom-text \">\n<p><span style=\"color: #000000;\">\u00bfQu\u00e9 deseos le elevar\u00e1 a la gracia de las velitas? \u00bfAlcanzan tres? Por lo pronto Echeverri deber\u00e1 tener paciencia:\u00a0el a\u00f1o implicar\u00e1 retos.\u00a0Si el City Group decidi\u00f3 que se quede un tiempo m\u00e1s en River es para que complete all\u00ed su maduraci\u00f3n emocional, f\u00edsica y futbol\u00edstica. En otras palabras:\u00a0deber\u00e1 ganarse un lugar preponderante en el equipo de\u00a0<a class=\"slug\" style=\"color: #000000;\" title=\"Martin Demichelis\" href=\"https:\/\/www.ole.com.ar\/tema\/martin-demichelis.html\">Mart\u00edn Demichelis<\/a>, luego sostener a lo largo de todo un partido el nivel de sus primeros 60\u2019 como titular -ante Central, por el Trofeo de Campeones- para despu\u00e9s lograr regularidad en un 2024 que ser\u00e1 exigente por las diversas competencias que su cuadro tendr\u00e1 por delante. En ese contexto, con apenas 18 abriles,\u00a0Echeverri deber\u00e1 aprender a convivir con potenciales vaivenes futbol\u00edsticos propios sin que eso le haga mella.\u00a0Situaci\u00f3n que es posible que ya haya atravesado en alg\u00fan momento como juvenil, pero no con el nivel de exposici\u00f3n que gan\u00f3 su figura a partir de todo lo acontecido en las \u00faltimas semanas.\u00a0Y con un clima que cambi\u00f3 en torno su figura.<\/span><\/p>\n<\/div>\n<div class=\"custom-text \">\n<h2><span style=\"color: #000000;\">El desaf\u00edo no solo ser\u00e1 futbol\u00edstico para el Diablito Echeverri<\/span><\/h2>\n<\/div>\n<div id=\"aa510b8e-4b42-4f99-b253-ed1cd436020b\"><\/div>\n<div class=\"custom-text \">\n<p><span style=\"color: #000000;\">Aquel\u00a0\u201cno voy a renovar\u201d\u00a0que el chaque\u00f1o expres\u00f3 el 22 de diciembre fue le\u00eddo por los fan\u00e1ticos como una reacci\u00f3n de ingratitud hacia un River que cobij\u00f3 a Echeverri desde sus 11 a\u00f1os. La primera mirada del hincha fue que se ir\u00eda libre, que no le dejar\u00eda dinero a la instituci\u00f3n. Sin embargo, aun saliendo a la luz la negociaci\u00f3n con el City Group, la que le garantizar\u00e1 decenas de millones de euros al club,\u00a0ese desgaste todav\u00eda no qued\u00f3 curado.\u00a0Quiz\u00e1s el f\u00fatbol logre, poco a poco, ir cicatrizando las secuelas de aquel sincericidio&#8230;<\/span><\/p>\n<\/div>\n<div class=\"sc-e7b891c4-0 jPbnQF\"><img loading=\"lazy\" decoding=\"async\" src=\"https:\/\/www.ole.com.ar\/images\/2023\/10\/27\/mg2Me_qFT_720x0__1.jpg\" alt=\"River y el City Group est\u00e1n cruzando papeles para terminar de cerrar la transferencia. (Matias Martin Campaya)\" width=\"720\" height=\"100\" data-nimg=\"future\" \/><span class=\"epigraphe\">River y el City Group est\u00e1n cruzando papeles para terminar de cerrar la transferencia. (Matias Martin Campaya)<\/span><\/div>\n<div class=\"custom-text \">\n<p>As\u00ed las cosas, el Diablito descans\u00f3 en Chaco prepar\u00e1ndose, tambi\u00e9n, para completar esa transformaci\u00f3n muscular que inici\u00f3 al ser promovido a Primera en mayo. Un trabajo general monitoreado por los preparadores f\u00edsicos del CT y que complement\u00f3 a contraturno con un profe particular.\u00a0<strong>Un proceso integral que Demichelis entiende que el creativo debe culminar para as\u00ed poder soportar las exigencias de un gigante como River<\/strong>\u00a0en competencias ABC1 como la Copa Libertadores, la gran zanahoria a perseguir.<\/p>\n<\/div>\n<div class=\"custom-text \">\n<p>Echeverri tendr\u00e1 que acostumbrarse a la vida nueva que se le presentar\u00e1 con este a\u00f1o nuevo. Lo har\u00e1 rodeado de su familia, ladera inseparable en cada uno de los pasos que dio desde que lleg\u00f3 a Buenos Aires para empezar a transitar su camino en River. Tambi\u00e9n de un grupo de futbolistas que lo fue apuntalando durante 2023.\u00a0<strong>Uno que si bien se qued\u00f3 con el gran l\u00edder de la manada -Enzo P\u00e9rez- tendr\u00e1 otras voces con curr\u00edculum para facilitarle el andar profesional.<\/strong><\/p>\n<\/div>\n<div class=\"custom-text \">\n<p>En s\u00edntesis: a Echeverri se le avecina un a\u00f1o de crecimiento profesional pero a la vez personal. Pero a una velocidad impensada -y poco saludable- para un chico que, en sumatoria de minutos, apenas super\u00f3 los dos partidos completos en Primera (186\u2019). Y asimilando que m\u00e1s all\u00e1 de la \u00faltima hoja del almanaque\u00a0<strong>no habr\u00e1 un viaje a Manchester para integrarse al plantel del campe\u00f3n del mundo y de la Champions\u00a0<\/strong><a title=\"sino una escala previa en un equipo de menor fuste (\u00bfGirona, parte de la escuder\u00eda del CG?)\" href=\"https:\/\/www.ole.com.ar\/river-plate\/diablito-echeverri-manchester-city-girona-pase-river_0_cxsk6wXuQk.html\" target=\"_self\" rel=\"noopener\">sino una escala previa en un equipo de menor fuste (\u00bfGirona, parte de la escuder\u00eda del CG?)<\/a>\u00a0a modo de aclimataci\u00f3n a las exigencias UEFA: con el #10 en desuso, t\u00e1cticamente el Diablito tendr\u00e1 que aprender a ser vers\u00e1til. Un proceso que deber\u00e1 iniciar este a\u00f1o.\u00a0<strong>Uno que ser\u00e1 largo, dif\u00edcil, pero que tanto el jugador como River desean que se cumpla feliz.<\/strong><\/p>\n<\/div>\n<div class=\"sc-e7b891c4-0 jPbnQF\"><img loading=\"lazy\" decoding=\"async\" src=\"https:\/\/www.ole.com.ar\/images\/2023\/12\/27\/NLzJBrBmk_720x0__1.jpg\" alt=\"El Diablito podr\u00eda hacer una parada en Girona antes de desembarcar en el monstruo de Manchester.\" width=\"720\" height=\"100\" data-nimg=\"future\" \/><span class=\"epigraphe\">El Diablito podr\u00eda hacer una parada en Girona antes de desembarcar en el monstruo de Manchester.<\/span><\/div>\n<h3><\/h3>\n<\/article>\n<\/div>\n<h3>Foto de tapa el Diablito con Elian en Villa R\u00edo Negro.<\/h3>\n","protected":false},"excerpt":{"rendered":"<p>Arranca su \u00faltimo a\u00f1o en River, que sigue intercambiando documentaci\u00f3n con los ingleses. PorNico Berardo &#8211; Diario Ole Cumple el\u00a0Diablito Echeverri.\u00a0Cumple dieciocho a\u00f1os mientras transita el que ser\u00e1 su \u00faltimo a\u00f1o en\u00a0River. Entre el martes y el mi\u00e9rcoles, dependiendo de los \u00faltimos detalles que se est\u00e1n conversando,\u00a0habr\u00e1 acuerdo entre el club argentino y el\u00a0City Group\u00a0por &hellip;<\/p>\n","protected":false},"author":2,"featured_media":4147,"comment_status":"open","ping_status":"open","sticky":false,"template":"","format":"standard","meta":{"footnotes":""},"categories":[47],"tags":[],"class_list":["post-4146","post","type-post","status-publish","format-standard","has-post-thumbnail","hentry","category-nacionales"],"_links":{"self":[{"href":"https:\/\/www.sportchaco.com.ar\/index.php?rest_route=\/wp\/v2\/posts\/4146","targetHints":{"allow":["GET"]}}],"collection":[{"href":"https:\/\/www.sportchaco.com.ar\/index.php?rest_route=\/wp\/v2\/posts"}],"about":[{"href":"https:\/\/www.sportchaco.com.ar\/index.php?rest_route=\/wp\/v2\/types\/post"}],"author":[{"embeddable":true,"href":"https:\/\/www.sportchaco.com.ar\/index.php?rest_route=\/wp\/v2\/users\/2"}],"replies":[{"embeddable":true,"href":"https:\/\/www.sportchaco.com.ar\/index.php?rest_route=%2Fwp%2Fv2%2Fcomments&post=4146"}],"version-history":[{"count":1,"href":"https:\/\/www.sportchaco.com.ar\/index.php?rest_route=\/wp\/v2\/posts\/4146\/revisions"}],"predecessor-version":[{"id":4148,"href":"https:\/\/www.sportchaco.com.ar\/index.php?rest_route=\/wp\/v2\/posts\/4146\/revisions\/4148"}],"wp:featuredmedia":[{"embeddable":true,"href":"https:\/\/www.sportchaco.com.ar\/index.php?rest_route=\/wp\/v2\/media\/4147"}],"wp:attachment":[{"href":"https:\/\/www.sportchaco.com.ar\/index.php?rest_route=%2Fwp%2Fv2%2Fmedia&parent=4146"}],"wp:term":[{"taxonomy":"category","embeddable":true,"href":"https:\/\/www.sportchaco.com.ar\/index.php?rest_route=%2Fwp%2Fv2%2Fcategories&post=4146"},{"taxonomy":"post_tag","embeddable":true,"href":"https:\/\/www.sportchaco.com.ar\/index.php?rest_route=%2Fwp%2Fv2%2Ftags&post=4146"}],"curies":[{"name":"wp","href":"https:\/\/api.w.org\/{rel}","templated":true}]}}