{"id":4178,"date":"2024-01-03T21:57:05","date_gmt":"2024-01-04T00:57:05","guid":{"rendered":"https:\/\/www.sportchaco.com.ar\/?p=4178"},"modified":"2024-01-03T21:57:05","modified_gmt":"2024-01-04T00:57:05","slug":"for-ever-arranco-la-pretemporada","status":"publish","type":"post","link":"https:\/\/www.sportchaco.com.ar\/?p=4178","title":{"rendered":"For Ever arranc\u00f3 la pretemporada"},"content":{"rendered":"<p>El conjunto Albinegro comenz\u00f3 con los trabajos preparativos para la temporada 2024 de la Primera Nacional.<\/p>\n<p>El plantel se present\u00f3 en el club bajo las \u00f3rdenes de Diego Osella y su cuerpo t\u00e9cnico.<\/p>\n<p>Primeramente, fue el presidente H\u00e9ctor G\u00f3mez, acompa\u00f1ado por la Comisi\u00f3n Directiva quien se dirigi\u00f3 al plantel para luego dar lugar a la palabra del DT al frente del grupo.<\/p>\n<p>En cu\u00e1nto a los refuerzos que llegaron al club, esta tarde se presentaron los siguientes jugadores:<\/p>\n<p>Gonzalo Lucero, delantero. Ex Uni\u00f3n Magdalena (Colombia)<\/p>\n<p>Rodrigo V\u00e9lez, volante central. Ex Trist\u00e1n Su\u00e1rez.<\/p>\n<p>Gonzalo Ca\u00f1ete, delantero. Ex Sarmiento de Resistencia.<\/p>\n<p>Milton Leyendeker, defensor central. Ex Agropecuario.<\/p>\n<p>Lucio P\u00e9rez, lateral derecho. Ex Sportivo Belgrano.<\/p>\n<p>Leonel Gigli, defensor central. Ex Real Cartagena (Colombia)<\/p>\n<p>Enzo Tamborelli, defensor central. Ex Dock Sud.<\/p>\n<p>Agust\u00edn Bell\u00f3ne, lateral derecho. Ex Atl\u00e9tico Mitre.<\/p>\n<p>Santiago Bustos, lateral izquierdo. Ex San Telmo.<\/p>\n<p>Daniel Gonz\u00e1lez, volante por izquierda, ex Atl\u00e9tico Mitre.<\/p>\n<p>Brando Obreg\u00f3n, enganche. Ex Brown de Adrogu\u00e9.<\/p>\n<p>Mientras tanto, se espera que en la semana lleguen los centrales Maximiliano Romero y Gonzalo Soto junto con el lateral izquierdo Lucas Krupzky.<\/p>\n<p>As\u00ed qued\u00f3 conformado el plantel que se present\u00f3 este mi\u00e9rcoles:<\/p>\n<p><strong>Arqueros:<\/strong> Gast\u00f3n Canuto y Leandro Ledesma, Leonardo Garcete.<\/p>\n<p><strong>Defensores:<\/strong> Dami\u00e1n Garc\u00eda, David Valdez, Marcos Fissore, Milton Leyendeker, Lucio P\u00e9rez, Leonel Gigli, Enzo Tamborelli, Agust\u00edn Bell\u00f3ne, Santiago Bustos, Marcos Ojeda.<\/p>\n<p><strong>Mediocampistas:<\/strong> Santiago Valenzuela, H\u00e9ctor Zabala, Mateo Maccari, Alan Sombra, Marcos Gim\u00e9nez, Gonzalo Lucero, Rodrigo V\u00e9lez, Daniel Gonz\u00e1lez, Brando Obreg\u00f3n, Javier Iritier.<\/p>\n<p><strong>Delanteros:<\/strong> Gonzalo Ca\u00f1ete, Alejandro Aquino, Cristian Ibarra.<\/p>\n<p><strong>Cuerpo t\u00e9cnico:<\/strong><br \/>\nDirector T\u00e9cnico, Diego Osella.<br \/>\nAyudante de Campo, Federico Saldari.<br \/>\nAyudante alterno, Abel Camino.<br \/>\nPreparador F\u00edsico, Lionel Lucci.<br \/>\nEntrenador de arqueros, Cristian Mazzon.<\/p>\n<p>La pretemporada continuar\u00e1 durante la semana con entrenamientos en doble turno el jueves y viernes, volviendo a un solo turno el s\u00e1bado.<\/p>\n","protected":false},"excerpt":{"rendered":"<p>El conjunto Albinegro comenz\u00f3 con los trabajos preparativos para la temporada 2024 de la Primera Nacional. El plantel se present\u00f3 en el club bajo las \u00f3rdenes de Diego Osella y su cuerpo t\u00e9cnico. Primeramente, fue el presidente H\u00e9ctor G\u00f3mez, acompa\u00f1ado por la Comisi\u00f3n Directiva quien se dirigi\u00f3 al plantel para luego dar lugar a la &hellip;<\/p>\n","protected":false},"author":3,"featured_media":4179,"comment_status":"open","ping_status":"open","sticky":false,"template":"","format":"standard","meta":{"footnotes":""},"categories":[5],"tags":[],"class_list":["post-4178","post","type-post","status-publish","format-standard","has-post-thumbnail","hentry","category-futbol"],"_links":{"self":[{"href":"https:\/\/www.sportchaco.com.ar\/index.php?rest_route=\/wp\/v2\/posts\/4178","targetHints":{"allow":["GET"]}}],"collection":[{"href":"https:\/\/www.sportchaco.com.ar\/index.php?rest_route=\/wp\/v2\/posts"}],"about":[{"href":"https:\/\/www.sportchaco.com.ar\/index.php?rest_route=\/wp\/v2\/types\/post"}],"author":[{"embeddable":true,"href":"https:\/\/www.sportchaco.com.ar\/index.php?rest_route=\/wp\/v2\/users\/3"}],"replies":[{"embeddable":true,"href":"https:\/\/www.sportchaco.com.ar\/index.php?rest_route=%2Fwp%2Fv2%2Fcomments&post=4178"}],"version-history":[{"count":1,"href":"https:\/\/www.sportchaco.com.ar\/index.php?rest_route=\/wp\/v2\/posts\/4178\/revisions"}],"predecessor-version":[{"id":4180,"href":"https:\/\/www.sportchaco.com.ar\/index.php?rest_route=\/wp\/v2\/posts\/4178\/revisions\/4180"}],"wp:featuredmedia":[{"embeddable":true,"href":"https:\/\/www.sportchaco.com.ar\/index.php?rest_route=\/wp\/v2\/media\/4179"}],"wp:attachment":[{"href":"https:\/\/www.sportchaco.com.ar\/index.php?rest_route=%2Fwp%2Fv2%2Fmedia&parent=4178"}],"wp:term":[{"taxonomy":"category","embeddable":true,"href":"https:\/\/www.sportchaco.com.ar\/index.php?rest_route=%2Fwp%2Fv2%2Fcategories&post=4178"},{"taxonomy":"post_tag","embeddable":true,"href":"https:\/\/www.sportchaco.com.ar\/index.php?rest_route=%2Fwp%2Fv2%2Ftags&post=4178"}],"curies":[{"name":"wp","href":"https:\/\/api.w.org\/{rel}","templated":true}]}}