{"id":4186,"date":"2024-01-03T22:19:59","date_gmt":"2024-01-04T01:19:59","guid":{"rendered":"https:\/\/www.sportchaco.com.ar\/?p=4186"},"modified":"2024-01-04T11:12:19","modified_gmt":"2024-01-04T14:12:19","slug":"villa-san-martin-retomo-los-entrenamientos-para-la-segunda-parte-de-la-temporada","status":"publish","type":"post","link":"https:\/\/www.sportchaco.com.ar\/?p=4186","title":{"rendered":"Villa San Mart\u00edn retom\u00f3 los entrenamientos para la segunda parte de la temporada"},"content":{"rendered":"<p>Con vistas al inicio de la segunda parte de la temporada de la Liga Argentina de B\u00e1squetbol, Villa San Mart\u00edn regres\u00f3 ayer por la noche a los entrenamientos y ma\u00f1ana ya partir\u00e1 rumbo a San Juan donde el s\u00e1bado se medir\u00e1 frente a J\u00e1chal en el marco de un nuevo compromiso por la Conferencia Norte.<\/p>\n<p>La primera pr\u00e1ctica cont\u00f3 con algunas ausencia, ya que varios jugadores no pudieron estar ya que sus respectivos transportes ten\u00edan hora de arribo a Resistencia m\u00e1s all\u00e1 de las 20, que fue el horario en que comenz\u00f3 el entrenamiento, pero para hoy, cuando se trabajara en horario matutino, Gast\u00f3n Castro ya contar\u00e1 con el plantel completo.<\/p>\n<p>Cabe destacar que para esta segunda parte del certamen de ascenso, el \u00abTricolor\u00bb sum\u00f3 a sus filas a Alejo Toledo, quien viene de tener muy buenos resultados en Capital Federal disputando la Liga Federal.<\/p>\n<p>Su \u00faltimo club fue Independiente de Avellaneda, aunque anteriormente jug\u00f3 en Porte\u00f1o, V\u00e9lez Sarsfield y Pedro Echag\u00fce. En lo que se refiere a la actividad oficial, el plantel tendr\u00e1 pocos d\u00edas de trabajos grupales, ya que ma\u00f1ana encarara su primera gira del a\u00f1o por San Juan y La Rioja, donde se medir\u00e1 el s\u00e1bado a las 22 a Jachal y el lunes a las 22 a Amancay.<\/p>\n<p>&nbsp;<\/p>\n<p>&nbsp;<\/p>\n<p><strong>LOS PARTIDOS DE ENERO<\/strong><\/p>\n<p>S\u00e1bado 6\/1: 22 horas J\u00e1chal de San Juan &#8211; Villa San Mart\u00edn.<\/p>\n<p>Lunes 8\/1: 22 horas Amancay de La Rioja &#8211; Villa San Mart\u00edn.<\/p>\n<p>S\u00e1bado 20\/1: 21 horas Villa San Mart\u00edn &#8211; Salta Basket.<\/p>\n<p>Mi\u00e9rcoles 24\/1: 22 horas Sportivo Suardi &#8211; Villa San Mart\u00edn.<\/p>\n<p>Viernes 26\/1: 21 horas Deportivo Norte de Armstrong &#8211; Villa San Mart\u00edn.<\/p>\n<p>Domingo 28\/1: 21 horas San Isidro de San Francisco &#8211; Villa San Mart\u00edn.<\/p>\n<p>&nbsp;<\/p>\n<p>&nbsp;<\/p>\n<h2>Gast\u00f3n Castro: \u201cEl equipo est\u00e1 muy comprometido con el proyecto Villa San Mart\u00edn\u201d<\/h2>\n<p>&nbsp;<\/p>\n<p><strong>El elenco tricolor sin dudas es uno de los principales animadores de la temporada 23\/ 24 de la Liga Argentina de B\u00e1squet. En lo que fue la primera parte, mostr\u00f3 un gran nivel como local y visitante. Este s\u00e1bado 6 debuta en el 2024 ante su par de Jachal fuera de casa.<\/strong><\/p>\n<p><strong>\u00a0<\/strong><\/p>\n<p>&nbsp;<\/p>\n<p>En el marco de la temporada 23\/ 24 de la Liga Argentina de B\u00e1squet, Villa San Mart\u00edn volvi\u00f3 a los entrenamientos, con caras nuevas y con toda la confianza de continuar por el buen camino que sin dudas lo posicion\u00f3 como uno de los animadores y equipos a vencer en la Conferencia Norte.<\/p>\n<p>&nbsp;<\/p>\n<p>La primera etapa de esta temporada fue buena, m\u00e1s que nada porque pudimos hacer una buena pretemporada, armar un plantel nuevo y encontrar r\u00e1pidamente algunos puntos altos del equipo\u201d, fueron las primeras palabras del entrenador principal del elenco tricolor, Gast\u00f3n Castro, quien a su vez destac\u00f3 al equipo quien \u201ctiene mucho car\u00e1cter y est\u00e1 muy comprometido con el proyecto Villa San Mart\u00edn\u201d.<\/p>\n<p>&nbsp;<\/p>\n<p>Actualmente, Villa San Mart\u00edn se ubica en la cuarta posici\u00f3n, cosechando 22 unidades, fruto de 9 victorias y 4 ca\u00eddas. \u201cSomos un equipo que tenemos gol en varios jugadores, una variedad ofensiva que encontramos a trav\u00e9s de los ataques fijos\u201d, destac\u00f3 Castro.<\/p>\n<p>&nbsp;<\/p>\n<p>Con respecto al nivel y exigencias de la Conferencia Norte, el entrenador tricolor fue muy claro al analizar la misma. \u201cLa Conferencia Norte es muy pareja, quiz\u00e1s hay uno o dos equipos que se cortan. Siempre cada partido hay que estar concentrado, donde\u00a0 hay rivales dif\u00edciles con jugadores j\u00f3venes y equipos largos y todos se han armado muy bien\u201d, remarc\u00f3.<\/p>\n<p>&nbsp;<\/p>\n<p>&nbsp;<\/p>\n<p><strong>EL EQUIPO<\/strong><\/p>\n<p>&nbsp;<\/p>\n<p>En cuanto al equipo que arm\u00f3 Villa San Mart\u00edn y que despu\u00e9s tuvo que rearmarse en algunas fichas y posiciones, Gast\u00f3n Castro repas\u00f3 y fue contundente. \u201cVen\u00edamos trabajando en terminar de armar el equipo, teniendo la idea de traer un pivote con peso ofensivo cerca del aro, que pueda rebotear y darnos seguridad en la defensa, pero ocurri\u00f3 la lesi\u00f3n de Hans Feder Ponce, pero lo supimos reemplazar en la zona pintada y trajimos al extranjero Joshua Morris, que creemos que nos puede dar el goleo que llevaba Hans\u201d, continuando, \u201cadem\u00e1s vuelve un jugador de la casa como Alejo Toledo, que es un jugador de rol, puede hacer varias cosas como tomar tiros desde el per\u00edmetro, jugar en el poste bajo, adem\u00e1s de que juega muy bien sin la pelota\u201d.<\/p>\n<p>&nbsp;<\/p>\n<p>&nbsp;<\/p>\n<p><strong>IDENTIFICACI\u00d3N Y SENTIDO DE PERTENENCIA<\/strong><\/p>\n<p>&nbsp;<\/p>\n<p>\u201cNosotros cada vez que armamos los equipos, junto con la dirigencia nos planteamos objetivos de siempre pelear arriba, este a\u00f1o fue lograr una identificaci\u00f3n y sentido de pertenencia con la gente y el club, eso lo logramos y es un objetivo que ya lo venimos cumpliendo\u201d, finaliz\u00f3.<\/p>\n<p>&nbsp;<\/p>\n<p>&nbsp;<\/p>\n<p><strong>LO QUE SE VIENE<\/strong><\/p>\n<p>Villa San Mart\u00edn debuta este a\u00f1o, en lo que ser\u00e1 la segunda parte de la temporada, este s\u00e1bado 6 de enero, en condici\u00f3n de visitante (estadio Papa Francisco), ante su par de Jachal, a partir de las 22 horas.<\/p>\n<p>&nbsp;<\/p>\n<p>&nbsp;<\/p>\n<p>&nbsp;<\/p>\n<p>&nbsp;<\/p>\n","protected":false},"excerpt":{"rendered":"<p>Con vistas al inicio de la segunda parte de la temporada de la Liga Argentina de B\u00e1squetbol, Villa San Mart\u00edn regres\u00f3 ayer por la noche a los entrenamientos y ma\u00f1ana ya partir\u00e1 rumbo a San Juan donde el s\u00e1bado se medir\u00e1 frente a J\u00e1chal en el marco de un nuevo compromiso por la Conferencia Norte. &hellip;<\/p>\n","protected":false},"author":3,"featured_media":4187,"comment_status":"open","ping_status":"open","sticky":false,"template":"","format":"standard","meta":{"footnotes":""},"categories":[3],"tags":[],"class_list":["post-4186","post","type-post","status-publish","format-standard","has-post-thumbnail","hentry","category-basquetbol"],"_links":{"self":[{"href":"https:\/\/www.sportchaco.com.ar\/index.php?rest_route=\/wp\/v2\/posts\/4186","targetHints":{"allow":["GET"]}}],"collection":[{"href":"https:\/\/www.sportchaco.com.ar\/index.php?rest_route=\/wp\/v2\/posts"}],"about":[{"href":"https:\/\/www.sportchaco.com.ar\/index.php?rest_route=\/wp\/v2\/types\/post"}],"author":[{"embeddable":true,"href":"https:\/\/www.sportchaco.com.ar\/index.php?rest_route=\/wp\/v2\/users\/3"}],"replies":[{"embeddable":true,"href":"https:\/\/www.sportchaco.com.ar\/index.php?rest_route=%2Fwp%2Fv2%2Fcomments&post=4186"}],"version-history":[{"count":2,"href":"https:\/\/www.sportchaco.com.ar\/index.php?rest_route=\/wp\/v2\/posts\/4186\/revisions"}],"predecessor-version":[{"id":4200,"href":"https:\/\/www.sportchaco.com.ar\/index.php?rest_route=\/wp\/v2\/posts\/4186\/revisions\/4200"}],"wp:featuredmedia":[{"embeddable":true,"href":"https:\/\/www.sportchaco.com.ar\/index.php?rest_route=\/wp\/v2\/media\/4187"}],"wp:attachment":[{"href":"https:\/\/www.sportchaco.com.ar\/index.php?rest_route=%2Fwp%2Fv2%2Fmedia&parent=4186"}],"wp:term":[{"taxonomy":"category","embeddable":true,"href":"https:\/\/www.sportchaco.com.ar\/index.php?rest_route=%2Fwp%2Fv2%2Fcategories&post=4186"},{"taxonomy":"post_tag","embeddable":true,"href":"https:\/\/www.sportchaco.com.ar\/index.php?rest_route=%2Fwp%2Fv2%2Ftags&post=4186"}],"curies":[{"name":"wp","href":"https:\/\/api.w.org\/{rel}","templated":true}]}}