{"id":4224,"date":"2024-01-05T23:14:58","date_gmt":"2024-01-06T02:14:58","guid":{"rendered":"https:\/\/www.sportchaco.com.ar\/?p=4224"},"modified":"2024-01-05T23:14:58","modified_gmt":"2024-01-06T02:14:58","slug":"raul-valdez-fue-presetado-en-sarmiento","status":"publish","type":"post","link":"https:\/\/www.sportchaco.com.ar\/?p=4224","title":{"rendered":"Ra\u00fal Valdez fue presetado en Sarmiento"},"content":{"rendered":"<p>En una conferencia de prensa \u00edntima, Sarmiento confirm\u00f3 a Ra\u00fal Valdez como entrenador para la temporada 2024 del torneo Federal \u00abA\u00bb de F\u00fatbol.<\/p>\n<p>El DT tendr\u00e1 su tecer ciclo a cargo del equipo de Primera y estar\u00e1 acompa\u00f1ado por Joaqu\u00edn Esp\u00edndola y Ricardo Meyer.<\/p>\n<p>El \u00abdecano\u00bb tendr\u00e1 en principio diez semanas antes del inicio del campeonato, el cual se especula arranque el 17 de marzo y el formato ser\u00eda similar al de la temporada pasada.<\/p>\n<p>Valdez deber\u00e1 armar un equipo pr\u00e1cticamente nuevo ya que varios jugadores han dejado la instituci\u00f3n incluso cuando el torneo no finalizaba.<\/p>\n<p>En las pr\u00f3ximas semanas se har\u00e1n pruebas en Sarmiento a jugadores libres y luego, con los chicos del club, se comenzar\u00e1 con los trabajos de pretemporada.<\/p>\n","protected":false},"excerpt":{"rendered":"<p>En una conferencia de prensa \u00edntima, Sarmiento confirm\u00f3 a Ra\u00fal Valdez como entrenador para la temporada 2024 del torneo Federal \u00abA\u00bb de F\u00fatbol. El DT tendr\u00e1 su tecer ciclo a cargo del equipo de Primera y estar\u00e1 acompa\u00f1ado por Joaqu\u00edn Esp\u00edndola y Ricardo Meyer. El \u00abdecano\u00bb tendr\u00e1 en principio diez semanas antes del inicio del &hellip;<\/p>\n","protected":false},"author":3,"featured_media":4225,"comment_status":"open","ping_status":"open","sticky":false,"template":"","format":"standard","meta":{"footnotes":""},"categories":[5],"tags":[],"class_list":["post-4224","post","type-post","status-publish","format-standard","has-post-thumbnail","hentry","category-futbol"],"_links":{"self":[{"href":"https:\/\/www.sportchaco.com.ar\/index.php?rest_route=\/wp\/v2\/posts\/4224","targetHints":{"allow":["GET"]}}],"collection":[{"href":"https:\/\/www.sportchaco.com.ar\/index.php?rest_route=\/wp\/v2\/posts"}],"about":[{"href":"https:\/\/www.sportchaco.com.ar\/index.php?rest_route=\/wp\/v2\/types\/post"}],"author":[{"embeddable":true,"href":"https:\/\/www.sportchaco.com.ar\/index.php?rest_route=\/wp\/v2\/users\/3"}],"replies":[{"embeddable":true,"href":"https:\/\/www.sportchaco.com.ar\/index.php?rest_route=%2Fwp%2Fv2%2Fcomments&post=4224"}],"version-history":[{"count":1,"href":"https:\/\/www.sportchaco.com.ar\/index.php?rest_route=\/wp\/v2\/posts\/4224\/revisions"}],"predecessor-version":[{"id":4226,"href":"https:\/\/www.sportchaco.com.ar\/index.php?rest_route=\/wp\/v2\/posts\/4224\/revisions\/4226"}],"wp:featuredmedia":[{"embeddable":true,"href":"https:\/\/www.sportchaco.com.ar\/index.php?rest_route=\/wp\/v2\/media\/4225"}],"wp:attachment":[{"href":"https:\/\/www.sportchaco.com.ar\/index.php?rest_route=%2Fwp%2Fv2%2Fmedia&parent=4224"}],"wp:term":[{"taxonomy":"category","embeddable":true,"href":"https:\/\/www.sportchaco.com.ar\/index.php?rest_route=%2Fwp%2Fv2%2Fcategories&post=4224"},{"taxonomy":"post_tag","embeddable":true,"href":"https:\/\/www.sportchaco.com.ar\/index.php?rest_route=%2Fwp%2Fv2%2Ftags&post=4224"}],"curies":[{"name":"wp","href":"https:\/\/api.w.org\/{rel}","templated":true}]}}