{"id":4234,"date":"2024-01-07T00:03:39","date_gmt":"2024-01-07T03:03:39","guid":{"rendered":"https:\/\/www.sportchaco.com.ar\/?p=4234"},"modified":"2024-01-07T10:34:34","modified_gmt":"2024-01-07T13:34:34","slug":"4234","status":"publish","type":"post","link":"https:\/\/www.sportchaco.com.ar\/?p=4234","title":{"rendered":"Efem\u00e9rides del 7 de enero"},"content":{"rendered":"<p><strong>Esta es la Efem\u00e9rides del Deporte en el Chaco de un 7 de enero del periodista Luis Dar\u00edo Molodezky<\/strong><\/p>\n<p><img loading=\"lazy\" decoding=\"async\" class=\"alignnone size-medium wp-image-4235\" src=\"https:\/\/www.sportchaco.com.ar\/wp-content\/uploads\/2024\/01\/Molodezky-luis-sin-anteojos-1-249x300.jpg\" alt=\"\" width=\"249\" height=\"300\" srcset=\"https:\/\/www.sportchaco.com.ar\/wp-content\/uploads\/2024\/01\/Molodezky-luis-sin-anteojos-1-249x300.jpg 249w, https:\/\/www.sportchaco.com.ar\/wp-content\/uploads\/2024\/01\/Molodezky-luis-sin-anteojos-1.jpg 417w\" sizes=\"auto, (max-width: 249px) 100vw, 249px\" \/><\/p>\n<p>&nbsp;<\/p>\n<p><strong>1960 <\/strong>\/ La Direcci\u00f3n de Arquitectura de la Provincia, entrega la posesi\u00f3n del edificio e instalaciones del Tiro Federal \u201cManuel Obligado\u201d a las autoridades del mismo encabezadas por su presidente, el doctor Jos\u00e9 Diez.<\/p>\n<p>&nbsp;<\/p>\n<p><strong>2006 <\/strong>\/ Fallece a los 78 a\u00f1os Felipe Cheri una de las grandes figuras del f\u00fatbol chaque\u00f1o, que deslumbr\u00f3 por su t\u00e9cnica, capacidad de creaci\u00f3n, en las d\u00e9cadas del 40 y 60. Se destac\u00f3 en Chaco For Ever, donde desarroll\u00f3 gran parte de su carrera y se podr\u00eda decir la mejor, porque fue campe\u00f3n en 1948-1949, 1950-1951, integrando una de las formaciones memorables compuesta por Monz\u00f3n; Piccilli y Kaufman; Bosicovich, Cheri, Contreras, Viera, Maidana, Canto, Onorio Romero y Gerardo Olivera. Lleg\u00f3 a mostrar su jerarqu\u00eda en San Lorenzo, Mandiy\u00fa de Corrientes y Talleres de C\u00f3rdoba, entre otros clubes. Ciego, Felipe Cheri pas\u00f3 sus \u00faltimos a\u00f1os internado en el asilo de Colonia Baranda.<\/p>\n<p>&nbsp;<\/p>\n<p><strong>2007 <\/strong>\/ El equipo femenino de f\u00fatbol de Chaco For Ever, en una gran demostraci\u00f3n, se consagr\u00f3 campe\u00f3n del Torneo Nacional disputado en Laboulaye, C\u00f3rdoba. El equipo gan\u00f3 cuatro partidos y perdi\u00f3 uno en la ronda inicial. For Ever se impuso a Milenium de La Pampa 3 a 1, Las Pumas de Mendoza 2 a 0 y perdieron con Belgrano de C\u00f3rdoba 2 a 0, clasificando por diferencia de goles. En la semifinal se impusieron sobre La Pampa 3 a 0 y en la final, con gran demostraci\u00f3n futbol\u00edstica, se impusieron por 4 a 1 sobre Belgrano.<\/p>\n<p><strong><em>\u00a0<\/em><\/strong><\/p>\n<p><strong><em>2020 \/ <\/em><\/strong><em>Fallece Javier P\u00e9rez Kohut, uno de los m\u00e1ximos referentes del Handball en la provincia del Chaco, y al momento de su partida era coordinador de los seleccionados chaque\u00f1os, entrenador de For Ever y Mguel Magone. A principios de <\/em>los 80 integr\u00f3 el elenco infantil de Mirbeo que participo de la Copa Interamnia en T\u00e9ramo (Italia) lo que marc\u00f3 un hito en la disciplina a nivel nacional. Fue jugador y entrenador de Mirbeo participando de Torneos provinciales, regionales y nacionales en forma permanente. Pas\u00f3 por el CEF Magno L\u00f3pez de Barranqueras, San Patricio de Coprrintes, y fue el entrenador del femenino de For Ever que se mantuvo en la \u00e9lite durante cuatro a\u00f1os. Ascendi\u00f3 con el masculino al Naciona B con el negro. En 2019 comand\u00f3 otro gran logro para el handball chaque\u00f1o logrando el ascenso de los varones de Chaco For Ever al Nacional \u201cB\u201d en San Nicol\u00e1s, plaf\u00f3n que por pandemia reci\u00e9n se jugar\u00e1 este 2022. Como entrenador de selecciones mayores logr\u00f3 el ascenso de la escuadra masculina chaque\u00f1a al m\u00e1ximo escenario del handball argentino, el Argentino de Selecciones Adultas \u201cA\u201d en 2015, defendiendo la plaza en 2019 y asegurando la categor\u00eda hasta 2023, cuando vuelva a disputarse el certamen.<\/p>\n<p>&nbsp;<\/p>\n<p><strong>Foto de Javier P\u00e9rez Kouth en un festejo.\u00a0<\/strong><\/p>\n","protected":false},"excerpt":{"rendered":"<p>Esta es la Efem\u00e9rides del Deporte en el Chaco de un 7 de enero del periodista Luis Dar\u00edo Molodezky &nbsp; 1960 \/ La Direcci\u00f3n de Arquitectura de la Provincia, entrega la posesi\u00f3n del edificio e instalaciones del Tiro Federal \u201cManuel Obligado\u201d a las autoridades del mismo encabezadas por su presidente, el doctor Jos\u00e9 Diez. &nbsp; &hellip;<\/p>\n","protected":false},"author":2,"featured_media":4236,"comment_status":"open","ping_status":"open","sticky":false,"template":"","format":"standard","meta":{"footnotes":""},"categories":[45],"tags":[],"class_list":["post-4234","post","type-post","status-publish","format-standard","has-post-thumbnail","hentry","category-efemerides-dia-por-dia"],"_links":{"self":[{"href":"https:\/\/www.sportchaco.com.ar\/index.php?rest_route=\/wp\/v2\/posts\/4234","targetHints":{"allow":["GET"]}}],"collection":[{"href":"https:\/\/www.sportchaco.com.ar\/index.php?rest_route=\/wp\/v2\/posts"}],"about":[{"href":"https:\/\/www.sportchaco.com.ar\/index.php?rest_route=\/wp\/v2\/types\/post"}],"author":[{"embeddable":true,"href":"https:\/\/www.sportchaco.com.ar\/index.php?rest_route=\/wp\/v2\/users\/2"}],"replies":[{"embeddable":true,"href":"https:\/\/www.sportchaco.com.ar\/index.php?rest_route=%2Fwp%2Fv2%2Fcomments&post=4234"}],"version-history":[{"count":2,"href":"https:\/\/www.sportchaco.com.ar\/index.php?rest_route=\/wp\/v2\/posts\/4234\/revisions"}],"predecessor-version":[{"id":4252,"href":"https:\/\/www.sportchaco.com.ar\/index.php?rest_route=\/wp\/v2\/posts\/4234\/revisions\/4252"}],"wp:featuredmedia":[{"embeddable":true,"href":"https:\/\/www.sportchaco.com.ar\/index.php?rest_route=\/wp\/v2\/media\/4236"}],"wp:attachment":[{"href":"https:\/\/www.sportchaco.com.ar\/index.php?rest_route=%2Fwp%2Fv2%2Fmedia&parent=4234"}],"wp:term":[{"taxonomy":"category","embeddable":true,"href":"https:\/\/www.sportchaco.com.ar\/index.php?rest_route=%2Fwp%2Fv2%2Fcategories&post=4234"},{"taxonomy":"post_tag","embeddable":true,"href":"https:\/\/www.sportchaco.com.ar\/index.php?rest_route=%2Fwp%2Fv2%2Ftags&post=4234"}],"curies":[{"name":"wp","href":"https:\/\/api.w.org\/{rel}","templated":true}]}}