{"id":4264,"date":"2024-01-08T10:50:46","date_gmt":"2024-01-08T13:50:46","guid":{"rendered":"https:\/\/www.sportchaco.com.ar\/?p=4264"},"modified":"2024-01-08T14:50:03","modified_gmt":"2024-01-08T17:50:03","slug":"davilo-moreno-tecnico-del-ascendido-municipal-de-mb","status":"publish","type":"post","link":"https:\/\/www.sportchaco.com.ar\/?p=4264","title":{"rendered":"Davilo Moreno, t\u00e9cnico del ascendido Municipal de MB"},"content":{"rendered":"<p><strong>DAVID MORENO, entrenador de Municipales de Margarita Bel\u00e9n que consigui\u00f3 el ascenso de primera divisi\u00f3n de la Liga Chaque\u00f1a a trav\u00e9s de la promoci\u00f3n. Exitoso entrenador ya tiene otros t\u00edtulos con equipos locales, y tambi\u00e9n trabaj\u00f3 en la regi\u00f3n, acompa\u00f1ado por el profe Rafael Juric. Charla con el periodista Luis Dar\u00edo Molodezky en Cara y Ceca del Deporte, por Radio Provincia del Chaco en la 101.5, que se puede escuchar de 12 a 13 y tambi\u00e9n por internet. <a href=\"https:\/\/youtu.be\/HxZn_2PuohI\">https:\/\/youtu.be\/HxZn_2PuohI<\/a> <\/strong><\/p>\n<p>&nbsp;<\/p>\n<p><img loading=\"lazy\" decoding=\"async\" class=\"alignnone size-medium wp-image-4266\" src=\"https:\/\/www.sportchaco.com.ar\/wp-content\/uploads\/2024\/01\/Davilo-en-MB-300x200.jpg\" alt=\"\" width=\"300\" height=\"200\" srcset=\"https:\/\/www.sportchaco.com.ar\/wp-content\/uploads\/2024\/01\/Davilo-en-MB-300x200.jpg 300w, https:\/\/www.sportchaco.com.ar\/wp-content\/uploads\/2024\/01\/Davilo-en-MB.jpg 600w\" sizes=\"auto, (max-width: 300px) 100vw, 300px\" \/><\/p>\n<p>&nbsp;<\/p>\n<p>&nbsp;<\/p>\n<p><img loading=\"lazy\" decoding=\"async\" class=\"alignnone size-full wp-image-4267\" src=\"https:\/\/www.sportchaco.com.ar\/wp-content\/uploads\/2024\/01\/Davilo-Moreno.jpg\" alt=\"\" width=\"275\" height=\"183\" \/><\/p>\n","protected":false},"excerpt":{"rendered":"<p>DAVID MORENO, entrenador de Municipales de Margarita Bel\u00e9n que consigui\u00f3 el ascenso de primera divisi\u00f3n de la Liga Chaque\u00f1a a trav\u00e9s de la promoci\u00f3n. Exitoso entrenador ya tiene otros t\u00edtulos con equipos locales, y tambi\u00e9n trabaj\u00f3 en la regi\u00f3n, acompa\u00f1ado por el profe Rafael Juric. Charla con el periodista Luis Dar\u00edo Molodezky en Cara y &hellip;<\/p>\n","protected":false},"author":2,"featured_media":4265,"comment_status":"open","ping_status":"open","sticky":false,"template":"","format":"standard","meta":{"footnotes":""},"categories":[5],"tags":[],"class_list":["post-4264","post","type-post","status-publish","format-standard","has-post-thumbnail","hentry","category-futbol"],"_links":{"self":[{"href":"https:\/\/www.sportchaco.com.ar\/index.php?rest_route=\/wp\/v2\/posts\/4264","targetHints":{"allow":["GET"]}}],"collection":[{"href":"https:\/\/www.sportchaco.com.ar\/index.php?rest_route=\/wp\/v2\/posts"}],"about":[{"href":"https:\/\/www.sportchaco.com.ar\/index.php?rest_route=\/wp\/v2\/types\/post"}],"author":[{"embeddable":true,"href":"https:\/\/www.sportchaco.com.ar\/index.php?rest_route=\/wp\/v2\/users\/2"}],"replies":[{"embeddable":true,"href":"https:\/\/www.sportchaco.com.ar\/index.php?rest_route=%2Fwp%2Fv2%2Fcomments&post=4264"}],"version-history":[{"count":2,"href":"https:\/\/www.sportchaco.com.ar\/index.php?rest_route=\/wp\/v2\/posts\/4264\/revisions"}],"predecessor-version":[{"id":4274,"href":"https:\/\/www.sportchaco.com.ar\/index.php?rest_route=\/wp\/v2\/posts\/4264\/revisions\/4274"}],"wp:featuredmedia":[{"embeddable":true,"href":"https:\/\/www.sportchaco.com.ar\/index.php?rest_route=\/wp\/v2\/media\/4265"}],"wp:attachment":[{"href":"https:\/\/www.sportchaco.com.ar\/index.php?rest_route=%2Fwp%2Fv2%2Fmedia&parent=4264"}],"wp:term":[{"taxonomy":"category","embeddable":true,"href":"https:\/\/www.sportchaco.com.ar\/index.php?rest_route=%2Fwp%2Fv2%2Fcategories&post=4264"},{"taxonomy":"post_tag","embeddable":true,"href":"https:\/\/www.sportchaco.com.ar\/index.php?rest_route=%2Fwp%2Fv2%2Ftags&post=4264"}],"curies":[{"name":"wp","href":"https:\/\/api.w.org\/{rel}","templated":true}]}}