{"id":43091,"date":"2026-08-30T19:19:16","date_gmt":"2026-08-30T22:19:16","guid":{"rendered":"https:\/\/www.sportchaco.com.ar\/?p=43091"},"modified":"2026-08-30T19:19:16","modified_gmt":"2026-08-30T22:19:16","slug":"el-municipio-de-castelli-fortalece-el-deporte-y-la-inclusion-con-una-jornada-de-voley-en-el-barrio-matadero","status":"publish","type":"post","link":"https:\/\/www.sportchaco.com.ar\/?p=43091","title":{"rendered":"El Municipio de Castelli fortalece el deporte y la inclusi\u00f3n con una jornada de v\u00f3ley en el barrio Matadero"},"content":{"rendered":"<p><strong>30-08-2026<\/strong><\/p>\n<p><img loading=\"lazy\" decoding=\"async\" class=\"aligncenter size-large wp-image-39969\" src=\"https:\/\/www.sportchaco.com.ar\/wp-content\/uploads\/2026\/06\/Banner-testimonio-RES_940X90-1-1024x98.gif\" alt=\"\" width=\"1024\" height=\"98\" srcset=\"https:\/\/www.sportchaco.com.ar\/wp-content\/uploads\/2026\/06\/Banner-testimonio-RES_940X90-1-1024x98.gif 1024w, https:\/\/www.sportchaco.com.ar\/wp-content\/uploads\/2026\/06\/Banner-testimonio-RES_940X90-1-300x29.gif 300w, https:\/\/www.sportchaco.com.ar\/wp-content\/uploads\/2026\/06\/Banner-testimonio-RES_940X90-1-768x74.gif 768w, https:\/\/www.sportchaco.com.ar\/wp-content\/uploads\/2026\/06\/Banner-testimonio-RES_940X90-1-1536x147.gif 1536w, https:\/\/www.sportchaco.com.ar\/wp-content\/uploads\/2026\/06\/Banner-testimonio-RES_940X90-1-2048x196.gif 2048w\" sizes=\"auto, (max-width: 1024px) 100vw, 1024px\" \/><\/p>\n<p>El Play\u00f3n Deportivo del barrio Matadero volvi\u00f3 a ser escenario de una jornada deportiva y familiar que reuni\u00f3 a ni\u00f1os, j\u00f3venes, profesores y familias en torno al v\u00f3ley, consolidando este espacio recuperado como un verdadero punto de encuentro para la comunidad.<\/p>\n<p>La actividad se desarroll\u00f3 en el marco del cierre del **Mes de las Infancias** y se enmarca en las distintas propuestas de contenci\u00f3n, inclusi\u00f3n y promoci\u00f3n del deporte que impulsa la Municipalidad de Juan Jos\u00e9 Castelli, a trav\u00e9s de sus \u00e1reas correspondientes, con el objetivo de generar espacios donde ni\u00f1os y adolescentes puedan desarrollarse, compartir y disfrutar de actividades saludables.<\/p>\n<p>Durante la jornada, participantes de distintas escuelas disfrutaron de una tarde de v\u00f3ley, acompa\u00f1ados por sus familias, en un ambiente de camarader\u00eda y celebraci\u00f3n. El deporte fue, una vez m\u00e1s, el punto de encuentro para fortalecer los v\u00ednculos comunitarios y transmitir valores fundamentales como el compa\u00f1erismo, el respeto, la solidaridad, el esfuerzo y el trabajo en equipo.<\/p>\n<p><strong>ESPACIO RECUPERADO<\/strong><br \/>\nLa recuperaci\u00f3n y puesta en valor de los espacios deportivos constituye una de las acciones que la gesti\u00f3n municipal del intendente **P\u00edo Sander** viene promoviendo como parte de una mirada integral sobre el desarrollo de la comunidad.<\/p>\n<p>En este sentido, el Play\u00f3n Deportivo del barrio Matadero representa mucho m\u00e1s que una infraestructura destinada a la pr\u00e1ctica deportiva. Es un espacio abierto a los vecinos, pensado para que ni\u00f1os y j\u00f3venes puedan encontrarse, practicar distintas disciplinas y contar con alternativas de recreaci\u00f3n y participaci\u00f3n.<\/p>\n<p>La utilizaci\u00f3n permanente de estos espacios permite adem\u00e1s fortalecer la presencia de las instituciones y del Estado municipal en los barrios, acompa\u00f1ando a las familias y generando propuestas que contribuyen a una mejor calidad de vida.<\/p>\n<p>Desde la Municipalidad de Juan Jos\u00e9 Castelli se sostiene la importancia de continuar recuperando, acondicionando y promoviendo el uso de los espacios p\u00fablicos destinados al deporte, entendiendo que el acceso a la actividad f\u00edsica y recreativa es un derecho y una herramienta fundamental para el crecimiento saludable.<\/p>\n<p><img loading=\"lazy\" decoding=\"async\" class=\"aligncenter size-large wp-image-43092\" src=\"https:\/\/www.sportchaco.com.ar\/wp-content\/uploads\/2026\/08\/castelli-1024x768.jpg\" alt=\"\" width=\"1024\" height=\"768\" srcset=\"https:\/\/www.sportchaco.com.ar\/wp-content\/uploads\/2026\/08\/castelli-1024x768.jpg 1024w, https:\/\/www.sportchaco.com.ar\/wp-content\/uploads\/2026\/08\/castelli-300x225.jpg 300w, https:\/\/www.sportchaco.com.ar\/wp-content\/uploads\/2026\/08\/castelli-768x576.jpg 768w, https:\/\/www.sportchaco.com.ar\/wp-content\/uploads\/2026\/08\/castelli-1536x1152.jpg 1536w, https:\/\/www.sportchaco.com.ar\/wp-content\/uploads\/2026\/08\/castelli.jpg 1600w\" sizes=\"auto, (max-width: 1024px) 100vw, 1024px\" \/><\/p>\n<p><strong>EL COMPROMISO DE LA GESTI\u00d3N<\/strong><br \/>\nLa gesti\u00f3n encabezada por el intendente **P\u00edo Sander** sostiene una mirada sobre el deporte como parte fundamental de las pol\u00edticas p\u00fablicas orientadas al desarrollo humano y comunitario.<\/p>\n<p>En ese sentido, la recuperaci\u00f3n de espacios deportivos, el acompa\u00f1amiento a las instituciones y la generaci\u00f3n de actividades para ni\u00f1os y j\u00f3venes forman parte de una agenda que busca brindar alternativas de participaci\u00f3n y contenci\u00f3n en los diferentes barrios de Juan Jos\u00e9 Castelli.<\/p>\n<p>El objetivo es que cada ni\u00f1o y cada joven pueda encontrar en el deporte un espacio de pertenencia, aprendizaje y crecimiento, acompa\u00f1ado por sus familias y por una comunidad que reconoce la importancia de construir entornos saludables y seguros.<\/p>\n<p>Desde el Municipio se destaca que invertir en deporte significa tambi\u00e9n invertir en el futuro de la comunidad, porque cada espacio recuperado y cada actividad que se desarrolla representa una oportunidad para promover valores, fortalecer v\u00ednculos y mejorar la calidad de vida.<\/p>\n<p><img loading=\"lazy\" decoding=\"async\" class=\"aligncenter size-full wp-image-39965\" src=\"https:\/\/www.sportchaco.com.ar\/wp-content\/uploads\/2026\/06\/banner-web-CHACOJUEGA26_250x250-1-1.gif\" alt=\"\" width=\"521\" height=\"521\" \/><\/p>\n","protected":false},"excerpt":{"rendered":"<p>30-08-2026 El Play\u00f3n Deportivo del barrio Matadero volvi\u00f3 a ser escenario de una jornada deportiva y familiar que reuni\u00f3 a ni\u00f1os, j\u00f3venes, profesores y familias en torno al v\u00f3ley, consolidando este espacio recuperado como un verdadero punto de encuentro para la comunidad. La actividad se desarroll\u00f3 en el marco del cierre del **Mes de las &hellip;<\/p>\n","protected":false},"author":3,"featured_media":43093,"comment_status":"open","ping_status":"open","sticky":false,"template":"","format":"standard","meta":{"footnotes":""},"categories":[44],"tags":[],"class_list":["post-43091","post","type-post","status-publish","format-standard","has-post-thumbnail","hentry","category-varios"],"_links":{"self":[{"href":"https:\/\/www.sportchaco.com.ar\/index.php?rest_route=\/wp\/v2\/posts\/43091","targetHints":{"allow":["GET"]}}],"collection":[{"href":"https:\/\/www.sportchaco.com.ar\/index.php?rest_route=\/wp\/v2\/posts"}],"about":[{"href":"https:\/\/www.sportchaco.com.ar\/index.php?rest_route=\/wp\/v2\/types\/post"}],"author":[{"embeddable":true,"href":"https:\/\/www.sportchaco.com.ar\/index.php?rest_route=\/wp\/v2\/users\/3"}],"replies":[{"embeddable":true,"href":"https:\/\/www.sportchaco.com.ar\/index.php?rest_route=%2Fwp%2Fv2%2Fcomments&post=43091"}],"version-history":[{"count":1,"href":"https:\/\/www.sportchaco.com.ar\/index.php?rest_route=\/wp\/v2\/posts\/43091\/revisions"}],"predecessor-version":[{"id":43094,"href":"https:\/\/www.sportchaco.com.ar\/index.php?rest_route=\/wp\/v2\/posts\/43091\/revisions\/43094"}],"wp:featuredmedia":[{"embeddable":true,"href":"https:\/\/www.sportchaco.com.ar\/index.php?rest_route=\/wp\/v2\/media\/43093"}],"wp:attachment":[{"href":"https:\/\/www.sportchaco.com.ar\/index.php?rest_route=%2Fwp%2Fv2%2Fmedia&parent=43091"}],"wp:term":[{"taxonomy":"category","embeddable":true,"href":"https:\/\/www.sportchaco.com.ar\/index.php?rest_route=%2Fwp%2Fv2%2Fcategories&post=43091"},{"taxonomy":"post_tag","embeddable":true,"href":"https:\/\/www.sportchaco.com.ar\/index.php?rest_route=%2Fwp%2Fv2%2Ftags&post=43091"}],"curies":[{"name":"wp","href":"https:\/\/api.w.org\/{rel}","templated":true}]}}