{"id":4311,"date":"2024-01-09T18:36:58","date_gmt":"2024-01-09T21:36:58","guid":{"rendered":"https:\/\/www.sportchaco.com.ar\/?p=4311"},"modified":"2024-01-09T18:36:58","modified_gmt":"2024-01-09T21:36:58","slug":"cambios-en-la-plantilla-de-independiente-de-santiago-del-estero","status":"publish","type":"post","link":"https:\/\/www.sportchaco.com.ar\/?p=4311","title":{"rendered":"Cambios en la plantilla de Independiente de Santiago del Estero"},"content":{"rendered":"<header>\n<h1><\/h1>\n<p>De cara a lo que resta de la temporada 2023\/24, Mart\u00edn De Zan en conjunto a su cuerpo t\u00e9cnico, decidieron que el p\u00edvot Yeison Toro no contin\u00fae en el plantel profesional. El colombiano promedi\u00f3 5.4 puntos, 4.2 rebotes y 0.5 asistencias en 10 partidos. En su lugar llega Mart\u00edn P\u00e9rez Douthat.<\/p>\n<div class=\"separator\"><\/div>\n<\/header>\n<div class=\"col-md-8\">\nEl plantel afrontar\u00e1 un cambio de fichas y puestos para esta segunda mitad de temporada. En lugar del interno antes mencionado, llega Mart\u00edn P\u00e9rez Douthat. Formado en Villa San Mart\u00edn, que tuvo pasos por clubes reconocidos como Sarmiento de Resistencia o su \u00faltimo club, Central Argentino Ol\u00edmpico de Ceres. El chaque\u00f1o es un alero de 24 a\u00f1os de edad y dos metros de altura.<\/p>\n<p>El plantel profesional contin\u00faa con los entrenamientos intensivos en el Israel Parn\u00e1s para afrontar los dos compromisos venideros en condici\u00f3n de local en esta segunda semana de enero antes de salir a la ruta. Los mismos ser\u00e1n el d\u00eda mi\u00e9rcoles 10 ante Echag\u00fce de Paran\u00e1 y el viernes 12 ante Col\u00f3n de Santa F\u00e9.<\/p>\n<p><strong>Informe y foto:<\/strong>\u00a0Prensa Independiente BBC<\/p>\n<\/div>\n","protected":false},"excerpt":{"rendered":"<p>De cara a lo que resta de la temporada 2023\/24, Mart\u00edn De Zan en conjunto a su cuerpo t\u00e9cnico, decidieron que el p\u00edvot Yeison Toro no contin\u00fae en el plantel profesional. El colombiano promedi\u00f3 5.4 puntos, 4.2 rebotes y 0.5 asistencias en 10 partidos. En su lugar llega Mart\u00edn P\u00e9rez Douthat. El plantel afrontar\u00e1 un &hellip;<\/p>\n","protected":false},"author":2,"featured_media":4312,"comment_status":"open","ping_status":"open","sticky":false,"template":"","format":"standard","meta":{"footnotes":""},"categories":[3],"tags":[],"class_list":["post-4311","post","type-post","status-publish","format-standard","has-post-thumbnail","hentry","category-basquetbol"],"_links":{"self":[{"href":"https:\/\/www.sportchaco.com.ar\/index.php?rest_route=\/wp\/v2\/posts\/4311","targetHints":{"allow":["GET"]}}],"collection":[{"href":"https:\/\/www.sportchaco.com.ar\/index.php?rest_route=\/wp\/v2\/posts"}],"about":[{"href":"https:\/\/www.sportchaco.com.ar\/index.php?rest_route=\/wp\/v2\/types\/post"}],"author":[{"embeddable":true,"href":"https:\/\/www.sportchaco.com.ar\/index.php?rest_route=\/wp\/v2\/users\/2"}],"replies":[{"embeddable":true,"href":"https:\/\/www.sportchaco.com.ar\/index.php?rest_route=%2Fwp%2Fv2%2Fcomments&post=4311"}],"version-history":[{"count":1,"href":"https:\/\/www.sportchaco.com.ar\/index.php?rest_route=\/wp\/v2\/posts\/4311\/revisions"}],"predecessor-version":[{"id":4313,"href":"https:\/\/www.sportchaco.com.ar\/index.php?rest_route=\/wp\/v2\/posts\/4311\/revisions\/4313"}],"wp:featuredmedia":[{"embeddable":true,"href":"https:\/\/www.sportchaco.com.ar\/index.php?rest_route=\/wp\/v2\/media\/4312"}],"wp:attachment":[{"href":"https:\/\/www.sportchaco.com.ar\/index.php?rest_route=%2Fwp%2Fv2%2Fmedia&parent=4311"}],"wp:term":[{"taxonomy":"category","embeddable":true,"href":"https:\/\/www.sportchaco.com.ar\/index.php?rest_route=%2Fwp%2Fv2%2Fcategories&post=4311"},{"taxonomy":"post_tag","embeddable":true,"href":"https:\/\/www.sportchaco.com.ar\/index.php?rest_route=%2Fwp%2Fv2%2Ftags&post=4311"}],"curies":[{"name":"wp","href":"https:\/\/api.w.org\/{rel}","templated":true}]}}