{"id":4315,"date":"2024-01-09T18:44:59","date_gmt":"2024-01-09T21:44:59","guid":{"rendered":"https:\/\/www.sportchaco.com.ar\/?p=4315"},"modified":"2024-01-10T12:00:25","modified_gmt":"2024-01-10T15:00:25","slug":"ramiro-diaz-cuello-otra-temporada-en-hindu-club","status":"publish","type":"post","link":"https:\/\/www.sportchaco.com.ar\/?p=4315","title":{"rendered":"Ramiro D\u00edaz Cuello, otra temporada en Hind\u00fa Club"},"content":{"rendered":"<p>RAMIRO DIAZ CUELLO anunci\u00f3 su continuidad en Hind\u00fa Club, y que conducir\u00e1 al equipo en el Federal. Se est\u00e1n estudiando las fichas, ya que solo se permiten cuatro mayores. Di\u00e1logo con Cara y Ceca del Deporte por Radio Provincia del Chaco la 101.5 con los periodistas Luis Dar\u00edo Molodezky y Facundo Maciel. <a href=\"https:\/\/youtu.be\/_ieUe9R7U2k\">https:\/\/youtu.be\/_ieUe9R7U2k<\/a><\/p>\n<p>&nbsp;<\/p>\n<p><img loading=\"lazy\" decoding=\"async\" class=\"alignnone size-medium wp-image-4317\" src=\"https:\/\/www.sportchaco.com.ar\/wp-content\/uploads\/2024\/01\/Ramiro-Diaz-Cuello-jul-23-300x200.jpeg\" alt=\"\" width=\"300\" height=\"200\" srcset=\"https:\/\/www.sportchaco.com.ar\/wp-content\/uploads\/2024\/01\/Ramiro-Diaz-Cuello-jul-23-300x200.jpeg 300w, https:\/\/www.sportchaco.com.ar\/wp-content\/uploads\/2024\/01\/Ramiro-Diaz-Cuello-jul-23-1024x683.jpeg 1024w, https:\/\/www.sportchaco.com.ar\/wp-content\/uploads\/2024\/01\/Ramiro-Diaz-Cuello-jul-23-768x512.jpeg 768w, https:\/\/www.sportchaco.com.ar\/wp-content\/uploads\/2024\/01\/Ramiro-Diaz-Cuello-jul-23-1536x1024.jpeg 1536w, https:\/\/www.sportchaco.com.ar\/wp-content\/uploads\/2024\/01\/Ramiro-Diaz-Cuello-jul-23.jpeg 1599w\" sizes=\"auto, (max-width: 300px) 100vw, 300px\" \/><\/p>\n","protected":false},"excerpt":{"rendered":"<p>RAMIRO DIAZ CUELLO anunci\u00f3 su continuidad en Hind\u00fa Club, y que conducir\u00e1 al equipo en el Federal. Se est\u00e1n estudiando las fichas, ya que solo se permiten cuatro mayores. Di\u00e1logo con Cara y Ceca del Deporte por Radio Provincia del Chaco la 101.5 con los periodistas Luis Dar\u00edo Molodezky y Facundo Maciel. https:\/\/youtu.be\/_ieUe9R7U2k &nbsp;<\/p>\n","protected":false},"author":2,"featured_media":4316,"comment_status":"open","ping_status":"open","sticky":false,"template":"","format":"standard","meta":{"footnotes":""},"categories":[3],"tags":[],"class_list":["post-4315","post","type-post","status-publish","format-standard","has-post-thumbnail","hentry","category-basquetbol"],"_links":{"self":[{"href":"https:\/\/www.sportchaco.com.ar\/index.php?rest_route=\/wp\/v2\/posts\/4315","targetHints":{"allow":["GET"]}}],"collection":[{"href":"https:\/\/www.sportchaco.com.ar\/index.php?rest_route=\/wp\/v2\/posts"}],"about":[{"href":"https:\/\/www.sportchaco.com.ar\/index.php?rest_route=\/wp\/v2\/types\/post"}],"author":[{"embeddable":true,"href":"https:\/\/www.sportchaco.com.ar\/index.php?rest_route=\/wp\/v2\/users\/2"}],"replies":[{"embeddable":true,"href":"https:\/\/www.sportchaco.com.ar\/index.php?rest_route=%2Fwp%2Fv2%2Fcomments&post=4315"}],"version-history":[{"count":2,"href":"https:\/\/www.sportchaco.com.ar\/index.php?rest_route=\/wp\/v2\/posts\/4315\/revisions"}],"predecessor-version":[{"id":4330,"href":"https:\/\/www.sportchaco.com.ar\/index.php?rest_route=\/wp\/v2\/posts\/4315\/revisions\/4330"}],"wp:featuredmedia":[{"embeddable":true,"href":"https:\/\/www.sportchaco.com.ar\/index.php?rest_route=\/wp\/v2\/media\/4316"}],"wp:attachment":[{"href":"https:\/\/www.sportchaco.com.ar\/index.php?rest_route=%2Fwp%2Fv2%2Fmedia&parent=4315"}],"wp:term":[{"taxonomy":"category","embeddable":true,"href":"https:\/\/www.sportchaco.com.ar\/index.php?rest_route=%2Fwp%2Fv2%2Fcategories&post=4315"},{"taxonomy":"post_tag","embeddable":true,"href":"https:\/\/www.sportchaco.com.ar\/index.php?rest_route=%2Fwp%2Fv2%2Ftags&post=4315"}],"curies":[{"name":"wp","href":"https:\/\/api.w.org\/{rel}","templated":true}]}}