{"id":43193,"date":"2026-09-01T09:45:48","date_gmt":"2026-09-01T12:45:48","guid":{"rendered":"https:\/\/www.sportchaco.com.ar\/?p=43193"},"modified":"2026-09-01T09:47:37","modified_gmt":"2026-09-01T12:47:37","slug":"villa-san-martin-empezo-la-pretemporada","status":"publish","type":"post","link":"https:\/\/www.sportchaco.com.ar\/?p=43193","title":{"rendered":"Villa San Mart\u00edn empez\u00f3 la pretemporada"},"content":{"rendered":"<p><strong>01-09-2026<\/strong><\/p>\n<p><img loading=\"lazy\" decoding=\"async\" class=\"aligncenter size-full wp-image-42579\" src=\"https:\/\/www.sportchaco.com.ar\/wp-content\/uploads\/2026\/08\/Banners-ago-26.gif\" alt=\"\" width=\"720\" height=\"90\" \/><\/p>\n<p>Villa San Mart\u00edn comenz\u00f3 oficialmente un nuevo ciclo de trabajo con la mirada puesta en la pr\u00f3xima temporada de la Liga Argentina de B\u00e1squet. El elenco chaque\u00f1o puso en marcha, en la jornada del lunes, su preparaci\u00f3n con un plantel que presenta una interesante combinaci\u00f3n entre continuidad, nuevas incorporaciones, experiencia y j\u00f3venes valores de la instituci\u00f3n.<\/p>\n<p>En el inicio de la pretemporada, el entrenador Eduardo \u00abChiche\u00bb Japez se mostr\u00f3 muy conforme e ilusionado con el grupo que comenz\u00f3 a conformarse y remarc\u00f3 la importancia de construir una estructura colectiva en la que cada jugador pueda asumir su rol y sentirse parte fundamental del funcionamiento del equipo.<\/p>\n<p>\u201cEstoy ilusionado porque se gest\u00f3 un grupo importante. Siento que en todas las posiciones estamos conformados por parejas y eso es bueno. Ojal\u00e1 lo podamos plasmar y que cada jugador sienta el rol que tiene que sentir y la importancia que tiene que tener\u201d, expres\u00f3 el t\u00e9cnico al analizar los primeros pasos de la nueva temporada.<\/p>\n<p>Uno de los principales objetivos ser\u00e1 lograr una distribuci\u00f3n equilibrada de los minutos y generar una competencia interna saludable. En ese sentido, el entrenador consider\u00f3 que contar con alternativas en las diferentes posiciones permitir\u00e1 sostener la intensidad y darle participaci\u00f3n a todo el plantel. \u201cLos minutos van a estar muy repartidos dentro de la estructura del equipo y eso, sinceramente, me ilusiona mucho\u201d, sostuvo.<\/p>\n<p><img loading=\"lazy\" decoding=\"async\" class=\"aligncenter size-large wp-image-43196\" src=\"https:\/\/www.sportchaco.com.ar\/wp-content\/uploads\/2026\/09\/vsm-cuerpo-tecnico-1024x682.jpg\" alt=\"\" width=\"1024\" height=\"682\" srcset=\"https:\/\/www.sportchaco.com.ar\/wp-content\/uploads\/2026\/09\/vsm-cuerpo-tecnico-1024x682.jpg 1024w, https:\/\/www.sportchaco.com.ar\/wp-content\/uploads\/2026\/09\/vsm-cuerpo-tecnico-300x200.jpg 300w, https:\/\/www.sportchaco.com.ar\/wp-content\/uploads\/2026\/09\/vsm-cuerpo-tecnico-768x512.jpg 768w, https:\/\/www.sportchaco.com.ar\/wp-content\/uploads\/2026\/09\/vsm-cuerpo-tecnico-1536x1023.jpg 1536w, https:\/\/www.sportchaco.com.ar\/wp-content\/uploads\/2026\/09\/vsm-cuerpo-tecnico.jpg 1600w\" sizes=\"auto, (max-width: 1024px) 100vw, 1024px\" \/><\/p>\n<p><strong>UNA IDENTIDAD QUE BUSCA SOSTENERSE<br \/>\n<\/strong>M\u00e1s all\u00e1 de las modificaciones que presenta el plantel, el cuerpo t\u00e9cnico pretende mantener una l\u00ednea de trabajo definida. La intenci\u00f3n ser\u00e1 construir el funcionamiento del equipo desde la defensa hacia el ataque, buscando encontrar el equilibrio necesario para afrontar tanto los partidos amistosos como posteriormente la competencia oficial.\u00a0 \u201cMi lineamiento, mi l\u00ednea va a seguir siendo la misma: de atr\u00e1s hacia adelante, con respecto a lo que es la defensa para gestar arriba. Ojal\u00e1 logremos ese equilibrio\u201d, explic\u00f3.<\/p>\n<p>Las primeras semanas estar\u00e1n destinadas principalmente a la preparaci\u00f3n f\u00edsica y a comenzar a incorporar los primeros conceptos t\u00e1cticos y alineamientos colectivos. La planificaci\u00f3n contempla una primera etapa de trabajo interno y, posteriormente, la realizaci\u00f3n de encuentros amistosos que permitan trasladar a la cancha los conceptos desarrollados durante los entrenamientos. \u201cEsta semana vamos a dejar rodar, d\u00e1ndole importancia a lo nuestro. A partir de la pr\u00f3xima semana empezaremos a trabajar para llevar adelante partidos amistosos\u201d, se\u00f1al\u00f3 el entrenador.<\/p>\n<p>La posibilidad de enfrentar a otros equipos que tambi\u00e9n ya iniciaron sus respectivas pretemporadas aparece como una alternativa importante para comenzar a medir el funcionamiento colectivo.<\/p>\n<p><strong>CONTINUIDADES QUE APORTAN IDENTIDAD<br \/>\n<\/strong>En la conformaci\u00f3n del nuevo plantel, Villa San Mart\u00edn decidi\u00f3 sostener una base de jugadores que ya conocen la instituci\u00f3n y el funcionamiento del equipo.<\/p>\n<p>Entre las renovaciones se encuentran Est\u00e9fano Simondi, Lautaro Florito, Emil P\u00e9rez Barrios y Santiago Rath, quienes tendr\u00e1n continuidad y ser\u00e1n parte de esta nueva etapa.<\/p>\n<p>La permanencia de estos jugadores permitir\u00e1 conservar parte de la estructura construida durante la temporada anterior, al mismo tiempo que las nuevas incorporaciones buscar\u00e1n aportar variantes y caracter\u00edsticas diferentes al equipo.<\/p>\n<p><strong>NUEVAS CARAS<br \/>\n<\/strong>A la base de jugadores que contin\u00faan se suman nuevas incorporaciones que ya comenzaron a formar parte del proyecto. El plantel incorpor\u00f3 a Mauro Araujo, Benjam\u00edn Marcharo y Valent\u00edn Costa, mientras que tambi\u00e9n se espera la llegada de los dos refuerzos extranjeros que terminar\u00e1n de completar la estructura definitiva.<\/p>\n<p>De acuerdo con lo se\u00f1alado por el entrenador, Avery Diggs estar\u00eda incorpor\u00e1ndose a los entrenamientos durante esta semana, mientras que Gildon Mendoza arribar\u00eda unos d\u00edas m\u00e1s tarde.<\/p>\n<p>Con la llegada de ambos extranjeros, el cuerpo t\u00e9cnico tendr\u00e1 pr\u00e1cticamente definido el grupo con el que trabajar\u00e1 durante la preparaci\u00f3n.<\/p>\n<p><strong>FABI\u00c1N GONZ\u00c1LEZ, OTRA APUESTA A LA PROYECCI\u00d3N<br \/>\n<\/strong>Dentro de la planificaci\u00f3n tambi\u00e9n ocupa un lugar destacado la presencia de Fabi\u00e1n Gonz\u00e1lez, jugador menor de nacionalidad paraguaya, sobre quien existen grandes expectativas de cara a la temporada.<\/p>\n<p>El cuerpo t\u00e9cnico considera que puede ser una pieza importante dentro de la estructura y espera que esta temporada represente un nuevo paso en su crecimiento deportivo. \u201cHay un jugador menor que sinceramente va tomando un alto vuelo y ojal\u00e1 sea una temporada para todos, para \u00e9l tambi\u00e9n. Es Fabi\u00e1n Gonz\u00e1lez, un jugador menor de nacionalidad paraguaya que va a estar con nosotros compartiendo\u201d, destac\u00f3 el entrenador.<\/p>\n<p><strong>LOS J\u00d3VENES DEL CLUB, PROTAGONISTAS DEL PROYECTO<br \/>\n<\/strong>Otro de los aspectos centrales de la nueva temporada ser\u00e1 la apuesta por los jugadores j\u00f3venes surgidos de la instituci\u00f3n. El entrenador destac\u00f3 la incorporaci\u00f3n de nuevos valores al trabajo del plantel profesional y mencion\u00f3 especialmente al hermano de Emir P\u00e9rez Barrios, Yazid P\u00e9rez Barrios, Eliseo Llano y Gael Carrasco, entre otros j\u00f3venes que tendr\u00e1n la posibilidad de comenzar a entrenarse junto a los jugadores profesionales.<\/p>\n<p>La iniciativa busca darle continuidad a una metodolog\u00eda que ya tuvo sus primeros resultados durante la temporada anterior, permitiendo que los chicos del club tengan contacto directo con el \u00e1mbito profesional. \u201cLa idea es que vayan tomando lectura de lo que es el profesionalismo\u201d, explic\u00f3 el t\u00e9cnico, quien adelant\u00f3 que otros j\u00f3venes de la instituci\u00f3n tambi\u00e9n tendr\u00e1n la posibilidad de sumarse progresivamente a los entrenamientos.<\/p>\n<p>De esta manera, Villa San Mart\u00edn no solamente piensa en el armado inmediato del equipo, sino tambi\u00e9n en el desarrollo de sus futuras generaciones.<\/p>\n<p><img loading=\"lazy\" decoding=\"async\" class=\"aligncenter size-large wp-image-43199\" src=\"https:\/\/www.sportchaco.com.ar\/wp-content\/uploads\/2026\/09\/vsm-2-1024x682.jpg\" alt=\"\" width=\"1024\" height=\"682\" srcset=\"https:\/\/www.sportchaco.com.ar\/wp-content\/uploads\/2026\/09\/vsm-2-1024x682.jpg 1024w, https:\/\/www.sportchaco.com.ar\/wp-content\/uploads\/2026\/09\/vsm-2-300x200.jpg 300w, https:\/\/www.sportchaco.com.ar\/wp-content\/uploads\/2026\/09\/vsm-2-768x512.jpg 768w, https:\/\/www.sportchaco.com.ar\/wp-content\/uploads\/2026\/09\/vsm-2-1536x1023.jpg 1536w, https:\/\/www.sportchaco.com.ar\/wp-content\/uploads\/2026\/09\/vsm-2.jpg 1600w\" sizes=\"auto, (max-width: 1024px) 100vw, 1024px\" \/><\/p>\n<p><strong>UN STAFF QUE TRABAJA DE MANERA INTEGRAL<br \/>\n<\/strong>El comienzo de la pretemporada tambi\u00e9n signific\u00f3 la puesta en marcha de un trabajo interdisciplinario que busca atender todos los aspectos vinculados al rendimiento de los jugadores.<\/p>\n<p>Durante los primeros d\u00edas se realizaron trabajos relacionados con la nutrici\u00f3n y la psicolog\u00eda, mientras que tambi\u00e9n est\u00e1n previstas las evaluaciones kin\u00e9sicas correspondientes.<\/p>\n<p>En este sentido, el cuerpo t\u00e9cnico destac\u00f3 el trabajo de Sof\u00eda Frangioli, en el \u00e1rea de nutrici\u00f3n; Romina Bogado, desde la psicolog\u00eda; y los kinesi\u00f3logos Pablo Castillo, quienes estar\u00e1n a cargo de las evaluaciones y el seguimiento correspondiente.<\/p>\n<p>Para el entrenador Japez, la participaci\u00f3n coordinada de cada integrante del staff es fundamental para acompa\u00f1ar al jugador desde diferentes \u00e1reas y optimizar su preparaci\u00f3n. \u201cMe parece que empezamos a tomar esa importancia y relevancia que tiene el trabajo en equipo, que en este caso es el staff\u201d, remarc\u00f3.<\/p>\n<p>Adem\u00e1s, puso en valor una caracter\u00edstica particular del cuerpo de trabajo que lo acompa\u00f1ar\u00e1 durante esta temporada: \u201cEs un staff netamente de Villa que me va a acompa\u00f1ar y eso tambi\u00e9n es algo importante\u201d.<\/p>\n<p><strong>LA CONTINUIDAD DEL PROYECTO<br \/>\n<\/strong>El inicio de esta nueva temporada tambi\u00e9n tiene un significado especial para el entrenador, quien continuar\u00e1 al frente del equipo luego de haber conseguido la renovaci\u00f3n de su v\u00ednculo con la instituci\u00f3n.<\/p>\n<p>El t\u00e9cnico agradeci\u00f3 especialmente la confianza de la comisi\u00f3n directiva y del presidente Ricardo Siri, destacando la importancia de poder darle continuidad al trabajo desarrollado durante la temporada anterior. \u201cEs algo muy importante que se haya logrado la renovaci\u00f3n y que la comisi\u00f3n directiva, por intermedio del presidente Ricardo Siri, me haya dado la continuidad\u201d, manifest\u00f3.<\/p>\n<p>En esa l\u00ednea, remarc\u00f3 el v\u00ednculo construido con la instituci\u00f3n y su intenci\u00f3n de seguir desarrollando el proyecto en Villa San Mart\u00edn. \u201cPara m\u00ed es algo muy importante seguir proyectando y seguir trabajando en Villa San Mart\u00edn. Me siento muy bien, muy c\u00f3modo, muy respetado en todo sentido y me parece que ese valor tiene un plus extra\u201d, afirm\u00f3.<\/p>\n<p><img loading=\"lazy\" decoding=\"async\" class=\"aligncenter size-large wp-image-43198\" src=\"https:\/\/www.sportchaco.com.ar\/wp-content\/uploads\/2026\/09\/vsm-1-1024x682.jpg\" alt=\"\" width=\"1024\" height=\"682\" srcset=\"https:\/\/www.sportchaco.com.ar\/wp-content\/uploads\/2026\/09\/vsm-1-1024x682.jpg 1024w, https:\/\/www.sportchaco.com.ar\/wp-content\/uploads\/2026\/09\/vsm-1-300x200.jpg 300w, https:\/\/www.sportchaco.com.ar\/wp-content\/uploads\/2026\/09\/vsm-1-768x512.jpg 768w, https:\/\/www.sportchaco.com.ar\/wp-content\/uploads\/2026\/09\/vsm-1-1536x1023.jpg 1536w, https:\/\/www.sportchaco.com.ar\/wp-content\/uploads\/2026\/09\/vsm-1.jpg 1600w\" sizes=\"auto, (max-width: 1024px) 100vw, 1024px\" \/><\/p>\n<p><strong>JUVENTUD, DINAMISMO Y EXPERIENCIA<br \/>\n<\/strong>Con el plantel en plena etapa de conformaci\u00f3n, el nuevo Villa San Mart\u00edn comienza a tomar forma a partir de una f\u00f3rmula que pretende combinar diferentes caracter\u00edsticas.<\/p>\n<p>La experiencia de jugadores que ya cuentan con varios a\u00f1os dentro de la Liga Argentina se complementar\u00e1 con el dinamismo de las nuevas incorporaciones y la energ\u00eda de los j\u00f3venes que buscan ganarse un lugar.<\/p>\n<p>El entrenador destac\u00f3 precisamente esta combinaci\u00f3n como uno de los principales atributos que puede tener el equipo durante la temporada. \u201cMe parece que va a haber un mix importante de juventud, de dinamismo, de jugadores con experiencia, jugadores que ya tienen unos cuantos a\u00f1os dentro de lo que es la Liga Argentina\u201d, se\u00f1al\u00f3.<\/p>\n<p>El primer d\u00eda de trabajo dej\u00f3 buenas sensaciones en el cuerpo t\u00e9cnico y en el plantel. La intenci\u00f3n ser\u00e1 aprovechar las pr\u00f3ximas semanas para consolidar la preparaci\u00f3n f\u00edsica, incorporar conceptos, definir roles y comenzar a encontrar una identidad colectiva.<\/p>\n<p>\u201cHoy empezamos el ciclo y me parece que se vivi\u00f3 en el ambiente una linda sinergia y, por supuesto, aires nuevos, aires de continuidades\u201d, manifest\u00f3 el entrenador.<\/p>\n<p>Con la base del plantel definida, nuevas incorporaciones en proceso de adaptaci\u00f3n, la llegada de los extranjeros en los pr\u00f3ximos d\u00edas y una fuerte apuesta por los j\u00f3venes de la instituci\u00f3n, Villa San Mart\u00edn ya puso en marcha su nuevo desaf\u00edo en esta temporada 26\/ 27 de la Liga Argentina de B\u00e1squet.<\/p>\n<p>Ahora comenzar\u00e1 una etapa clave: transformar la ilusi\u00f3n inicial en funcionamiento dentro de la cancha, construir el equilibrio buscado y llegar a los primeros partidos amistosos con una identidad cada vez m\u00e1s definida.<\/p>\n<p><em><strong>Fotos: Gentileza Prensa Villa San Mart\u00edn<\/strong><\/em><\/p>\n<p><img loading=\"lazy\" decoding=\"async\" class=\"aligncenter size-full wp-image-39965\" src=\"https:\/\/www.sportchaco.com.ar\/wp-content\/uploads\/2026\/06\/banner-web-CHACOJUEGA26_250x250-1-1.gif\" alt=\"\" width=\"521\" height=\"521\" \/><\/p>\n","protected":false},"excerpt":{"rendered":"<p>01-09-2026 Villa San Mart\u00edn comenz\u00f3 oficialmente un nuevo ciclo de trabajo con la mirada puesta en la pr\u00f3xima temporada de la Liga Argentina de B\u00e1squet. El elenco chaque\u00f1o puso en marcha, en la jornada del lunes, su preparaci\u00f3n con un plantel que presenta una interesante combinaci\u00f3n entre continuidad, nuevas incorporaciones, experiencia y j\u00f3venes valores de &hellip;<\/p>\n","protected":false},"author":3,"featured_media":43194,"comment_status":"open","ping_status":"open","sticky":false,"template":"","format":"standard","meta":{"footnotes":""},"categories":[3],"tags":[],"class_list":["post-43193","post","type-post","status-publish","format-standard","has-post-thumbnail","hentry","category-basquetbol"],"_links":{"self":[{"href":"https:\/\/www.sportchaco.com.ar\/index.php?rest_route=\/wp\/v2\/posts\/43193","targetHints":{"allow":["GET"]}}],"collection":[{"href":"https:\/\/www.sportchaco.com.ar\/index.php?rest_route=\/wp\/v2\/posts"}],"about":[{"href":"https:\/\/www.sportchaco.com.ar\/index.php?rest_route=\/wp\/v2\/types\/post"}],"author":[{"embeddable":true,"href":"https:\/\/www.sportchaco.com.ar\/index.php?rest_route=\/wp\/v2\/users\/3"}],"replies":[{"embeddable":true,"href":"https:\/\/www.sportchaco.com.ar\/index.php?rest_route=%2Fwp%2Fv2%2Fcomments&post=43193"}],"version-history":[{"count":3,"href":"https:\/\/www.sportchaco.com.ar\/index.php?rest_route=\/wp\/v2\/posts\/43193\/revisions"}],"predecessor-version":[{"id":43200,"href":"https:\/\/www.sportchaco.com.ar\/index.php?rest_route=\/wp\/v2\/posts\/43193\/revisions\/43200"}],"wp:featuredmedia":[{"embeddable":true,"href":"https:\/\/www.sportchaco.com.ar\/index.php?rest_route=\/wp\/v2\/media\/43194"}],"wp:attachment":[{"href":"https:\/\/www.sportchaco.com.ar\/index.php?rest_route=%2Fwp%2Fv2%2Fmedia&parent=43193"}],"wp:term":[{"taxonomy":"category","embeddable":true,"href":"https:\/\/www.sportchaco.com.ar\/index.php?rest_route=%2Fwp%2Fv2%2Fcategories&post=43193"},{"taxonomy":"post_tag","embeddable":true,"href":"https:\/\/www.sportchaco.com.ar\/index.php?rest_route=%2Fwp%2Fv2%2Ftags&post=43193"}],"curies":[{"name":"wp","href":"https:\/\/api.w.org\/{rel}","templated":true}]}}