{"id":43202,"date":"2026-09-01T11:12:01","date_gmt":"2026-09-01T14:12:01","guid":{"rendered":"https:\/\/www.sportchaco.com.ar\/?p=43202"},"modified":"2026-09-01T11:56:12","modified_gmt":"2026-09-01T14:56:12","slug":"benfica-un-lugar-acogedor-por-el-diablito-echeverri","status":"publish","type":"post","link":"https:\/\/www.sportchaco.com.ar\/?p=43202","title":{"rendered":"Benfica, un lugar acogedor por el Diablito Echeverri"},"content":{"rendered":"<header class=\"news-detail__header pt-6 px-[1.125rem] lg:px-0 space-y-4\" data-td-script-src=\"https:\/\/www.mdzol.com\/js-custom\/shared\/news-detail-min-version-1788149202.js\">\n<div class=\"flex flex-col w-full\">\n<div class=\"p-2.5 md:p-0\">\n<h5 class=\"mb-[14px] text-articleTitleMobileFanSite md:text-articleTitleFanSite font-articleTitleFanSite font-secondaryFanSite tracking-normal \" data-testid=\"article_title_h1\">River hizo un \u00faltimo intento para repatriar al Diablito Echeverri, pero jugar\u00e1 en Benfica.\u00a0 El delantero, cuyo pase es del Manchester City, fue buscado por el Millonario en este mercado, pero finalmente se ir\u00e1 a Portugal.<\/h5>\n<div class=\"w-full h-[1px] bg-newsletterFanSite\"><\/div>\n<div class=\"flex justify-between items-center md:mb-[20px] mt-[12px]\">\n<div class=\"flex items-center \">\n<div class=\"ml-2.5 text-mediumGray text-articleDateAuthorFanSite font-articleDateAuthorFanSite tracking-normal\">\n<p class=\"m-0\">\n<\/div>\n<\/div>\n<\/div>\n<\/div>\n<figure class=\"border-solid border-b border-lightGray relative \"><img loading=\"lazy\" decoding=\"async\" class=\"\" src=\"https:\/\/media.lapaginamillonaria.com\/wp-content\/uploads\/sites\/15\/2026\/09\/01100426\/Diseno-sin-titulo-2026-09-01T100400.660-1200x740.webp\" sizes=\"auto, (max-width: 865px) 100vw, 865px\" srcset=\"https:\/\/media.lapaginamillonaria.com\/wp-content\/uploads\/sites\/15\/2026\/09\/01100426\/Diseno-sin-titulo-2026-09-01T100400.660-490x275.webp 490w, https:\/\/media.lapaginamillonaria.com\/wp-content\/uploads\/sites\/15\/2026\/09\/01100426\/Diseno-sin-titulo-2026-09-01T100400.660-740x416.webp 740w, https:\/\/media.lapaginamillonaria.com\/wp-content\/uploads\/sites\/15\/2026\/09\/01100426\/Diseno-sin-titulo-2026-09-01T100400.660-1200x740.webp 1200w\" alt=\"El delantero fue buscado para este mercado.\" width=\"865\" height=\"533\" \/><figcaption class=\"mx-[10px] md:mx-0 mt-[5px] tracking-normal font-articleFigCaptionFanSite text-articleFigCaptionFanSite\"><strong class=\"pr-2\">\u00a9\u00a0Getty Images<\/strong>El delantero fue buscado para este mercado.<\/figcaption><\/figure>\n<\/div>\n<div id=\"article-body-401369\" class=\"block w-full my-[30px] px-[10px] md:px-0 overflow-hidden font-primaryFanSite text-articleBodyFanSite md:text-articleBodyDesktopFanSite \">\n<p class=\"mb-[20px] md:mb-[30px] break-word\" data-testid=\"paragraph\"><strong><a class=\"break-word font-articleLinkTextFanSite text-articleLinkTextFanSite hover:text-articleLinkTextHoverFanSite hover:bg-articleLinkTextHoverBgFanSite cursor-pointer border-solid border-b-articleLinkTextHoverFanSite\" href=\"https:\/\/lapaginamillonaria.com\/tema\/claudio-echeverri\">Claudio Echeverri<\/a><\/strong>\u00a0volvi\u00f3 a\u00a0<strong>Manchester City<\/strong>\u00a0despu\u00e9s de su pr\u00e9stamo en Girona de Espa\u00f1a y, cuando parec\u00eda que pod\u00eda ganarse un lugar con el nuevo director t\u00e9cnico Enzo Maresca, se le dio salida nuevamente. En las \u00faltimas horas se habl\u00f3 que\u00a0<strong>ten\u00eda todo pr\u00e1cticamente arreglado para continuar su carrera en Benfica<\/strong>. Sin embargo,\u00a0<strong>en River levantaron el tel\u00e9fono y aceleraron para poder repatriarlo<\/strong>, siendo otro bombazo en el\u00a0<a class=\"break-word font-articleLinkTextFanSite text-articleLinkTextFanSite hover:text-articleLinkTextHoverFanSite hover:bg-articleLinkTextHoverBgFanSite cursor-pointer border-solid border-b-articleLinkTextHoverFanSite\" href=\"https:\/\/lapaginamillonaria.com\/mercado-de-pases\">mercado de pases<\/a>, pero\u00a0<strong>no hubo arreglo<\/strong>.<\/p>\n<p class=\"mb-[20px] md:mb-[30px] break-word\" data-testid=\"paragraph\">Seg\u00fan la informaci\u00f3n del periodista Germ\u00e1n Garc\u00eda Grova,\u00a0<strong>el Millonario abri\u00f3 negociaciones para repatriar al Diablito<\/strong>\u00a0en esta ventana y en N\u00fa\u00f1ez estuvieron cabeza a cabeza con los portugueses. Se trabaj\u00f3 en un\u00a0<strong>pr\u00e9stamo por 10 meses con una chance de comprarlo<\/strong>\u00a0y avanzaron en la situaci\u00f3n porque hoy se debe definir su futuro ante el cierre del libro en Europa, adem\u00e1s de una complicaci\u00f3n con los portugueses.<\/p>\n<p class=\"mb-[20px] md:mb-[30px] break-word\" data-testid=\"paragraph\">Finalmente,\u00a0<em>C\u00e9sar Luis Merlo<\/em>\u00a0dio por confirmada la transferencia y\u00a0<strong>Claudio jugar\u00e1 en Benfica<\/strong>\u00a0<strong>a modo de cesi\u00f3n por un a\u00f1o<\/strong>. El atacante se enfrenta a un nuevo desaf\u00edo en un destino importante para poder dar el salto nuevamente y tener la continuidad que tanto viene buscando. Las Aguias tienen un largo recorrido haciendo explotar a promesas sudamericanas y se espera que pueda ser el lugar ideal para demostrar su talento.<\/p>\n<h2 class=\"mb-[20px] md:mb-[30px] break-word text-articleHeading2Mobile md:text-articleHeading2\">\u00bfC\u00f3mo fue el inter\u00e9s de River?<\/h2>\n<p class=\"mb-[20px] md:mb-[30px] break-word\" data-testid=\"paragraph\"><strong><em>La P\u00e1gina Millonaria<\/em><\/strong>\u00a0pudo averiguar que\u00a0<strong>el inter\u00e9s fue real y que el deseo de Echeverri sigue siendo volver a jugar en River<\/strong>, por lo que desde all\u00ed tambi\u00e9n parte la presi\u00f3n. Por otra parte, hay una cuesti\u00f3n importante a tener en cuenta y es que\u00a0<strong>el City le quer\u00eda poner una opci\u00f3n de compra muy alta en el pr\u00e9stamo a Benfica<\/strong>\u00a0y consideran que no era lo hablado, por lo que puso en riesgo la operaci\u00f3n.<\/p>\n<div class=\"article-shortcut-viafoura\"><\/div>\n<div class=\"max-w-[550px] block relative mx-auto mb-[20px] md:mb-[30px]\" data-testid=\"image-embed\">\n<p><img loading=\"lazy\" decoding=\"async\" class=\"h-auto\" src=\"https:\/\/media.lapaginamillonaria.com\/wp-content\/uploads\/sites\/15\/2026\/08\/01154630\/GettyImages-2287893987-1-1024x683.webp\" alt=\"Echeverri pic\u00f3 un penal contra el Inter.\" width=\"1024\" height=\"683\" \/><\/p>\n<p class=\"text-center mt-5 text-[14px] leading-[20px] font-normal\">El Diablito quiere volver a River y lo buscaron en este mercado. (Getty Images)<\/p>\n<\/div>\n<p class=\"mb-[20px] md:mb-[30px] break-word\" data-testid=\"paragraph\">M\u00e1s all\u00e1 de las intenciones claras que tienen en N\u00fa\u00f1ez para,\u00a0<strong>la prioridad del conjunto ingl\u00e9s es que pueda irse a un equipo dentro del viejo continente<\/strong>, con el objetivo de que pueda seguir desarroll\u00e1ndose en un f\u00fatbol similar.\u00a0<strong>LPM\u00a0<\/strong>tambi\u00e9n informa que\u00a0<strong>los tiempos del mercado europeo abrieron una posibilidad y en las oficinas del Monumental lo vieron viable hasta el \u00faltimo momento<\/strong>.<\/p>\n<p class=\"mb-[20px] md:mb-[30px] break-word\" data-testid=\"paragraph\"><strong>El libro de pases en el f\u00fatbol argentino finaliza ma\u00f1ana martes 2 de septiembre a las 18:00 horas<\/strong>, por lo que\u00a0<strong>el M\u00e1s Grande pis\u00f3 el acelerador para hacer un intento que finalmente no se concret\u00f3<\/strong>. Durante el \u00faltimo tiempo, el chaque\u00f1o dej\u00f3 m\u00faltiples gui\u00f1os con la Banda para dejar en claro que se muere por volver, auque sabe que est\u00e1 en una situaci\u00f3n en la que\u00a0<strong>el conjunto de Manchester prefiere que no juegue en Sudam\u00e9rica<\/strong>.<\/p>\n<div class=\"flex bg-alsoReadFanSite border-solid border border-lightGray max-w-full md:max-w-[550px] mx-auto mb-[20px] md:mb-[30px]\">\n<div class=\"w-full tracking-normal pr-[10px]\">\n<p class=\"w-full line-clamp-3 md:line-clamp-2 text-alsoReadEmbedTitleFanSite font-secondaryFanSite text-white\">Willer Ditta, el central que interesa en River antes del cierre del libro de pases: los detalles<\/p>\n<\/div>\n<\/div>\n<p class=\"break-word\" data-testid=\"paragraph\"><strong>Echeverri\u00a0<\/strong>se fue de\u00a0<strong>River\u00a0<\/strong>a finales de 2025, despu\u00e9s de ser vendido en un monto fijo de 18.498.200 millones de euros, m\u00e1s otros\u00a0<strong>\u20ac<\/strong>9.000.000\u00a0sujetos al cumplimiento de objetivos por rendimiento. Nunca pudo hacer pie en el City, se fue a pr\u00e9stamo a Bayer Leverkusen y fue nuevamente cedido al Girona, donde termin\u00f3 descendiendo a la segunda categor\u00eda. Ahora, su destino ser\u00e1\u00a0<strong>Benfica<\/strong>. Fuente P\u00e1gina Millonaria<\/p>\n<\/div>\n<\/header>\n<div class=\"gap-x-8 lg:flex-row flex flex-col\">\n<div class=\"lg:w-8\/12 empty:hidden w-full\">\n<div class=\"news-detail__news-body-wrapper flex flex-col gap-6\">\n<p><img loading=\"lazy\" decoding=\"async\" class=\"detail-gallery__figure-img img-fluid\" src=\"https:\/\/media.mdzol.com\/p\/36e633b139f0a7787f3907fd49a109cd\/adjuntos\/373\/imagenes\/001\/833\/0001833550\/760x0\/481x437:501x457\/echeverri-city.jpg\" alt=\"Echeverri tiene nuevo club luego de no ser tenido en cuenta en Manchester City.&amp;nbsp;\" width=\"1080\" height=\"1080\" crossorigin=\"anonymous\" \/><\/p>\n<p>Echeverri tiene nuevo club luego de no ser tenido en cuenta en Manchester City.<\/p>\n<\/div>\n<\/div>\n<\/div>\n","protected":false},"excerpt":{"rendered":"<p>River hizo un \u00faltimo intento para repatriar al Diablito Echeverri, pero jugar\u00e1 en Benfica.\u00a0 El delantero, cuyo pase es del Manchester City, fue buscado por el Millonario en este mercado, pero finalmente se ir\u00e1 a Portugal. \u00a9\u00a0Getty ImagesEl delantero fue buscado para este mercado. Claudio Echeverri\u00a0volvi\u00f3 a\u00a0Manchester City\u00a0despu\u00e9s de su pr\u00e9stamo en Girona de Espa\u00f1a &hellip;<\/p>\n","protected":false},"author":2,"featured_media":43203,"comment_status":"open","ping_status":"open","sticky":false,"template":"","format":"standard","meta":{"footnotes":""},"categories":[6],"tags":[],"class_list":["post-43202","post","type-post","status-publish","format-standard","has-post-thumbnail","hentry","category-internacionales"],"_links":{"self":[{"href":"https:\/\/www.sportchaco.com.ar\/index.php?rest_route=\/wp\/v2\/posts\/43202","targetHints":{"allow":["GET"]}}],"collection":[{"href":"https:\/\/www.sportchaco.com.ar\/index.php?rest_route=\/wp\/v2\/posts"}],"about":[{"href":"https:\/\/www.sportchaco.com.ar\/index.php?rest_route=\/wp\/v2\/types\/post"}],"author":[{"embeddable":true,"href":"https:\/\/www.sportchaco.com.ar\/index.php?rest_route=\/wp\/v2\/users\/2"}],"replies":[{"embeddable":true,"href":"https:\/\/www.sportchaco.com.ar\/index.php?rest_route=%2Fwp%2Fv2%2Fcomments&post=43202"}],"version-history":[{"count":2,"href":"https:\/\/www.sportchaco.com.ar\/index.php?rest_route=\/wp\/v2\/posts\/43202\/revisions"}],"predecessor-version":[{"id":43206,"href":"https:\/\/www.sportchaco.com.ar\/index.php?rest_route=\/wp\/v2\/posts\/43202\/revisions\/43206"}],"wp:featuredmedia":[{"embeddable":true,"href":"https:\/\/www.sportchaco.com.ar\/index.php?rest_route=\/wp\/v2\/media\/43203"}],"wp:attachment":[{"href":"https:\/\/www.sportchaco.com.ar\/index.php?rest_route=%2Fwp%2Fv2%2Fmedia&parent=43202"}],"wp:term":[{"taxonomy":"category","embeddable":true,"href":"https:\/\/www.sportchaco.com.ar\/index.php?rest_route=%2Fwp%2Fv2%2Fcategories&post=43202"},{"taxonomy":"post_tag","embeddable":true,"href":"https:\/\/www.sportchaco.com.ar\/index.php?rest_route=%2Fwp%2Fv2%2Ftags&post=43202"}],"curies":[{"name":"wp","href":"https:\/\/api.w.org\/{rel}","templated":true}]}}